{"id":5870,"date":"2015-03-13T16:43:11","date_gmt":"2015-03-13T19:43:11","guid":{"rendered":"http:\/\/www.clickrp.com.br\/portal\/?p=5870"},"modified":"2015-09-28T05:19:32","modified_gmt":"2015-09-28T08:19:32","slug":"joao-lucas-matheus-se-apresenta-no-rio-de-janeiro-neste-sabado","status":"publish","type":"post","link":"https:\/\/www.clickrp.com.br\/portal\/2015\/03\/joao-lucas-matheus-se-apresenta-no-rio-de-janeiro-neste-sabado\/","title":{"rendered":"JO\u00c3O LUCAS &#038; MATHEUS SE APRESENTA NO RIO DE JANEIRO NESTE S\u00c1BADO"},"content":{"rendered":"<div id=\"attachment_5871\" style=\"width: 202px\" class=\"wp-caption alignleft\"><img data-recalc-dims=\"1\" loading=\"lazy\" decoding=\"async\" aria-describedby=\"caption-attachment-5871\" data-attachment-id=\"5871\" data-permalink=\"https:\/\/www.clickrp.com.br\/portal\/2015\/03\/joao-lucas-matheus-se-apresenta-no-rio-de-janeiro-neste-sabado\/maxmail-maxpressnet-com-br-2\/\" data-orig-file=\"https:\/\/i0.wp.com\/www.clickrp.com.br\/portal\/wp-content\/uploads\/2015\/03\/maxmail.maxpressnet.com_.br-2.jpeg?fit=1200%2C1800&amp;ssl=1\" data-orig-size=\"1200,1800\" data-comments-opened=\"1\" data-image-meta=\"{&quot;aperture&quot;:&quot;2&quot;,&quot;credit&quot;:&quot;Luccas Martins&quot;,&quot;camera&quot;:&quot;Canon EOS 7D&quot;,&quot;caption&quot;:&quot;&quot;,&quot;created_timestamp&quot;:&quot;1422998882&quot;,&quot;copyright&quot;:&quot;Todos os direitos reservados&quot;,&quot;focal_length&quot;:&quot;50&quot;,&quot;iso&quot;:&quot;1250&quot;,&quot;shutter_speed&quot;:&quot;0.0125&quot;,&quot;title&quot;:&quot;&quot;,&quot;orientation&quot;:&quot;0&quot;}\" data-image-title=\"Legenda: Dupla Jo\u00e3o Lucas &amp;#038; Matheus \u00e9 destaque no evento Felicitas, no Rio de Janeiro &amp;#8211; Cr\u00e9dito: Luccas Martins\" data-image-description=\"\" data-image-caption=\"&lt;p&gt;Legenda: Dupla Jo\u00e3o Lucas &amp;#038; Matheus \u00e9 destaque no evento Felicitas, no Rio de Janeiro &amp;#8211; Cr\u00e9dito: Luccas Martins&lt;\/p&gt;\n\" data-medium-file=\"https:\/\/i0.wp.com\/www.clickrp.com.br\/portal\/wp-content\/uploads\/2015\/03\/maxmail.maxpressnet.com_.br-2.jpeg?fit=267%2C400&amp;ssl=1\" data-large-file=\"https:\/\/i0.wp.com\/www.clickrp.com.br\/portal\/wp-content\/uploads\/2015\/03\/maxmail.maxpressnet.com_.br-2.jpeg?fit=533%2C800&amp;ssl=1\" class=\" wp-image-5871\" src=\"https:\/\/i0.wp.com\/www.clickrp.com.br\/portal\/wp-content\/uploads\/2015\/03\/maxmail.maxpressnet.com_.br-2-267x400.jpeg?resize=192%2C288\" alt=\"Legenda: Dupla Jo\u00e3o Lucas &amp; Matheus \u00e9 destaque no evento Felicitas, no Rio de Janeiro - Cr\u00e9dito: Luccas Martins\" width=\"192\" height=\"288\" srcset=\"https:\/\/i0.wp.com\/www.clickrp.com.br\/portal\/wp-content\/uploads\/2015\/03\/maxmail.maxpressnet.com_.br-2.jpeg?resize=267%2C400&amp;ssl=1 267w, https:\/\/i0.wp.com\/www.clickrp.com.br\/portal\/wp-content\/uploads\/2015\/03\/maxmail.maxpressnet.com_.br-2.jpeg?resize=533%2C800&amp;ssl=1 533w, https:\/\/i0.wp.com\/www.clickrp.com.br\/portal\/wp-content\/uploads\/2015\/03\/maxmail.maxpressnet.com_.br-2.jpeg?w=1200&amp;ssl=1 1200w\" sizes=\"auto, (max-width: 192px) 100vw, 192px\" \/><p id=\"caption-attachment-5871\" class=\"wp-caption-text\">Legenda: Dupla Jo\u00e3o Lucas &amp; Matheus \u00e9 destaque no evento Felicitas, no Rio de Janeiro &#8211; Cr\u00e9dito: Luccas Martins<\/p><\/div>\n<p>Show acontece no Clube Monte L\u00edbano comandando o bloco Chora Me Liga<\/p>\n<p>No pr\u00f3ximo dia 14 de mar\u00e7o, s\u00e1bado, a dupla Jo\u00e3o Lucas &amp; Matheus viaja ao Rio de Janeiro para mais um show no Clube Monte L\u00edbano. Liderando o Bloco Chora Me Liga e acompanhados de bandas de ax\u00e9, samba, pagode e funk, os meninos de Ribeir\u00e3o Preto prepararam um repert\u00f3rio especial com seus principais sucessos, incluindo o mais novo hit, a m\u00fasica &#8220;Cupido&#8221;. A apresenta\u00e7\u00e3o neste s\u00e1bado acontece a partir das 21h e os ingressos podem ser adquiridos atrav\u00e9s do site www.ingressocerto.com<\/p>\n<p>Jo\u00e3o Lucas &amp; Matheus soma sucessos desde can\u00e7\u00f5es apaixonadas at\u00e9 as batidas animadas da m\u00fasica sertaneja. Com seis anos de estrada, os m\u00fasicos j\u00e1 se apresentaram nos principais eventos do g\u00eanero no Brasil, como a Festa do Pe\u00e3o de Barretos e o Rodeio de Jaguari\u00fana, chegando at\u00e9 \u00e0s micaretas e ao carnaval, liderando o bloco Chora Me Liga, que arrastou multid\u00f5es na orla da praia de Copacabana, no Carnaval de 2014. Entre as principais m\u00fasicas j\u00e1 lan\u00e7adas por Jo\u00e3o Lucas &amp; Matheus est\u00e3o &#8220;Tudo em mim mudou&#8221; e &#8220;Te esquecer demora&#8221;. Sua nova m\u00fasica de trabalho &#8220;Cupido&#8221; \u00e9 a grande aposta da dupla para 2015.<\/p>\n<p>Servi\u00e7o<\/p>\n<p>Jo\u00e3o Lucas &amp; Matheus faz show no Rio de Janeiro<\/p>\n<p>Quando: Dia 14 de mar\u00e7o, s\u00e1bado &#8211; a partir das 21h<\/p>\n<p>Onde: Clube Monte L\u00edbano &#8211; Av Borges de Medeiros 701 &#8211; Lagoa\/RJ<\/p>\n<p>Venda online de ingressos: http:\/\/www.ingressocerto.com\/felicitas-14-03-p76810<\/p>\n","protected":false},"excerpt":{"rendered":"<p>Show acontece no Clube Monte L\u00edbano comandando o bloco Chora Me Liga No pr\u00f3ximo dia 14 de mar\u00e7o, s\u00e1bado, a dupla Jo\u00e3o Lucas &amp; Matheus viaja ao Rio de Janeiro para mais um show no Clube Monte L\u00edbano. Liderando o Bloco Chora Me Liga e acompanhados de bandas de ax\u00e9, samba, pagode e funk, os meninos de Ribeir\u00e3o Preto prepararam um repert\u00f3rio especial com seus principais sucessos, incluindo o mais novo hit, a m\u00fasica &#8220;Cupido&#8221;. A apresenta\u00e7\u00e3o neste s\u00e1bado acontece [&hellip;]<\/p>\n","protected":false},"author":1,"featured_media":0,"comment_status":"open","ping_status":"open","sticky":false,"template":"","format":"standard","meta":{"jetpack_post_was_ever_published":false,"_jetpack_newsletter_access":"","_jetpack_dont_email_post_to_subs":false,"_jetpack_newsletter_tier_id":0,"_jetpack_memberships_contains_paywalled_content":false,"_jetpack_memberships_contains_paid_content":false,"footnotes":"","jetpack_publicize_message":"","jetpack_publicize_feature_enabled":true,"jetpack_social_post_already_shared":false,"jetpack_social_options":{"image_generator_settings":{"template":"highway","enabled":false},"version":2}},"categories":[1],"tags":[],"class_list":["post-5870","post","type-post","status-publish","format-standard","hentry","category-noticias"],"jetpack_publicize_connections":[],"jetpack_sharing_enabled":true,"jetpack_featured_media_url":"","jetpack_shortlink":"https:\/\/wp.me\/p1Lzat-1wG","jetpack-related-posts":[],"_links":{"self":[{"href":"https:\/\/www.clickrp.com.br\/portal\/wp-json\/wp\/v2\/posts\/5870","targetHints":{"allow":["GET"]}}],"collection":[{"href":"https:\/\/www.clickrp.com.br\/portal\/wp-json\/wp\/v2\/posts"}],"about":[{"href":"https:\/\/www.clickrp.com.br\/portal\/wp-json\/wp\/v2\/types\/post"}],"author":[{"embeddable":true,"href":"https:\/\/www.clickrp.com.br\/portal\/wp-json\/wp\/v2\/users\/1"}],"replies":[{"embeddable":true,"href":"https:\/\/www.clickrp.com.br\/portal\/wp-json\/wp\/v2\/comments?post=5870"}],"version-history":[{"count":1,"href":"https:\/\/www.clickrp.com.br\/portal\/wp-json\/wp\/v2\/posts\/5870\/revisions"}],"predecessor-version":[{"id":5872,"href":"https:\/\/www.clickrp.com.br\/portal\/wp-json\/wp\/v2\/posts\/5870\/revisions\/5872"}],"wp:attachment":[{"href":"https:\/\/www.clickrp.com.br\/portal\/wp-json\/wp\/v2\/media?parent=5870"}],"wp:term":[{"taxonomy":"category","embeddable":true,"href":"https:\/\/www.clickrp.com.br\/portal\/wp-json\/wp\/v2\/categories?post=5870"},{"taxonomy":"post_tag","embeddable":true,"href":"https:\/\/www.clickrp.com.br\/portal\/wp-json\/wp\/v2\/tags?post=5870"}],"curies":[{"name":"wp","href":"https:\/\/api.w.org\/{rel}","templated":true}]}}