{"id":5865,"date":"2015-03-13T14:40:27","date_gmt":"2015-03-13T17:40:27","guid":{"rendered":"http:\/\/www.clickrp.com.br\/portal\/?p=5865"},"modified":"2015-09-28T05:19:32","modified_gmt":"2015-09-28T08:19:32","slug":"inclusao-social-e-exposicao-artistica-durante-a-semana-internacional-do-tea-transtorno-espectro-autista","status":"publish","type":"post","link":"https:\/\/www.clickrp.com.br\/portal\/2015\/03\/inclusao-social-e-exposicao-artistica-durante-a-semana-internacional-do-tea-transtorno-espectro-autista\/","title":{"rendered":"INCLUS\u00c3O SOCIAL E EXPOSI\u00c7\u00c3O ART\u00cdSTICA DURANTE A SEMANA INTERNACIONAL DO TEA &#8211; TRANSTORNO ESPECTRO AUTISTA"},"content":{"rendered":"<div id=\"attachment_5866\" style=\"width: 193px\" class=\"wp-caption alignleft\"><img data-recalc-dims=\"1\" loading=\"lazy\" decoding=\"async\" aria-describedby=\"caption-attachment-5866\" data-attachment-id=\"5866\" data-permalink=\"https:\/\/www.clickrp.com.br\/portal\/2015\/03\/inclusao-social-e-exposicao-artistica-durante-a-semana-internacional-do-tea-transtorno-espectro-autista\/dsc04533\/\" data-orig-file=\"https:\/\/i0.wp.com\/www.clickrp.com.br\/portal\/wp-content\/uploads\/2015\/03\/DSC04533.jpg?fit=3264%2C4912&amp;ssl=1\" data-orig-size=\"3264,4912\" data-comments-opened=\"1\" data-image-meta=\"{&quot;aperture&quot;:&quot;4.5&quot;,&quot;credit&quot;:&quot;&quot;,&quot;camera&quot;:&quot;SLT-A57&quot;,&quot;caption&quot;:&quot;&quot;,&quot;created_timestamp&quot;:&quot;1425391904&quot;,&quot;copyright&quot;:&quot;&quot;,&quot;focal_length&quot;:&quot;30&quot;,&quot;iso&quot;:&quot;3200&quot;,&quot;shutter_speed&quot;:&quot;0.00625&quot;,&quot;title&quot;:&quot;&quot;,&quot;orientation&quot;:&quot;1&quot;}\" data-image-title=\"Legenda: Frutos de um trabalho terap\u00eautico ocupacional, exposi\u00e7\u00e3o art\u00edstica de crian\u00e7as com TEA integra a programa\u00e7\u00e3o do evento TEAbra\u00e7o\" data-image-description=\"\" data-image-caption=\"&lt;p&gt;Legenda: Frutos de um trabalho terap\u00eautico ocupacional, exposi\u00e7\u00e3o art\u00edstica de crian\u00e7as com TEA integra a programa\u00e7\u00e3o do evento TEAbra\u00e7o&lt;\/p&gt;\n\" data-medium-file=\"https:\/\/i0.wp.com\/www.clickrp.com.br\/portal\/wp-content\/uploads\/2015\/03\/DSC04533.jpg?fit=266%2C400&amp;ssl=1\" data-large-file=\"https:\/\/i0.wp.com\/www.clickrp.com.br\/portal\/wp-content\/uploads\/2015\/03\/DSC04533.jpg?fit=532%2C800&amp;ssl=1\" class=\" wp-image-5866\" src=\"https:\/\/i0.wp.com\/www.clickrp.com.br\/portal\/wp-content\/uploads\/2015\/03\/DSC04533-266x400.jpg?resize=183%2C275\" alt=\"Legenda: Frutos de um trabalho terap\u00eautico ocupacional, exposi\u00e7\u00e3o art\u00edstica de crian\u00e7as com TEA integra a programa\u00e7\u00e3o do evento TEAbra\u00e7o\" width=\"183\" height=\"275\" srcset=\"https:\/\/i0.wp.com\/www.clickrp.com.br\/portal\/wp-content\/uploads\/2015\/03\/DSC04533.jpg?resize=266%2C400&amp;ssl=1 266w, https:\/\/i0.wp.com\/www.clickrp.com.br\/portal\/wp-content\/uploads\/2015\/03\/DSC04533.jpg?resize=532%2C800&amp;ssl=1 532w, https:\/\/i0.wp.com\/www.clickrp.com.br\/portal\/wp-content\/uploads\/2015\/03\/DSC04533.jpg?w=2380&amp;ssl=1 2380w\" sizes=\"auto, (max-width: 183px) 100vw, 183px\" \/><p id=\"caption-attachment-5866\" class=\"wp-caption-text\">Legenda: Frutos de um trabalho terap\u00eautico ocupacional, exposi\u00e7\u00e3o art\u00edstica de crian\u00e7as com TEA integra a programa\u00e7\u00e3o do evento TEAbra\u00e7o<\/p><\/div>\n<p>Com o objetivo de relevar um pouco da realidade das pessoas com TEA, pinturas em guache estar\u00e3o expostas no Boulevard do Shopping Iguatemi Ribeir\u00e3o Preto<\/p>\n<p>De 17 a 22 de mar\u00e7o, mais de 40 trabalhos e pinturas feitas por crian\u00e7as e adultos diagnosticados com o Transtorno Espectro Autista (TEA) e atendidas pela Associa\u00e7\u00e3o de Amigos do Autista &#8211; AMA, ser\u00e3o expostas no Boulevard do Shopping Iguatemi Ribeir\u00e3o Preto. As obras s\u00e3o resultado de um trabalho desenvolvido pelas terapeutas ocupacionais da associa\u00e7\u00e3o e d\u00e3o um panorama da diversidade e da personalidade criativa das crian\u00e7as com TEA.<\/p>\n<p>Sob a curadoria de Helo\u00edsa Junqueira, a exposi\u00e7\u00e3o trar\u00e1 pinturas em guache e areia sob papel, feitas por pacientes de 04 a 33 anos de idade. &#8220;As pinturas revelam um pouco mais sobre a realidade das pessoas com autismo e, al\u00e9m disso, a exposi\u00e7\u00e3o vai trazer para o nosso dia a dia um pouco do sentimento dessas crian\u00e7as e adultos, dando a eles o presente de terem seus trabalhos expostos em um lugar p\u00fablico&#8221;, explica Helo\u00edsa Junqueira.<\/p>\n<p>Na programa\u00e7\u00e3o cultural da Semana Internacional do TEA, mostra de filmes e oficinas tecnol\u00f3gicas tamb\u00e9m integram a lista de atra\u00e7\u00f5es. Nos dias 18 e 19 de mar\u00e7o, a partir das 19h45, no Open Mall do centro de compras, acontecer\u00e1 a exibi\u00e7\u00e3o dos filmes Mary e Max e The Black Balloon, respectivamente. E, em paralelo a toda a programa\u00e7\u00e3o do TEAbra\u00e7o, de 17 a 22 de mar\u00e7o, acontece no Piso Superior do Shopping Iguatemi Ribeir\u00e3o Preto o Espa\u00e7o Inova\u00e7\u00e3o e Criatividade, que receber\u00e1 crian\u00e7as com autismo em oficinas l\u00fadicas e ambientes prop\u00edcios para que os pais e profissionais possam conhecer e interagir com as solu\u00e7\u00f5es digitais desenvolvidas especialmente para autistas.<\/p>\n<p>A Semana Internacional do TEA ainda promove o Workshop Internacional voltado para diversos temas relacionados ao autismo, como os m\u00e9todos de diagn\u00f3stico, tratamentos m\u00e9dicos, inclus\u00e3o escolar e interven\u00e7\u00f5es terap\u00eauticas. J\u00e1 confirmados na programa\u00e7\u00e3o, algumas das principais refer\u00eancias em autismo no mundo estar\u00e3o no workshop, como o doutor Carlos A. Gadia, que atualmente atua como diretor do Miami Children&#8217;s Hospital, na Fl\u00f3rida\/EUA.<\/p>\n","protected":false},"excerpt":{"rendered":"<p>Com o objetivo de relevar um pouco da realidade das pessoas com TEA, pinturas em guache estar\u00e3o expostas no Boulevard do Shopping Iguatemi Ribeir\u00e3o Preto De 17 a 22 de mar\u00e7o, mais de 40 trabalhos e pinturas feitas por crian\u00e7as e adultos diagnosticados com o Transtorno Espectro Autista (TEA) e atendidas pela Associa\u00e7\u00e3o de Amigos do Autista &#8211; AMA, ser\u00e3o expostas no Boulevard do Shopping Iguatemi Ribeir\u00e3o Preto. As obras s\u00e3o resultado de um trabalho desenvolvido pelas terapeutas ocupacionais da [&hellip;]<\/p>\n","protected":false},"author":1,"featured_media":0,"comment_status":"open","ping_status":"open","sticky":false,"template":"","format":"standard","meta":{"jetpack_post_was_ever_published":false,"_jetpack_newsletter_access":"","_jetpack_dont_email_post_to_subs":false,"_jetpack_newsletter_tier_id":0,"_jetpack_memberships_contains_paywalled_content":false,"_jetpack_memberships_contains_paid_content":false,"footnotes":"","jetpack_publicize_message":"","jetpack_publicize_feature_enabled":true,"jetpack_social_post_already_shared":true,"jetpack_social_options":{"image_generator_settings":{"template":"highway","enabled":false},"version":2}},"categories":[1],"tags":[],"class_list":["post-5865","post","type-post","status-publish","format-standard","hentry","category-noticias"],"jetpack_publicize_connections":[],"jetpack_sharing_enabled":true,"jetpack_featured_media_url":"","jetpack_shortlink":"https:\/\/wp.me\/p1Lzat-1wB","jetpack-related-posts":[],"_links":{"self":[{"href":"https:\/\/www.clickrp.com.br\/portal\/wp-json\/wp\/v2\/posts\/5865","targetHints":{"allow":["GET"]}}],"collection":[{"href":"https:\/\/www.clickrp.com.br\/portal\/wp-json\/wp\/v2\/posts"}],"about":[{"href":"https:\/\/www.clickrp.com.br\/portal\/wp-json\/wp\/v2\/types\/post"}],"author":[{"embeddable":true,"href":"https:\/\/www.clickrp.com.br\/portal\/wp-json\/wp\/v2\/users\/1"}],"replies":[{"embeddable":true,"href":"https:\/\/www.clickrp.com.br\/portal\/wp-json\/wp\/v2\/comments?post=5865"}],"version-history":[{"count":1,"href":"https:\/\/www.clickrp.com.br\/portal\/wp-json\/wp\/v2\/posts\/5865\/revisions"}],"predecessor-version":[{"id":5867,"href":"https:\/\/www.clickrp.com.br\/portal\/wp-json\/wp\/v2\/posts\/5865\/revisions\/5867"}],"wp:attachment":[{"href":"https:\/\/www.clickrp.com.br\/portal\/wp-json\/wp\/v2\/media?parent=5865"}],"wp:term":[{"taxonomy":"category","embeddable":true,"href":"https:\/\/www.clickrp.com.br\/portal\/wp-json\/wp\/v2\/categories?post=5865"},{"taxonomy":"post_tag","embeddable":true,"href":"https:\/\/www.clickrp.com.br\/portal\/wp-json\/wp\/v2\/tags?post=5865"}],"curies":[{"name":"wp","href":"https:\/\/api.w.org\/{rel}","templated":true}]}}