{"id":5861,"date":"2015-03-13T13:38:06","date_gmt":"2015-03-13T16:38:06","guid":{"rendered":"http:\/\/www.clickrp.com.br\/portal\/?p=5861"},"modified":"2015-09-28T05:19:32","modified_gmt":"2015-09-28T08:19:32","slug":"a-diversidade-da-moda-e-o-desfile-do-ator-dudu-azevedo-sao-os-destaques-no-segundo-dia-de-iguatemi-fashion-days","status":"publish","type":"post","link":"https:\/\/www.clickrp.com.br\/portal\/2015\/03\/a-diversidade-da-moda-e-o-desfile-do-ator-dudu-azevedo-sao-os-destaques-no-segundo-dia-de-iguatemi-fashion-days\/","title":{"rendered":"A DIVERSIDADE DA MODA E O DESFILE DO ATOR DUDU AZEVEDO S\u00c3O OS DESTAQUES NO SEGUNDO DIA DE IGUATEMI FASHION DAYS"},"content":{"rendered":"<div id=\"attachment_5862\" style=\"width: 162px\" class=\"wp-caption alignleft\"><img data-recalc-dims=\"1\" loading=\"lazy\" decoding=\"async\" aria-describedby=\"caption-attachment-5862\" data-attachment-id=\"5862\" data-permalink=\"https:\/\/www.clickrp.com.br\/portal\/2015\/03\/a-diversidade-da-moda-e-o-desfile-do-ator-dudu-azevedo-sao-os-destaques-no-segundo-dia-de-iguatemi-fashion-days\/img_5653\/\" data-orig-file=\"https:\/\/i0.wp.com\/www.clickrp.com.br\/portal\/wp-content\/uploads\/2015\/03\/IMG_5653.jpg?fit=1200%2C1800&amp;ssl=1\" data-orig-size=\"1200,1800\" data-comments-opened=\"1\" data-image-meta=\"{&quot;aperture&quot;:&quot;4.5&quot;,&quot;credit&quot;:&quot;&quot;,&quot;camera&quot;:&quot;Canon EOS 60D&quot;,&quot;caption&quot;:&quot;&quot;,&quot;created_timestamp&quot;:&quot;1426191501&quot;,&quot;copyright&quot;:&quot;&quot;,&quot;focal_length&quot;:&quot;37&quot;,&quot;iso&quot;:&quot;3200&quot;,&quot;shutter_speed&quot;:&quot;0.02&quot;,&quot;title&quot;:&quot;&quot;,&quot;orientation&quot;:&quot;1&quot;}\" data-image-title=\"Legenda: O ator Dudu Azevedo desfilou, atendeu f\u00e3s e deu entrevistas no segundo dia de Iguatemi Fashion Days &amp;#8211; Cr\u00e9dito: F\u00e1bio Benedicto e Lucas Lopes\" data-image-description=\"\" data-image-caption=\"&lt;p&gt;Legenda: O ator Dudu Azevedo desfilou, atendeu f\u00e3s e deu entrevistas no segundo dia de Iguatemi Fashion Days &amp;#8211; Cr\u00e9dito: F\u00e1bio Benedicto e Lucas Lopes&lt;\/p&gt;\n\" data-medium-file=\"https:\/\/i0.wp.com\/www.clickrp.com.br\/portal\/wp-content\/uploads\/2015\/03\/IMG_5653.jpg?fit=267%2C400&amp;ssl=1\" data-large-file=\"https:\/\/i0.wp.com\/www.clickrp.com.br\/portal\/wp-content\/uploads\/2015\/03\/IMG_5653.jpg?fit=533%2C800&amp;ssl=1\" class=\" wp-image-5862\" src=\"https:\/\/i0.wp.com\/www.clickrp.com.br\/portal\/wp-content\/uploads\/2015\/03\/IMG_5653-267x400.jpg?resize=152%2C228\" alt=\"Legenda: O ator Dudu Azevedo desfilou, atendeu f\u00e3s e deu entrevistas no segundo dia de Iguatemi Fashion Days - Cr\u00e9dito: F\u00e1bio Benedicto e Lucas Lopes\" width=\"152\" height=\"228\" srcset=\"https:\/\/i0.wp.com\/www.clickrp.com.br\/portal\/wp-content\/uploads\/2015\/03\/IMG_5653.jpg?resize=267%2C400&amp;ssl=1 267w, https:\/\/i0.wp.com\/www.clickrp.com.br\/portal\/wp-content\/uploads\/2015\/03\/IMG_5653.jpg?resize=533%2C800&amp;ssl=1 533w, https:\/\/i0.wp.com\/www.clickrp.com.br\/portal\/wp-content\/uploads\/2015\/03\/IMG_5653.jpg?w=1200&amp;ssl=1 1200w\" sizes=\"auto, (max-width: 152px) 100vw, 152px\" \/><p id=\"caption-attachment-5862\" class=\"wp-caption-text\">Legenda: O ator Dudu Azevedo desfilou, atendeu f\u00e3s e deu entrevistas no segundo dia de Iguatemi Fashion Days &#8211; Cr\u00e9dito: F\u00e1bio Benedicto e Lucas Lopes<\/p><\/div>\n<p>O evento contou com a participa\u00e7\u00e3o das lojas Marisa, P.A. Concept, UV Line, Anna K, MMartan, C&amp;A, Cinnamon, Hering Store, Riachuelo, Carmen Steffens e \u00cdntima Passion<\/p>\n<p>Neste segundo dia de Iguatemi Fashion Days, a variedade de op\u00e7\u00f5es e a diversidade na moda do mix de marcas do Shopping Iguatemi Ribeir\u00e3o Preto ficaram evidentes. Os desfiles contaram com a consultoria de Ana Cury e agitaram o Boulevard do centro de compras.<\/p>\n<p>No primeiro desfile, \u00e0s 17h, a loja Marisa trouxe para o evento cortes e cores discretas, em tons de vermelho e verde militar. Logo depois, a P.A Concept apresentou looks monocrom\u00e1ticos e composi\u00e7\u00f5es em blazers femininos sempre destacando a praticidade e o estilo casual. J\u00e1 a UV Line mostrou sua diversidade em produtos pensados para combinar moda e sa\u00fade. A marca se apresentou com pe\u00e7as infantis, femininas e masculinas e produzidas com tecidos tecnol\u00f3gicos que protegem a pele da incid\u00eancia de raios UVs. A loja Anna K assumiu as passarelas em looks variados com as principais novidades para a moda plus-size, estampas escuras e animals prints. E, encerrando o primeiro hor\u00e1rio, a loja MMartam vestiu as modelos com seus len\u00e7\u00f3is 100% algod\u00e3o em 200 fios, mostrando as tend\u00eancias outono\/inverno tamb\u00e9m para a moda casa.<\/p>\n<p>Na segunda etapa dos desfiles, a passarela recebeu a C&amp;A com sua cole\u00e7\u00e3o inspirada nas pr\u00f3ximas esta\u00e7\u00f5es, em modas feminina e masculina. J\u00e1 a Cinnamon trouxe a linha it-fashion em looks compostos com pe\u00e7as e cortes leves, proporcionando mais praticidade e conforto no visual. A Hering Store foi a terceira a participar dos desfiles com coletes jeans, cortes modernos e cores escuras. O ator Dudu Azevedo desfilou no evento, vestindo looks C&amp;A e Hering Store.<\/p>\n<div id=\"attachment_5863\" style=\"width: 268px\" class=\"wp-caption alignleft\"><img data-recalc-dims=\"1\" loading=\"lazy\" decoding=\"async\" aria-describedby=\"caption-attachment-5863\" data-attachment-id=\"5863\" data-permalink=\"https:\/\/www.clickrp.com.br\/portal\/2015\/03\/a-diversidade-da-moda-e-o-desfile-do-ator-dudu-azevedo-sao-os-destaques-no-segundo-dia-de-iguatemi-fashion-days\/img_5452\/\" data-orig-file=\"https:\/\/i0.wp.com\/www.clickrp.com.br\/portal\/wp-content\/uploads\/2015\/03\/IMG_5452.jpg?fit=1800%2C1200&amp;ssl=1\" data-orig-size=\"1800,1200\" data-comments-opened=\"1\" data-image-meta=\"{&quot;aperture&quot;:&quot;5&quot;,&quot;credit&quot;:&quot;&quot;,&quot;camera&quot;:&quot;Canon EOS 60D&quot;,&quot;caption&quot;:&quot;&quot;,&quot;created_timestamp&quot;:&quot;1426182408&quot;,&quot;copyright&quot;:&quot;&quot;,&quot;focal_length&quot;:&quot;60&quot;,&quot;iso&quot;:&quot;2500&quot;,&quot;shutter_speed&quot;:&quot;0.01&quot;,&quot;title&quot;:&quot;&quot;,&quot;orientation&quot;:&quot;1&quot;}\" data-image-title=\"Legenda: Looks monocrom\u00e1ticos, tons de azul e vermelhos bordeaux marcaram as apresenta\u00e7\u00f5es de moda no segundo dia de desfiles no Iguatemi Fashion Days &amp;#8211; Cr\u00e9dito: F\u00e1bio Benedicto e Lucas Lopes\" data-image-description=\"\" data-image-caption=\"&lt;p&gt;Legenda: Looks monocrom\u00e1ticos, tons de azul e vermelhos bordeaux marcaram as apresenta\u00e7\u00f5es de moda no segundo dia de desfiles no Iguatemi Fashion Days &amp;#8211; Cr\u00e9dito: F\u00e1bio Benedicto e Lucas Lopes&lt;\/p&gt;\n\" data-medium-file=\"https:\/\/i0.wp.com\/www.clickrp.com.br\/portal\/wp-content\/uploads\/2015\/03\/IMG_5452.jpg?fit=600%2C400&amp;ssl=1\" data-large-file=\"https:\/\/i0.wp.com\/www.clickrp.com.br\/portal\/wp-content\/uploads\/2015\/03\/IMG_5452.jpg?fit=1140%2C760&amp;ssl=1\" class=\" wp-image-5863\" src=\"https:\/\/i0.wp.com\/www.clickrp.com.br\/portal\/wp-content\/uploads\/2015\/03\/IMG_5452-600x400.jpg?resize=258%2C172\" alt=\"Legenda: Looks monocrom\u00e1ticos, tons de azul e vermelhos bordeaux marcaram as apresenta\u00e7\u00f5es de moda no segundo dia de desfiles no Iguatemi Fashion Days - Cr\u00e9dito: F\u00e1bio Benedicto e Lucas Lopes\" width=\"258\" height=\"172\" srcset=\"https:\/\/i0.wp.com\/www.clickrp.com.br\/portal\/wp-content\/uploads\/2015\/03\/IMG_5452.jpg?resize=600%2C400&amp;ssl=1 600w, https:\/\/i0.wp.com\/www.clickrp.com.br\/portal\/wp-content\/uploads\/2015\/03\/IMG_5452.jpg?resize=1140%2C760&amp;ssl=1 1140w, https:\/\/i0.wp.com\/www.clickrp.com.br\/portal\/wp-content\/uploads\/2015\/03\/IMG_5452.jpg?resize=300%2C200&amp;ssl=1 300w, https:\/\/i0.wp.com\/www.clickrp.com.br\/portal\/wp-content\/uploads\/2015\/03\/IMG_5452.jpg?w=1800&amp;ssl=1 1800w\" sizes=\"auto, (max-width: 258px) 100vw, 258px\" \/><p id=\"caption-attachment-5863\" class=\"wp-caption-text\">Legenda: Looks monocrom\u00e1ticos, tons de azul e vermelhos bordeaux marcaram as apresenta\u00e7\u00f5es de moda no segundo dia de desfiles no Iguatemi Fashion Days &#8211; Cr\u00e9dito: F\u00e1bio Benedicto e Lucas Lopes<\/p><\/div>\n<p>Para encerrar o segundo dia do evento, outras tr\u00eas marcas tamb\u00e9m fizeram suas apresenta\u00e7\u00f5es no Iguatemi Fashion Days. A Riachuelo foi a primeira e trouxe suas novas cole\u00e7\u00f5es Folk Story e Urban Sport. Com um casaco de pele branco, plumas vermelhas e animals prints, a Carmen Steffens foi o destaque da noite com seu desfile de sapatos e bolsas. A marca de lingeries, \u00cdntima Passion, entrou na passarela com uma produ\u00e7\u00e3o ousada em tons de magenta, preto e Bordeaux. O ator Dudu Azevedo entrou novamente na passarela, com pe\u00e7as da marca Riachuelo.<\/p>\n<p>Na sexta-feira os desfiles seguem com as marcas Luigi Bertolli, Track &amp; Field, M. Officer, Ophicina, Richard&#8217;s, John John, PUC, Baby Cottons, Ellus, Overend e Golfe Class. A atriz e modelo Giovanna Ewbank \u00e9 a presen\u00e7a vip confirmada para este dia.<\/p>\n<p>O Iguatemi Fashion Days \u00e9 aberto ao p\u00fablico.<\/p>\n<p>PROGRAME-SE<\/p>\n<p>3\u00aa edi\u00e7\u00e3o &#8211; Iguatemi Fashion Days<\/p>\n<p>Data e hor\u00e1rios: 13 de mar\u00e7o: \u00e0s 17h, 19h e 21h<\/p>\n<p>Local: Boulevard do Shopping Iguatemi Ribeir\u00e3o Preto<\/p>\n","protected":false},"excerpt":{"rendered":"<p>O evento contou com a participa\u00e7\u00e3o das lojas Marisa, P.A. Concept, UV Line, Anna K, MMartan, C&amp;A, Cinnamon, Hering Store, Riachuelo, Carmen Steffens e \u00cdntima Passion Neste segundo dia de Iguatemi Fashion Days, a variedade de op\u00e7\u00f5es e a diversidade na moda do mix de marcas do Shopping Iguatemi Ribeir\u00e3o Preto ficaram evidentes. Os desfiles contaram com a consultoria de Ana Cury e agitaram o Boulevard do centro de compras. No primeiro desfile, \u00e0s 17h, a loja Marisa trouxe para [&hellip;]<\/p>\n","protected":false},"author":1,"featured_media":0,"comment_status":"open","ping_status":"open","sticky":false,"template":"","format":"standard","meta":{"jetpack_post_was_ever_published":false,"_jetpack_newsletter_access":"","_jetpack_dont_email_post_to_subs":false,"_jetpack_newsletter_tier_id":0,"_jetpack_memberships_contains_paywalled_content":false,"_jetpack_memberships_contains_paid_content":false,"footnotes":"","jetpack_publicize_message":"","jetpack_publicize_feature_enabled":true,"jetpack_social_post_already_shared":true,"jetpack_social_options":{"image_generator_settings":{"template":"highway","enabled":false},"version":2}},"categories":[1],"tags":[],"class_list":["post-5861","post","type-post","status-publish","format-standard","hentry","category-noticias"],"jetpack_publicize_connections":[],"jetpack_sharing_enabled":true,"jetpack_featured_media_url":"","jetpack_shortlink":"https:\/\/wp.me\/p1Lzat-1wx","jetpack-related-posts":[],"_links":{"self":[{"href":"https:\/\/www.clickrp.com.br\/portal\/wp-json\/wp\/v2\/posts\/5861","targetHints":{"allow":["GET"]}}],"collection":[{"href":"https:\/\/www.clickrp.com.br\/portal\/wp-json\/wp\/v2\/posts"}],"about":[{"href":"https:\/\/www.clickrp.com.br\/portal\/wp-json\/wp\/v2\/types\/post"}],"author":[{"embeddable":true,"href":"https:\/\/www.clickrp.com.br\/portal\/wp-json\/wp\/v2\/users\/1"}],"replies":[{"embeddable":true,"href":"https:\/\/www.clickrp.com.br\/portal\/wp-json\/wp\/v2\/comments?post=5861"}],"version-history":[{"count":1,"href":"https:\/\/www.clickrp.com.br\/portal\/wp-json\/wp\/v2\/posts\/5861\/revisions"}],"predecessor-version":[{"id":5864,"href":"https:\/\/www.clickrp.com.br\/portal\/wp-json\/wp\/v2\/posts\/5861\/revisions\/5864"}],"wp:attachment":[{"href":"https:\/\/www.clickrp.com.br\/portal\/wp-json\/wp\/v2\/media?parent=5861"}],"wp:term":[{"taxonomy":"category","embeddable":true,"href":"https:\/\/www.clickrp.com.br\/portal\/wp-json\/wp\/v2\/categories?post=5861"},{"taxonomy":"post_tag","embeddable":true,"href":"https:\/\/www.clickrp.com.br\/portal\/wp-json\/wp\/v2\/tags?post=5861"}],"curies":[{"name":"wp","href":"https:\/\/api.w.org\/{rel}","templated":true}]}}