{"id":5815,"date":"2015-03-05T13:39:59","date_gmt":"2015-03-05T16:39:59","guid":{"rendered":"http:\/\/www.clickrp.com.br\/portal\/?p=5815"},"modified":"2015-09-28T05:19:57","modified_gmt":"2015-09-28T08:19:57","slug":"avioes-vestem-campanha-em-prol-da-difusao-de-informacoes-sobre-autismo","status":"publish","type":"post","link":"https:\/\/www.clickrp.com.br\/portal\/2015\/03\/avioes-vestem-campanha-em-prol-da-difusao-de-informacoes-sobre-autismo\/","title":{"rendered":"Avi\u00f5es &#8220;vestem&#8221; campanha em prol da difus\u00e3o de informa\u00e7\u00f5es sobre autismo"},"content":{"rendered":"<p><img data-recalc-dims=\"1\" loading=\"lazy\" decoding=\"async\" data-attachment-id=\"5816\" data-permalink=\"https:\/\/www.clickrp.com.br\/portal\/2015\/03\/avioes-vestem-campanha-em-prol-da-difusao-de-informacoes-sobre-autismo\/paz\/\" data-orig-file=\"https:\/\/i0.wp.com\/www.clickrp.com.br\/portal\/wp-content\/uploads\/2015\/03\/paz.png?fit=530%2C397&amp;ssl=1\" data-orig-size=\"530,397\" data-comments-opened=\"1\" data-image-meta=\"{&quot;aperture&quot;:&quot;0&quot;,&quot;credit&quot;:&quot;&quot;,&quot;camera&quot;:&quot;&quot;,&quot;caption&quot;:&quot;&quot;,&quot;created_timestamp&quot;:&quot;0&quot;,&quot;copyright&quot;:&quot;&quot;,&quot;focal_length&quot;:&quot;0&quot;,&quot;iso&quot;:&quot;0&quot;,&quot;shutter_speed&quot;:&quot;0&quot;,&quot;title&quot;:&quot;&quot;,&quot;orientation&quot;:&quot;0&quot;}\" data-image-title=\"paz\" data-image-description=\"\" data-image-caption=\"\" data-medium-file=\"https:\/\/i0.wp.com\/www.clickrp.com.br\/portal\/wp-content\/uploads\/2015\/03\/paz.png?fit=530%2C397&amp;ssl=1\" data-large-file=\"https:\/\/i0.wp.com\/www.clickrp.com.br\/portal\/wp-content\/uploads\/2015\/03\/paz.png?fit=530%2C397&amp;ssl=1\" class=\"alignleft  wp-image-5816\" src=\"https:\/\/i0.wp.com\/www.clickrp.com.br\/portal\/wp-content\/uploads\/2015\/03\/paz.png?resize=273%2C204\" alt=\"paz\" width=\"273\" height=\"204\" \/>Passaredo Linhas A\u00e9ras ter\u00e1 avi\u00f5es plotados com a campanha do projeto TEABra\u00e7o que promove em Ribeir\u00e3o Preto\/SP de 17 a 22 de mar\u00e7o a 1a Semana Internacional do Transtorno Espectro Autista<\/p>\n<p>Uma causa que precisa da aten\u00e7\u00e3o de profissionais ligados \u00e0 sa\u00fade e \u00e0 educa\u00e7\u00e3o e da sociedade em geral. O Transtorno do Espectro Autista &#8211; TEA &#8211; ganhar\u00e1 um importante debate em Ribeir\u00e3o Preto, interior de S\u00e3o Paulo, de 17 a 22 de mar\u00e7o com a participa\u00e7\u00e3o de grandes autoridades do assunto no pa\u00eds e no exterior, al\u00e9m de a\u00e7\u00f5es para contribuir para a percep\u00e7\u00e3o do tema pela popula\u00e7\u00e3o com a difus\u00e3o de informa\u00e7\u00f5es sobre o autismo. Uma das a\u00e7\u00f5es envolve a Passaredo Linhas A\u00e9reas que est\u00e1 apoiando a primeira edi\u00e7\u00e3o do TEAbra\u00e7o &#8211; Semana Internacional do Transtorno Espectro Autista.<\/p>\n<p>A empresa colocou &#8220;no ar&#8221; aeronaves plotadas com a comunica\u00e7\u00e3o da campanha, levando para os c\u00e9us e evidenciando o TEAbra\u00e7o em 20 cidades brasileiras onde tem opera\u00e7\u00e3o. Al\u00e9m disso, a Passaredo tamb\u00e9m est\u00e1 distribuindo folhetos explicativos sobre o assunto o evento e veiculando nos voos um spot gravado pelo cantor Juliano C\u00e9zar.<\/p>\n<p>&#8220;Este \u00e9 um apoio que reflete o compromisso da Passaredo em atuar intensamente em causas de conscientiza\u00e7\u00e3o e diagn\u00f3stico ligados \u00e0 sa\u00fade. A companhia possibilita quecolaboradores e passageiros recebam informa\u00e7\u00f5es que podem mudar a situa\u00e7\u00e3o e o posicionamento do pa\u00eds com rela\u00e7\u00e3o ao tema&#8221;, diz o presidente da empresa, Comandante Fel\u00edcio.<\/p>\n<p>O TEAbra\u00e7o acontece de 17 a 22 de mar\u00e7o, no Shopping Iguatemi de Ribeir\u00e3o Preto e contar\u00e1 com uma extensa programa\u00e7\u00e3o, que vai desde, palestras com profissionais especializados no assuntos, exposi\u00e7\u00f5es, mostra de filmes, solu\u00e7\u00f5es tecnol\u00f3gicas at\u00e9 um Workshop internacional que contar\u00e1 com convidados experientes e capacitados nos Estados Unidos.<\/p>\n<p>Mais informa\u00e7\u00f5es sobre o evento pelo site www.teabraco.com.br ou pelo telefone (16) 3514-1931.<\/p>\n","protected":false},"excerpt":{"rendered":"<p>Passaredo Linhas A\u00e9ras ter\u00e1 avi\u00f5es plotados com a campanha do projeto TEABra\u00e7o que promove em Ribeir\u00e3o Preto\/SP de 17 a 22 de mar\u00e7o a 1a Semana Internacional do Transtorno Espectro Autista Uma causa que precisa da aten\u00e7\u00e3o de profissionais ligados \u00e0 sa\u00fade e \u00e0 educa\u00e7\u00e3o e da sociedade em geral. O Transtorno do Espectro Autista &#8211; TEA &#8211; ganhar\u00e1 um importante debate em Ribeir\u00e3o Preto, interior de S\u00e3o Paulo, de 17 a 22 de mar\u00e7o com a participa\u00e7\u00e3o de grandes [&hellip;]<\/p>\n","protected":false},"author":1,"featured_media":0,"comment_status":"open","ping_status":"open","sticky":false,"template":"","format":"standard","meta":{"jetpack_post_was_ever_published":false,"_jetpack_newsletter_access":"","_jetpack_dont_email_post_to_subs":false,"_jetpack_newsletter_tier_id":0,"_jetpack_memberships_contains_paywalled_content":false,"_jetpack_memberships_contains_paid_content":false,"footnotes":"","jetpack_publicize_message":"","jetpack_publicize_feature_enabled":true,"jetpack_social_post_already_shared":false,"jetpack_social_options":{"image_generator_settings":{"template":"highway","enabled":false},"version":2}},"categories":[1],"tags":[],"class_list":["post-5815","post","type-post","status-publish","format-standard","hentry","category-noticias"],"jetpack_publicize_connections":[],"jetpack_sharing_enabled":true,"jetpack_featured_media_url":"","jetpack_shortlink":"https:\/\/wp.me\/p1Lzat-1vN","jetpack-related-posts":[],"_links":{"self":[{"href":"https:\/\/www.clickrp.com.br\/portal\/wp-json\/wp\/v2\/posts\/5815","targetHints":{"allow":["GET"]}}],"collection":[{"href":"https:\/\/www.clickrp.com.br\/portal\/wp-json\/wp\/v2\/posts"}],"about":[{"href":"https:\/\/www.clickrp.com.br\/portal\/wp-json\/wp\/v2\/types\/post"}],"author":[{"embeddable":true,"href":"https:\/\/www.clickrp.com.br\/portal\/wp-json\/wp\/v2\/users\/1"}],"replies":[{"embeddable":true,"href":"https:\/\/www.clickrp.com.br\/portal\/wp-json\/wp\/v2\/comments?post=5815"}],"version-history":[{"count":2,"href":"https:\/\/www.clickrp.com.br\/portal\/wp-json\/wp\/v2\/posts\/5815\/revisions"}],"predecessor-version":[{"id":5818,"href":"https:\/\/www.clickrp.com.br\/portal\/wp-json\/wp\/v2\/posts\/5815\/revisions\/5818"}],"wp:attachment":[{"href":"https:\/\/www.clickrp.com.br\/portal\/wp-json\/wp\/v2\/media?parent=5815"}],"wp:term":[{"taxonomy":"category","embeddable":true,"href":"https:\/\/www.clickrp.com.br\/portal\/wp-json\/wp\/v2\/categories?post=5815"},{"taxonomy":"post_tag","embeddable":true,"href":"https:\/\/www.clickrp.com.br\/portal\/wp-json\/wp\/v2\/tags?post=5815"}],"curies":[{"name":"wp","href":"https:\/\/api.w.org\/{rel}","templated":true}]}}