{"id":5808,"date":"2015-03-04T13:34:21","date_gmt":"2015-03-04T16:34:21","guid":{"rendered":"http:\/\/www.clickrp.com.br\/portal\/?p=5808"},"modified":"2015-09-28T05:19:57","modified_gmt":"2015-09-28T08:19:57","slug":"principais-tendencias-de-moda-estarao-no-iguatemi-fashion-days","status":"publish","type":"post","link":"https:\/\/www.clickrp.com.br\/portal\/2015\/03\/principais-tendencias-de-moda-estarao-no-iguatemi-fashion-days\/","title":{"rendered":"PRINCIPAIS TEND\u00caNCIAS DE MODA ESTAR\u00c3O NO IGUATEMI FASHION DAYS"},"content":{"rendered":"<div id=\"attachment_5809\" style=\"width: 316px\" class=\"wp-caption alignleft\"><img data-recalc-dims=\"1\" loading=\"lazy\" decoding=\"async\" aria-describedby=\"caption-attachment-5809\" data-attachment-id=\"5809\" data-permalink=\"https:\/\/www.clickrp.com.br\/portal\/2015\/03\/principais-tendencias-de-moda-estarao-no-iguatemi-fashion-days\/ifd\/\" data-orig-file=\"https:\/\/i0.wp.com\/www.clickrp.com.br\/portal\/wp-content\/uploads\/2015\/03\/ifd.jpg?fit=2000%2C1256&amp;ssl=1\" data-orig-size=\"2000,1256\" data-comments-opened=\"1\" data-image-meta=\"{&quot;aperture&quot;:&quot;4&quot;,&quot;credit&quot;:&quot;&quot;,&quot;camera&quot;:&quot;NIKON D4&quot;,&quot;caption&quot;:&quot;&quot;,&quot;created_timestamp&quot;:&quot;1412200330&quot;,&quot;copyright&quot;:&quot;&quot;,&quot;focal_length&quot;:&quot;200&quot;,&quot;iso&quot;:&quot;2000&quot;,&quot;shutter_speed&quot;:&quot;0.008&quot;,&quot;title&quot;:&quot;&quot;,&quot;orientation&quot;:&quot;0&quot;}\" data-image-title=\"Legenda: Iguatemi Fashion Days trar\u00e1 para Ribeir\u00e3o Preto as principais tend\u00eancias da moda outono\/inverno &amp;#8211; Cr\u00e9dito: Francisco Cepeda\" data-image-description=\"\" data-image-caption=\"&lt;p&gt;Legenda: Iguatemi Fashion Days trar\u00e1 para Ribeir\u00e3o Preto as principais tend\u00eancias da moda outono\/inverno &amp;#8211; Cr\u00e9dito: Francisco Cepeda&lt;\/p&gt;\n\" data-medium-file=\"https:\/\/i0.wp.com\/www.clickrp.com.br\/portal\/wp-content\/uploads\/2015\/03\/ifd.jpg?fit=637%2C400&amp;ssl=1\" data-large-file=\"https:\/\/i0.wp.com\/www.clickrp.com.br\/portal\/wp-content\/uploads\/2015\/03\/ifd.jpg?fit=1140%2C716&amp;ssl=1\" class=\" wp-image-5809\" src=\"https:\/\/i0.wp.com\/www.clickrp.com.br\/portal\/wp-content\/uploads\/2015\/03\/ifd-637x400.jpg?resize=306%2C192\" alt=\"Legenda: Iguatemi Fashion Days trar\u00e1 para Ribeir\u00e3o Preto as principais tend\u00eancias da moda outono\/inverno - Cr\u00e9dito: Francisco Cepeda\" width=\"306\" height=\"192\" srcset=\"https:\/\/i0.wp.com\/www.clickrp.com.br\/portal\/wp-content\/uploads\/2015\/03\/ifd.jpg?resize=637%2C400&amp;ssl=1 637w, https:\/\/i0.wp.com\/www.clickrp.com.br\/portal\/wp-content\/uploads\/2015\/03\/ifd.jpg?resize=1140%2C716&amp;ssl=1 1140w, https:\/\/i0.wp.com\/www.clickrp.com.br\/portal\/wp-content\/uploads\/2015\/03\/ifd.jpg?w=2000&amp;ssl=1 2000w\" sizes=\"auto, (max-width: 306px) 100vw, 306px\" \/><p id=\"caption-attachment-5809\" class=\"wp-caption-text\">Legenda: Iguatemi Fashion Days trar\u00e1 para Ribeir\u00e3o Preto as principais tend\u00eancias da moda outono\/inverno &#8211; Cr\u00e9dito: Francisco Cepeda<\/p><\/div>\n<p>Evento acontece nos dias 11, 12 e 13 de mar\u00e7o com a participa\u00e7\u00e3o de grandes marcas. Os atores Kayky Britto, Dudu Azevedo e Giovanna Ewbank s\u00e3o os convidados especiais do desfile<\/p>\n<p>O Shopping Iguatemi Ribeir\u00e3o Preto promove nos pr\u00f3ximos dias 11, 12 e 13 de mar\u00e7o a terceira edi\u00e7\u00e3o do Iguatemi Fashion Days reunindo as propostas e tend\u00eancias de mais de 40 marcas integrantes do mix do centro de compras. O boulevard ser\u00e1 transformado em uma verdadeira passarela com desfiles \u00e0s 17h, 19h e 21h, nos tr\u00eas dias de evento, que trar\u00e3o as principais novidades nos segmentos de moda feminina, masculina, praia, fitness e acess\u00f3rios.<\/p>\n<p>Os desfiles do Iguatemi Fashion Days ser\u00e3o organizados pela consultora de imagem especializada em eventos conceituais de comportamento e moda, Ana Cury.<\/p>\n<p>Na quarta-feira, dia 11, primeiro dia do evento, as marcas Richards, VR, Topshop\/Topman, Pop Up Store, Animale, Reserva e Coach inauguram a sequ\u00eancia de apresenta\u00e7\u00f5es de moda. J\u00e1 na quinta-feira, dia 12, a variedade do mix de lojas do Iguatemi Ribeir\u00e3o \u00e9 destacada com as participa\u00e7\u00f5es de Marisa, P.A. Concept, UV Line, Anna K, MMartan, C&amp;A, Cinnamon, Hering Store, Chica Brasil, Riachuelo, Carmen Steffens e Intima Passion. E, na sexta, dia 13, os desfiles trazem as lojas Luigi Bertolli, Track &amp; Field, M. Officer, Ophicina, Richard&#8217;s, John John, PUC, Baby Cottons, Ellus, Overend e Golfe Class.<\/p>\n<p>Durante os desfiles, o DJ Diego Falleiros comanda a pick-up com sets dos principais sucessos do Indie Pop e da Lounge Music.<\/p>\n<p>&#8220;O Iguatemi Fashion Days j\u00e1 faz parte do calend\u00e1rio anual de eventos. Trazendo para a cidade uma experi\u00eancia \u00fanica e as principais novidades do mundo fashion, o desfile j\u00e1 se configura como um importante incentivador de um de nossos principais pilares: a Moda. Buscamos trazer, para essa terceira edi\u00e7\u00e3o, ainda mais surpresas para marcar o come\u00e7o das pr\u00f3ximas esta\u00e7\u00f5es&#8221;, explica Felipe Barbosa, Gerente de Marketing do Shopping Iguatemi Ribeir\u00e3o Preto.<\/p>\n<p>Convidados especiais<\/p>\n<div id=\"attachment_5810\" style=\"width: 540px\" class=\"wp-caption aligncenter\"><img data-recalc-dims=\"1\" loading=\"lazy\" decoding=\"async\" aria-describedby=\"caption-attachment-5810\" data-attachment-id=\"5810\" data-permalink=\"https:\/\/www.clickrp.com.br\/portal\/2015\/03\/principais-tendencias-de-moda-estarao-no-iguatemi-fashion-days\/iguatemi-fd\/\" data-orig-file=\"https:\/\/i0.wp.com\/www.clickrp.com.br\/portal\/wp-content\/uploads\/2015\/03\/iguatemi-fd.png?fit=530%2C232&amp;ssl=1\" data-orig-size=\"530,232\" data-comments-opened=\"1\" data-image-meta=\"{&quot;aperture&quot;:&quot;0&quot;,&quot;credit&quot;:&quot;&quot;,&quot;camera&quot;:&quot;&quot;,&quot;caption&quot;:&quot;&quot;,&quot;created_timestamp&quot;:&quot;0&quot;,&quot;copyright&quot;:&quot;&quot;,&quot;focal_length&quot;:&quot;0&quot;,&quot;iso&quot;:&quot;0&quot;,&quot;shutter_speed&quot;:&quot;0&quot;,&quot;title&quot;:&quot;&quot;,&quot;orientation&quot;:&quot;0&quot;}\" data-image-title=\"Legenda: Kayky Brito, Dudu Azevedo e Giovanna Ewbank s\u00e3o as atra\u00e7\u00f5es confirmadas na terceira edi\u00e7\u00e3o do Iguatemi Fashion Days &amp;#8211; Divulga\u00e7\u00e3o\" data-image-description=\"\" data-image-caption=\"&lt;p&gt;Legenda: Kayky Brito, Dudu Azevedo e Giovanna Ewbank s\u00e3o as atra\u00e7\u00f5es confirmadas na terceira edi\u00e7\u00e3o do Iguatemi Fashion Days &amp;#8211; Divulga\u00e7\u00e3o&lt;\/p&gt;\n\" data-medium-file=\"https:\/\/i0.wp.com\/www.clickrp.com.br\/portal\/wp-content\/uploads\/2015\/03\/iguatemi-fd.png?fit=530%2C232&amp;ssl=1\" data-large-file=\"https:\/\/i0.wp.com\/www.clickrp.com.br\/portal\/wp-content\/uploads\/2015\/03\/iguatemi-fd.png?fit=530%2C232&amp;ssl=1\" class=\"wp-image-5810 size-full\" src=\"https:\/\/i0.wp.com\/www.clickrp.com.br\/portal\/wp-content\/uploads\/2015\/03\/iguatemi-fd.png?resize=530%2C232\" alt=\"Legenda: Kayky Brito, Dudu Azevedo e Giovanna Ewbank s\u00e3o as atra\u00e7\u00f5es confirmadas na terceira edi\u00e7\u00e3o do Iguatemi Fashion Days - Divulga\u00e7\u00e3o\" width=\"530\" height=\"232\" \/><p id=\"caption-attachment-5810\" class=\"wp-caption-text\">Legenda: Kayky Brito, Dudu Azevedo e Giovanna Ewbank s\u00e3o as atra\u00e7\u00f5es confirmadas na terceira edi\u00e7\u00e3o do Iguatemi Fashion Days &#8211; Divulga\u00e7\u00e3o<\/p><\/div>\n<p>Integrando a programa\u00e7\u00e3o do Iguatemi Fashion Days, a presen\u00e7a de convidados especiais tamb\u00e9m promete movimentar o Shopping Iguatemi Ribeir\u00e3o Preto.<\/p>\n<p>O ator Kayky Brito, que atualmente vive a personagem Israel, da novela Alto Astral, transmitida pela Rede Globo, \u00e9 o primeiro a participar do evento, no dia 11 de mar\u00e7o. J\u00e1 o m\u00fasico e ator, Dudu Azevedo, que interpretar\u00e1 a personagem &#8220;Bento&#8221; na pr\u00f3xima novela das 21h, Babil\u00f4nia, tamb\u00e9m Rede Globo, integra a equipe de modelos no dia 12 de mar\u00e7o. E, encerrando a sequ\u00eancia de apresenta\u00e7\u00f5es, a atriz e modelo Giovanna Ewbank \u00e9 a convidada para os desfiles do dia 13.<\/p>\n<p>Moda online<\/p>\n<p>Para saber mais sobre as principais tend\u00eancias do outono\/inverno 2015, os interessados ainda poder\u00e3o acessar os perfis do Shopping Iguatemi Ribeir\u00e3o nas redes sociais Facebook e Instagram, no endere\u00e7o @iguatemiribeiraopreto ou pesquisar atrav\u00e9s da hashtag #IguatemiFashionDays .<\/p>\n","protected":false},"excerpt":{"rendered":"<p>Evento acontece nos dias 11, 12 e 13 de mar\u00e7o com a participa\u00e7\u00e3o de grandes marcas. Os atores Kayky Britto, Dudu Azevedo e Giovanna Ewbank s\u00e3o os convidados especiais do desfile O Shopping Iguatemi Ribeir\u00e3o Preto promove nos pr\u00f3ximos dias 11, 12 e 13 de mar\u00e7o a terceira edi\u00e7\u00e3o do Iguatemi Fashion Days reunindo as propostas e tend\u00eancias de mais de 40 marcas integrantes do mix do centro de compras. O boulevard ser\u00e1 transformado em uma verdadeira passarela com desfiles [&hellip;]<\/p>\n","protected":false},"author":1,"featured_media":0,"comment_status":"open","ping_status":"open","sticky":false,"template":"","format":"standard","meta":{"jetpack_post_was_ever_published":false,"_jetpack_newsletter_access":"","_jetpack_dont_email_post_to_subs":false,"_jetpack_newsletter_tier_id":0,"_jetpack_memberships_contains_paywalled_content":false,"_jetpack_memberships_contains_paid_content":false,"footnotes":"","jetpack_publicize_message":"","jetpack_publicize_feature_enabled":true,"jetpack_social_post_already_shared":true,"jetpack_social_options":{"image_generator_settings":{"template":"highway","enabled":false},"version":2}},"categories":[1],"tags":[],"class_list":["post-5808","post","type-post","status-publish","format-standard","hentry","category-noticias"],"jetpack_publicize_connections":[],"jetpack_sharing_enabled":true,"jetpack_featured_media_url":"","jetpack_shortlink":"https:\/\/wp.me\/p1Lzat-1vG","jetpack-related-posts":[],"_links":{"self":[{"href":"https:\/\/www.clickrp.com.br\/portal\/wp-json\/wp\/v2\/posts\/5808","targetHints":{"allow":["GET"]}}],"collection":[{"href":"https:\/\/www.clickrp.com.br\/portal\/wp-json\/wp\/v2\/posts"}],"about":[{"href":"https:\/\/www.clickrp.com.br\/portal\/wp-json\/wp\/v2\/types\/post"}],"author":[{"embeddable":true,"href":"https:\/\/www.clickrp.com.br\/portal\/wp-json\/wp\/v2\/users\/1"}],"replies":[{"embeddable":true,"href":"https:\/\/www.clickrp.com.br\/portal\/wp-json\/wp\/v2\/comments?post=5808"}],"version-history":[{"count":1,"href":"https:\/\/www.clickrp.com.br\/portal\/wp-json\/wp\/v2\/posts\/5808\/revisions"}],"predecessor-version":[{"id":5811,"href":"https:\/\/www.clickrp.com.br\/portal\/wp-json\/wp\/v2\/posts\/5808\/revisions\/5811"}],"wp:attachment":[{"href":"https:\/\/www.clickrp.com.br\/portal\/wp-json\/wp\/v2\/media?parent=5808"}],"wp:term":[{"taxonomy":"category","embeddable":true,"href":"https:\/\/www.clickrp.com.br\/portal\/wp-json\/wp\/v2\/categories?post=5808"},{"taxonomy":"post_tag","embeddable":true,"href":"https:\/\/www.clickrp.com.br\/portal\/wp-json\/wp\/v2\/tags?post=5808"}],"curies":[{"name":"wp","href":"https:\/\/api.w.org\/{rel}","templated":true}]}}