{"id":5782,"date":"2015-02-27T13:17:14","date_gmt":"2015-02-27T16:17:14","guid":{"rendered":"http:\/\/www.clickrp.com.br\/portal\/?p=5782"},"modified":"2015-09-28T05:19:57","modified_gmt":"2015-09-28T08:19:57","slug":"joao-lucas-matheus-e-destaque-na-noite-sertaneja-em-sao-joaquim-da-barra","status":"publish","type":"post","link":"https:\/\/www.clickrp.com.br\/portal\/2015\/02\/joao-lucas-matheus-e-destaque-na-noite-sertaneja-em-sao-joaquim-da-barra\/","title":{"rendered":"JO\u00c3O LUCAS &#038; MATHEUS \u00c9 DESTAQUE NA NOITE SERTANEJA EM S\u00c3O JOAQUIM DA BARRA"},"content":{"rendered":"<div id=\"attachment_5783\" style=\"width: 198px\" class=\"wp-caption alignleft\"><img data-recalc-dims=\"1\" loading=\"lazy\" decoding=\"async\" aria-describedby=\"caption-attachment-5783\" data-attachment-id=\"5783\" data-permalink=\"https:\/\/www.clickrp.com.br\/portal\/2015\/02\/joao-lucas-matheus-e-destaque-na-noite-sertaneja-em-sao-joaquim-da-barra\/jlem\/\" data-orig-file=\"https:\/\/i0.wp.com\/www.clickrp.com.br\/portal\/wp-content\/uploads\/2015\/03\/jlem.png?fit=530%2C795&amp;ssl=1\" data-orig-size=\"530,795\" data-comments-opened=\"1\" data-image-meta=\"{&quot;aperture&quot;:&quot;0&quot;,&quot;credit&quot;:&quot;&quot;,&quot;camera&quot;:&quot;&quot;,&quot;caption&quot;:&quot;&quot;,&quot;created_timestamp&quot;:&quot;0&quot;,&quot;copyright&quot;:&quot;&quot;,&quot;focal_length&quot;:&quot;0&quot;,&quot;iso&quot;:&quot;0&quot;,&quot;shutter_speed&quot;:&quot;0&quot;,&quot;title&quot;:&quot;&quot;,&quot;orientation&quot;:&quot;0&quot;}\" data-image-title=\"Legenda: Dupla Jo\u00e3o Lucas &amp;#038; Matheus \u00e9 a atra\u00e7\u00e3o confirmada na Noite Sertaneja em S\u00e3o Joaquim da Barra &amp;#8211; Cr\u00e9dito: Luccas Martins\" data-image-description=\"\" data-image-caption=\"&lt;p&gt;Legenda: Dupla Jo\u00e3o Lucas &amp;#038; Matheus \u00e9 a atra\u00e7\u00e3o confirmada na Noite Sertaneja em S\u00e3o Joaquim da Barra &amp;#8211; Cr\u00e9dito: Luccas Martins&lt;\/p&gt;\n\" data-medium-file=\"https:\/\/i0.wp.com\/www.clickrp.com.br\/portal\/wp-content\/uploads\/2015\/03\/jlem.png?fit=267%2C400&amp;ssl=1\" data-large-file=\"https:\/\/i0.wp.com\/www.clickrp.com.br\/portal\/wp-content\/uploads\/2015\/03\/jlem.png?fit=530%2C795&amp;ssl=1\" class=\" wp-image-5783\" src=\"https:\/\/i0.wp.com\/www.clickrp.com.br\/portal\/wp-content\/uploads\/2015\/03\/jlem.png?resize=188%2C282\" alt=\"Legenda: Dupla Jo\u00e3o Lucas &amp; Matheus \u00e9 a atra\u00e7\u00e3o confirmada na Noite Sertaneja em S\u00e3o Joaquim da Barra - Cr\u00e9dito: Luccas Martins\" width=\"188\" height=\"282\" \/><p id=\"caption-attachment-5783\" class=\"wp-caption-text\">Legenda: Dupla Jo\u00e3o Lucas &amp; Matheus \u00e9 a atra\u00e7\u00e3o confirmada na Noite Sertaneja em S\u00e3o Joaquim da Barra &#8211; Cr\u00e9dito: Luccas Martins<\/p><\/div>\n<p>No pr\u00f3ximo dia 28 de fevereiro, a partir das 23h, a dupla de Ribeir\u00e3o Preto, Jo\u00e3o Lucas &amp; Matheus sobe ao palco na cidade de S\u00e3o Joaquim da Barra para se apresentar em uma noite sertaneja no est\u00e1dio Espig\u00e3o. Os cantores est\u00e3o preparando um setlist com os sucessos da m\u00fasica sertaneja e os principais hits da dupla, incluindo seu \u00faltimo lan\u00e7amento, a m\u00fasica Cupido. Realizado pela r\u00e1dio Sir Fm, o evento ainda conta com a presen\u00e7a do cantor sertanejo Loubet e com o Dj Marcos Oliveira. Os ingressos para os shows podem ser adquiridos diretamente na sede da r\u00e1dio Sir Fm, na Avenida Orestes Qu\u00e9rcia, n\u00ba2230 &#8211; Centro.<\/p>\n<p>Com mais de seis anos de carreira, os cantores j\u00e1 se apresentaram em diversos eventos e festas, considerados \u00edcones no roteiro da m\u00fasica sertaneja no Brasil. A dupla Jo\u00e3o Lucas &amp; Matheus tamb\u00e9m \u00e9 dona de hits de muito sucesso no pa\u00eds, como as m\u00fasicas &#8220;Te Esquecer Demora&#8221; com a participa\u00e7\u00e3o da dupla Z\u00e9 Henrique &amp; Gabriel, &#8220;Festa no Iate&#8221; com a participa\u00e7\u00e3o do cantor Latino e seu \u00faltimo lan\u00e7amento, a m\u00fasica &#8220;Cupido&#8221;.<\/p>\n<p>Servi\u00e7o<\/p>\n<p>Jo\u00e3o Lucas &amp; Matheus em S\u00e3o Joaquim da Barra\/SP<\/p>\n<p>Onde: Est\u00e1dio do Espig\u00e3o &#8211; Rua Alto Bela Vista, s\/n<\/p>\n<p>Quando: Dia 28 de fevereiro, s\u00e1bado &#8211; a partir das 23h<\/p>\n","protected":false},"excerpt":{"rendered":"<p>No pr\u00f3ximo dia 28 de fevereiro, a partir das 23h, a dupla de Ribeir\u00e3o Preto, Jo\u00e3o Lucas &amp; Matheus sobe ao palco na cidade de S\u00e3o Joaquim da Barra para se apresentar em uma noite sertaneja no est\u00e1dio Espig\u00e3o. Os cantores est\u00e3o preparando um setlist com os sucessos da m\u00fasica sertaneja e os principais hits da dupla, incluindo seu \u00faltimo lan\u00e7amento, a m\u00fasica Cupido. Realizado pela r\u00e1dio Sir Fm, o evento ainda conta com a presen\u00e7a do cantor sertanejo Loubet [&hellip;]<\/p>\n","protected":false},"author":1,"featured_media":0,"comment_status":"open","ping_status":"open","sticky":false,"template":"","format":"standard","meta":{"jetpack_post_was_ever_published":false,"_jetpack_newsletter_access":"","_jetpack_dont_email_post_to_subs":false,"_jetpack_newsletter_tier_id":0,"_jetpack_memberships_contains_paywalled_content":false,"_jetpack_memberships_contains_paid_content":false,"footnotes":"","jetpack_publicize_message":"","jetpack_publicize_feature_enabled":true,"jetpack_social_post_already_shared":false,"jetpack_social_options":{"image_generator_settings":{"template":"highway","enabled":false},"version":2}},"categories":[44,1],"tags":[],"class_list":["post-5782","post","type-post","status-publish","format-standard","hentry","category-estadio-espigao","category-noticias"],"jetpack_publicize_connections":[],"jetpack_sharing_enabled":true,"jetpack_featured_media_url":"","jetpack_shortlink":"https:\/\/wp.me\/p1Lzat-1vg","jetpack-related-posts":[],"_links":{"self":[{"href":"https:\/\/www.clickrp.com.br\/portal\/wp-json\/wp\/v2\/posts\/5782","targetHints":{"allow":["GET"]}}],"collection":[{"href":"https:\/\/www.clickrp.com.br\/portal\/wp-json\/wp\/v2\/posts"}],"about":[{"href":"https:\/\/www.clickrp.com.br\/portal\/wp-json\/wp\/v2\/types\/post"}],"author":[{"embeddable":true,"href":"https:\/\/www.clickrp.com.br\/portal\/wp-json\/wp\/v2\/users\/1"}],"replies":[{"embeddable":true,"href":"https:\/\/www.clickrp.com.br\/portal\/wp-json\/wp\/v2\/comments?post=5782"}],"version-history":[{"count":1,"href":"https:\/\/www.clickrp.com.br\/portal\/wp-json\/wp\/v2\/posts\/5782\/revisions"}],"predecessor-version":[{"id":5784,"href":"https:\/\/www.clickrp.com.br\/portal\/wp-json\/wp\/v2\/posts\/5782\/revisions\/5784"}],"wp:attachment":[{"href":"https:\/\/www.clickrp.com.br\/portal\/wp-json\/wp\/v2\/media?parent=5782"}],"wp:term":[{"taxonomy":"category","embeddable":true,"href":"https:\/\/www.clickrp.com.br\/portal\/wp-json\/wp\/v2\/categories?post=5782"},{"taxonomy":"post_tag","embeddable":true,"href":"https:\/\/www.clickrp.com.br\/portal\/wp-json\/wp\/v2\/tags?post=5782"}],"curies":[{"name":"wp","href":"https:\/\/api.w.org\/{rel}","templated":true}]}}