{"id":5773,"date":"2015-02-26T13:09:55","date_gmt":"2015-02-26T16:09:55","guid":{"rendered":"http:\/\/www.clickrp.com.br\/portal\/?p=5773"},"modified":"2015-09-28T05:19:58","modified_gmt":"2015-09-28T08:19:58","slug":"ribeirao-rodeo-music-divulga-grade-de-shows-completa","status":"publish","type":"post","link":"https:\/\/www.clickrp.com.br\/portal\/2015\/02\/ribeirao-rodeo-music-divulga-grade-de-shows-completa\/","title":{"rendered":"Ribeir\u00e3o Rodeo Music divulga grade de shows completa"},"content":{"rendered":"<div id=\"attachment_5774\" style=\"width: 270px\" class=\"wp-caption alignleft\"><img data-recalc-dims=\"1\" loading=\"lazy\" decoding=\"async\" aria-describedby=\"caption-attachment-5774\" data-attachment-id=\"5774\" data-permalink=\"https:\/\/www.clickrp.com.br\/portal\/2015\/02\/ribeirao-rodeo-music-divulga-grade-de-shows-completa\/jem\/\" data-orig-file=\"https:\/\/i0.wp.com\/www.clickrp.com.br\/portal\/wp-content\/uploads\/2015\/03\/jem.png?fit=530%2C345&amp;ssl=1\" data-orig-size=\"530,345\" data-comments-opened=\"1\" data-image-meta=\"{&quot;aperture&quot;:&quot;0&quot;,&quot;credit&quot;:&quot;&quot;,&quot;camera&quot;:&quot;&quot;,&quot;caption&quot;:&quot;&quot;,&quot;created_timestamp&quot;:&quot;0&quot;,&quot;copyright&quot;:&quot;&quot;,&quot;focal_length&quot;:&quot;0&quot;,&quot;iso&quot;:&quot;0&quot;,&quot;shutter_speed&quot;:&quot;0&quot;,&quot;title&quot;:&quot;&quot;,&quot;orientation&quot;:&quot;0&quot;}\" data-image-title=\"A dupla Jorge &amp;#038; Mateus est\u00e1 confirmada para a 11\u00aa edi\u00e7\u00e3o do Ribeir\u00e3o Rodeo Music &amp;#8211; divulga\u00e7\u00e3o\" data-image-description=\"\" data-image-caption=\"&lt;p&gt; A dupla Jorge &amp;#038; Mateus est\u00e1 confirmada para a 11\u00aa edi\u00e7\u00e3o do Ribeir\u00e3o Rodeo Music &amp;#8211; divulga\u00e7\u00e3o&lt;\/p&gt;\n\" data-medium-file=\"https:\/\/i0.wp.com\/www.clickrp.com.br\/portal\/wp-content\/uploads\/2015\/03\/jem.png?fit=530%2C345&amp;ssl=1\" data-large-file=\"https:\/\/i0.wp.com\/www.clickrp.com.br\/portal\/wp-content\/uploads\/2015\/03\/jem.png?fit=530%2C345&amp;ssl=1\" class=\" wp-image-5774\" src=\"https:\/\/i0.wp.com\/www.clickrp.com.br\/portal\/wp-content\/uploads\/2015\/03\/jem.png?resize=260%2C169\" alt=\" A dupla Jorge &amp; Mateus est\u00e1 confirmada para a 11\u00aa edi\u00e7\u00e3o do Ribeir\u00e3o Rodeo Music - divulga\u00e7\u00e3o\" width=\"260\" height=\"169\" \/><p id=\"caption-attachment-5774\" class=\"wp-caption-text\">A dupla Jorge &amp; Mateus est\u00e1 confirmada para a 11\u00aa edi\u00e7\u00e3o do Ribeir\u00e3o Rodeo Music &#8211; divulga\u00e7\u00e3o<\/p><\/div>\n<p>Jorge &amp; Matheus, Jo\u00e3o Bosco &amp; Vinicius, Milion\u00e1rio &amp; Jos\u00e9 Rico e Matheus &amp; Kau\u00e3 s\u00e3o as novas atra\u00e7\u00f5es confirmadas e completam a programa\u00e7\u00e3o musical do evento<\/p>\n<p>A 11\u00aa edi\u00e7\u00e3o do Ribeir\u00e3o Rodeo Music &#8211; que acontece no dia 25 de abril e de 30 de abril a 03 de maio, no Parque Permanente de Exposi\u00e7\u00f5es &#8211; confirmou a grade de shows do palco principal para os cinco dias de festa.<\/p>\n<p>Na abertura oficial &#8211; 25 de abril, s\u00e1bado &#8211; a noite ser\u00e1 dedicada unicamente \u00e0s atra\u00e7\u00f5es musicais com os shows de Gusttavo Lima, Cristiano Ara\u00fajo e Bruninho &amp; Davi. Depois, o evento continua a partir de 30 de abril, v\u00e9spera de feriado, iniciando tamb\u00e9m as competi\u00e7\u00f5es de rodeio. Neste dia, o show \u00e9 de uma das principais duplas da atualidade: Henrique &amp; Juliano.<\/p>\n<p>Na sexta-feira, dia 1\u00ba, as apresenta\u00e7\u00f5es s\u00e3o de Jo\u00e3o Bosco &amp; Vinicius e dos &#8220;gargantas de ouro do Brasil&#8221; Milion\u00e1rio &amp; Jos\u00e9 Rico. No s\u00e1bado, dia 02, \u00e9 a vez de Jorge &amp; Mateus e Matheus &amp; Kau\u00e3. No domingo, dia 03, acontece o show de Jads &amp; Jadson . &#8220;Estamos muito empolgados em promover este show beneficente. Toda a renda arrecadada com a venda dos ingressos di\u00e1rios ser\u00e1 revertida para a SOBECCan que tem um papel muito especial em Ribeir\u00e3o e regi\u00e3o na luta pela preven\u00e7\u00e3o e no tratamento de c\u00e2ncer gratuitamente&#8221;, explica Matheus Calil, um dos organizadores.<\/p>\n<p>Competi\u00e7\u00f5es<\/p>\n<p>Conforme j\u00e1 anunciado pela organiza\u00e7\u00e3o, as competi\u00e7\u00f5es de rodeio tamb\u00e9m est\u00e3o com v\u00e1rias novidades neste ano. Pela primeira vez, o Ribeir\u00e3o Rodeo Music sediar\u00e1 disputadas em cavalos, no estilo cutiano, modalidade originalmente brasileira e a mais antiga praticada no pa\u00eds. Outro diferencial \u00e9 o rodeio em touros que ser\u00e1 etapa da Liga Nacional de Rodeio (LNR), garantindo ao vencedor uma vaga na final do campeonato, que acontecer\u00e1 durante a 60a Festa do Pe\u00e3o de Barretos em agosto. De acordo com Matheus Calil, um dos organizadores do evento, mais novidades referentes ao rodeio devem ser anunciadas em breve. &#8220;Teremos tamb\u00e9m provas cronometradas e a participa\u00e7\u00e3o de grandes competidores em todas as modalidades. O esporte rodeio tem crescido no Brasil e as competi\u00e7\u00f5es realizadas em Ribeir\u00e3o Preto hoje est\u00e3o entre as mais respeitadas do pa\u00eds&#8221;, explica.<\/p>\n<p>Ingressos<\/p>\n<p>Em mar\u00e7o ter\u00e1 in\u00edcio a venda dos ingressos di\u00e1rios e das permanentes v\u00e1lidas para todos os dias do RRM. A venda online tamb\u00e9m est\u00e1 confirmada, al\u00e9m dos pontos fixos em Ribeir\u00e3o e regi\u00e3o.<\/p>\n<p>Mais informa\u00e7\u00f5es: www.ribeiraorodeomusic.com.br<\/p>\n","protected":false},"excerpt":{"rendered":"<p>Jorge &amp; Matheus, Jo\u00e3o Bosco &amp; Vinicius, Milion\u00e1rio &amp; Jos\u00e9 Rico e Matheus &amp; Kau\u00e3 s\u00e3o as novas atra\u00e7\u00f5es confirmadas e completam a programa\u00e7\u00e3o musical do evento A 11\u00aa edi\u00e7\u00e3o do Ribeir\u00e3o Rodeo Music &#8211; que acontece no dia 25 de abril e de 30 de abril a 03 de maio, no Parque Permanente de Exposi\u00e7\u00f5es &#8211; confirmou a grade de shows do palco principal para os cinco dias de festa. Na abertura oficial &#8211; 25 de abril, s\u00e1bado &#8211; [&hellip;]<\/p>\n","protected":false},"author":1,"featured_media":0,"comment_status":"open","ping_status":"open","sticky":false,"template":"","format":"standard","meta":{"jetpack_post_was_ever_published":false,"_jetpack_newsletter_access":"","_jetpack_dont_email_post_to_subs":false,"_jetpack_newsletter_tier_id":0,"_jetpack_memberships_contains_paywalled_content":false,"_jetpack_memberships_contains_paid_content":false,"footnotes":"","jetpack_publicize_message":"","jetpack_publicize_feature_enabled":true,"jetpack_social_post_already_shared":true,"jetpack_social_options":{"image_generator_settings":{"template":"highway","enabled":false},"version":2}},"categories":[1],"tags":[],"class_list":["post-5773","post","type-post","status-publish","format-standard","hentry","category-noticias"],"jetpack_publicize_connections":[],"jetpack_sharing_enabled":true,"jetpack_featured_media_url":"","jetpack_shortlink":"https:\/\/wp.me\/p1Lzat-1v7","jetpack-related-posts":[],"_links":{"self":[{"href":"https:\/\/www.clickrp.com.br\/portal\/wp-json\/wp\/v2\/posts\/5773","targetHints":{"allow":["GET"]}}],"collection":[{"href":"https:\/\/www.clickrp.com.br\/portal\/wp-json\/wp\/v2\/posts"}],"about":[{"href":"https:\/\/www.clickrp.com.br\/portal\/wp-json\/wp\/v2\/types\/post"}],"author":[{"embeddable":true,"href":"https:\/\/www.clickrp.com.br\/portal\/wp-json\/wp\/v2\/users\/1"}],"replies":[{"embeddable":true,"href":"https:\/\/www.clickrp.com.br\/portal\/wp-json\/wp\/v2\/comments?post=5773"}],"version-history":[{"count":1,"href":"https:\/\/www.clickrp.com.br\/portal\/wp-json\/wp\/v2\/posts\/5773\/revisions"}],"predecessor-version":[{"id":5775,"href":"https:\/\/www.clickrp.com.br\/portal\/wp-json\/wp\/v2\/posts\/5773\/revisions\/5775"}],"wp:attachment":[{"href":"https:\/\/www.clickrp.com.br\/portal\/wp-json\/wp\/v2\/media?parent=5773"}],"wp:term":[{"taxonomy":"category","embeddable":true,"href":"https:\/\/www.clickrp.com.br\/portal\/wp-json\/wp\/v2\/categories?post=5773"},{"taxonomy":"post_tag","embeddable":true,"href":"https:\/\/www.clickrp.com.br\/portal\/wp-json\/wp\/v2\/tags?post=5773"}],"curies":[{"name":"wp","href":"https:\/\/api.w.org\/{rel}","templated":true}]}}