{"id":5720,"date":"2014-04-09T13:42:41","date_gmt":"2014-04-09T16:42:41","guid":{"rendered":"http:\/\/www.clickrp.com.br\/portal\/?p=5720"},"modified":"2015-09-28T05:20:21","modified_gmt":"2015-09-28T08:20:21","slug":"educador-portugues-jose-pacheco-estara-em-ribeirao-preto-dia-14-de-abril","status":"publish","type":"post","link":"https:\/\/www.clickrp.com.br\/portal\/2014\/04\/educador-portugues-jose-pacheco-estara-em-ribeirao-preto-dia-14-de-abril\/","title":{"rendered":"EDUCADOR PORTUGU\u00caS JOS\u00c9 PACHECO ESTAR\u00c1 EM RIBEIR\u00c3O PRETO, DIA 14 DE ABRIL"},"content":{"rendered":"<p><img data-recalc-dims=\"1\" loading=\"lazy\" decoding=\"async\" data-attachment-id=\"5721\" data-permalink=\"https:\/\/www.clickrp.com.br\/portal\/2014\/04\/educador-portugues-jose-pacheco-estara-em-ribeirao-preto-dia-14-de-abril\/divulgacao-jose-paheco\/\" data-orig-file=\"https:\/\/i0.wp.com\/www.clickrp.com.br\/portal\/wp-content\/uploads\/2014\/05\/divulga%C3%A7%C3%A3o-Jos%C3%A9-Paheco.jpg?fit=679%2C960&amp;ssl=1\" data-orig-size=\"679,960\" data-comments-opened=\"1\" data-image-meta=\"{&quot;aperture&quot;:&quot;0&quot;,&quot;credit&quot;:&quot;&quot;,&quot;camera&quot;:&quot;&quot;,&quot;caption&quot;:&quot;&quot;,&quot;created_timestamp&quot;:&quot;0&quot;,&quot;copyright&quot;:&quot;&quot;,&quot;focal_length&quot;:&quot;0&quot;,&quot;iso&quot;:&quot;0&quot;,&quot;shutter_speed&quot;:&quot;0&quot;,&quot;title&quot;:&quot;&quot;}\" data-image-title=\"divulga\u00e7\u00e3o Jos\u00e9 Paheco\" data-image-description=\"\" data-image-caption=\"\" data-medium-file=\"https:\/\/i0.wp.com\/www.clickrp.com.br\/portal\/wp-content\/uploads\/2014\/05\/divulga%C3%A7%C3%A3o-Jos%C3%A9-Paheco.jpg?fit=282%2C400&amp;ssl=1\" data-large-file=\"https:\/\/i0.wp.com\/www.clickrp.com.br\/portal\/wp-content\/uploads\/2014\/05\/divulga%C3%A7%C3%A3o-Jos%C3%A9-Paheco.jpg?fit=565%2C800&amp;ssl=1\" class=\"alignleft wp-image-5721\" src=\"https:\/\/i0.wp.com\/www.clickrp.com.br\/portal\/wp-content\/uploads\/2014\/05\/divulga%C3%A7%C3%A3o-Jos%C3%A9-Paheco-282x400.jpg?resize=202%2C286\" alt=\"divulga\u00e7\u00e3o Jos\u00e9 Paheco\" width=\"202\" height=\"286\" srcset=\"https:\/\/i0.wp.com\/www.clickrp.com.br\/portal\/wp-content\/uploads\/2014\/05\/divulga%C3%A7%C3%A3o-Jos%C3%A9-Paheco.jpg?resize=282%2C400&amp;ssl=1 282w, https:\/\/i0.wp.com\/www.clickrp.com.br\/portal\/wp-content\/uploads\/2014\/05\/divulga%C3%A7%C3%A3o-Jos%C3%A9-Paheco.jpg?resize=565%2C800&amp;ssl=1 565w, https:\/\/i0.wp.com\/www.clickrp.com.br\/portal\/wp-content\/uploads\/2014\/05\/divulga%C3%A7%C3%A3o-Jos%C3%A9-Paheco.jpg?w=679&amp;ssl=1 679w\" sizes=\"auto, (max-width: 202px) 100vw, 202px\" \/>O criador da Escola da Ponte participar\u00e1 do lan\u00e7amento do Projeto Arvoredo<\/p>\n<p>O Grupo Engasga Gato, j\u00e1 conhecido pelos seus trabalhos art\u00edsticos e projetos culturais, lan\u00e7a oficialmente o Projeto Arvoredo, dia 14 de abril, segunda-feira, com um encontro com o educador e idealizador da Escola da Ponte, Jos\u00e9 Pacheco, \u00e1s 19h, na Oficina Cultural C\u00e2ndido Portinari, com entrada gratuita.<\/p>\n<p>O portugu\u00eas Jos\u00e9 Pacheco \u00e9 educador e pedagogo, grande dinamizador da gest\u00e3o democr\u00e1tica na Educa\u00e7\u00e3o, mestre em Ci\u00eancias da Educa\u00e7\u00e3o pela Faculdade de Psicologia e de Ci\u00eancias da Educa\u00e7\u00e3o da Universidade do Porto. Coordenou de 1976 a 2011, a Escola da Ponte, da qual \u00e9 idealizador, institui\u00e7\u00e3o que se notabilizou pelo projeto educativo baseado na autonomia dos estudantes. Autor de livros e de diversos artigos sobre educa\u00e7\u00e3o, definindo-se como &#8220;um louco com no\u00e7\u00f5es de pr\u00e1tica&#8221;. No Brasil, Pacheco acompanha mais de 100 escolas em 30 munic\u00edpios.<\/p>\n<p>O projeto Arvoredo tem dura\u00e7\u00e3o de 10 meses, e envolve a cria\u00e7\u00e3o de um espet\u00e1culo infantil que circular\u00e1 por escolas de ensino fundamental I, centros comunit\u00e1rios, pra\u00e7as e parques de Ribeir\u00e3o Preto, gratuitamente. O Engasga Gato coordenar\u00e1 dois elencos, formados por atores e m\u00fasicos convidados que far\u00e3o, ao todo, 108 apresenta\u00e7\u00f5es teatrais durante o ano.<\/p>\n<p>O projeto tamb\u00e9m prev\u00ea a realiza\u00e7\u00e3o de nove oficinas art\u00edsticas tem\u00e1ticas para artistas, educadores e estudantes, e ainda uma forma\u00e7\u00e3o continuada para cinco jovens aprendizes, que na segunda etapa do projeto multiplicar\u00e3o o conhecimento adquirido para grupos das institui\u00e7\u00f5es sediadas em suas regi\u00f5es. Tais jovens receber\u00e3o forma\u00e7\u00e3o art\u00edstica livre, que envolver\u00e1 desde princ\u00edpios da cria\u00e7\u00e3o teatral at\u00e9 mecanismos para elabora\u00e7\u00e3o e produ\u00e7\u00e3o do seu fazer art\u00edstico.<\/p>\n<p>Todas as a\u00e7\u00f5es propostas do projeto Arvoredo foram cuidadosamente elaboradas pelo Grupo Engasga Gato e profissionais parceiros da \u00e1rea art\u00edstica e pedag\u00f3gica. O projeto \u00e9 apoiado pela Secretaria de Estado da Cultura \u2013 Programa de A\u00e7\u00e3o Cutural &#8211; ProAC ICMS.<\/p>\n<p>SERVI\u00c7O| PROJETO ARVOREDO<\/p>\n<p>Lan\u00e7amento Projeto Arvoredo com o educador Jos\u00e9 Pacheco<\/p>\n<p>Dia 14 de abril, segunda-feira<\/p>\n<p>Hor\u00e1rio 19h<\/p>\n<p>Local: Oficina Cultural C\u00e2ndido Portinari.<\/p>\n<p>Endere\u00e7o: Rua Visconde de Inha\u00fama, 490, 1\u00ba Andar. Centro<\/p>\n<p>Entrada Gratuita, capacidade 200 pessoas<\/p>\n<p>Confirme sua presen\u00e7a pelo email projetoarvoredo@gmail.com<\/p>\n<p>Telefone para mais informa\u00e7\u00f5es<\/p>\n<p>(16) 3043-8450 Telhado Cultural Engasga Gato<\/p>\n","protected":false},"excerpt":{"rendered":"<p>O criador da Escola da Ponte participar\u00e1 do lan\u00e7amento do Projeto Arvoredo O Grupo Engasga Gato, j\u00e1 conhecido pelos seus trabalhos art\u00edsticos e projetos culturais, lan\u00e7a oficialmente o Projeto Arvoredo, dia 14 de abril, segunda-feira, com um encontro com o educador e idealizador da Escola da Ponte, Jos\u00e9 Pacheco, \u00e1s 19h, na Oficina Cultural C\u00e2ndido Portinari, com entrada gratuita. O portugu\u00eas Jos\u00e9 Pacheco \u00e9 educador e pedagogo, grande dinamizador da gest\u00e3o democr\u00e1tica na Educa\u00e7\u00e3o, mestre em Ci\u00eancias da Educa\u00e7\u00e3o pela [&hellip;]<\/p>\n","protected":false},"author":1,"featured_media":0,"comment_status":"open","ping_status":"open","sticky":false,"template":"","format":"standard","meta":{"jetpack_post_was_ever_published":false,"_jetpack_newsletter_access":"","_jetpack_dont_email_post_to_subs":false,"_jetpack_newsletter_tier_id":0,"_jetpack_memberships_contains_paywalled_content":false,"_jetpack_memberships_contains_paid_content":false,"footnotes":"","jetpack_publicize_message":"","jetpack_publicize_feature_enabled":true,"jetpack_social_post_already_shared":true,"jetpack_social_options":{"image_generator_settings":{"template":"highway","enabled":false},"version":2}},"categories":[1],"tags":[],"class_list":["post-5720","post","type-post","status-publish","format-standard","hentry","category-noticias"],"jetpack_publicize_connections":[],"jetpack_sharing_enabled":true,"jetpack_featured_media_url":"","jetpack_shortlink":"https:\/\/wp.me\/p1Lzat-1ug","jetpack-related-posts":[],"_links":{"self":[{"href":"https:\/\/www.clickrp.com.br\/portal\/wp-json\/wp\/v2\/posts\/5720","targetHints":{"allow":["GET"]}}],"collection":[{"href":"https:\/\/www.clickrp.com.br\/portal\/wp-json\/wp\/v2\/posts"}],"about":[{"href":"https:\/\/www.clickrp.com.br\/portal\/wp-json\/wp\/v2\/types\/post"}],"author":[{"embeddable":true,"href":"https:\/\/www.clickrp.com.br\/portal\/wp-json\/wp\/v2\/users\/1"}],"replies":[{"embeddable":true,"href":"https:\/\/www.clickrp.com.br\/portal\/wp-json\/wp\/v2\/comments?post=5720"}],"version-history":[{"count":1,"href":"https:\/\/www.clickrp.com.br\/portal\/wp-json\/wp\/v2\/posts\/5720\/revisions"}],"predecessor-version":[{"id":5722,"href":"https:\/\/www.clickrp.com.br\/portal\/wp-json\/wp\/v2\/posts\/5720\/revisions\/5722"}],"wp:attachment":[{"href":"https:\/\/www.clickrp.com.br\/portal\/wp-json\/wp\/v2\/media?parent=5720"}],"wp:term":[{"taxonomy":"category","embeddable":true,"href":"https:\/\/www.clickrp.com.br\/portal\/wp-json\/wp\/v2\/categories?post=5720"},{"taxonomy":"post_tag","embeddable":true,"href":"https:\/\/www.clickrp.com.br\/portal\/wp-json\/wp\/v2\/tags?post=5720"}],"curies":[{"name":"wp","href":"https:\/\/api.w.org\/{rel}","templated":true}]}}