{"id":2996,"date":"2013-03-18T15:20:26","date_gmt":"2013-03-18T18:20:26","guid":{"rendered":"http:\/\/www.clickrp.com.br\/portal\/?p=2996"},"modified":"2015-09-28T05:23:27","modified_gmt":"2015-09-28T08:23:27","slug":"pontao-sibipiruna-lanca-pic-cultura-e-ponto","status":"publish","type":"post","link":"https:\/\/www.clickrp.com.br\/portal\/2013\/03\/pontao-sibipiruna-lanca-pic-cultura-e-ponto\/","title":{"rendered":"PONT\u00c3O SIBIPIRUNA LAN\u00c7A PIC \u201cCULTURA E PONTO!\u201d"},"content":{"rendered":"<p><img data-recalc-dims=\"1\" loading=\"lazy\" decoding=\"async\" data-attachment-id=\"2997\" data-permalink=\"https:\/\/www.clickrp.com.br\/portal\/2013\/03\/pontao-sibipiruna-lanca-pic-cultura-e-ponto\/equipe-cultura-e-ponto-em-gravacao-com-mc-leser\/\" data-orig-file=\"https:\/\/i0.wp.com\/www.clickrp.com.br\/portal\/wp-content\/uploads\/2013\/03\/Equipe-Cultura-e-Ponto-em-grava%C3%A7%C3%A3o-com-MC-Leser.jpg?fit=2048%2C1365&amp;ssl=1\" data-orig-size=\"2048,1365\" data-comments-opened=\"1\" data-image-meta=\"{&quot;aperture&quot;:&quot;0&quot;,&quot;credit&quot;:&quot;&quot;,&quot;camera&quot;:&quot;&quot;,&quot;caption&quot;:&quot;&quot;,&quot;created_timestamp&quot;:&quot;0&quot;,&quot;copyright&quot;:&quot;&quot;,&quot;focal_length&quot;:&quot;0&quot;,&quot;iso&quot;:&quot;0&quot;,&quot;shutter_speed&quot;:&quot;0&quot;,&quot;title&quot;:&quot;&quot;}\" data-image-title=\"Equipe Cultura e Ponto em grava\u00e7\u00e3o com MC Leser\" data-image-description=\"\" data-image-caption=\"\" data-medium-file=\"https:\/\/i0.wp.com\/www.clickrp.com.br\/portal\/wp-content\/uploads\/2013\/03\/Equipe-Cultura-e-Ponto-em-grava%C3%A7%C3%A3o-com-MC-Leser.jpg?fit=300%2C199&amp;ssl=1\" data-large-file=\"https:\/\/i0.wp.com\/www.clickrp.com.br\/portal\/wp-content\/uploads\/2013\/03\/Equipe-Cultura-e-Ponto-em-grava%C3%A7%C3%A3o-com-MC-Leser.jpg?fit=1024%2C682&amp;ssl=1\" class=\"size-medium wp-image-2997 alignleft\" alt=\"Equipe Cultura e Ponto em grava\u00e7\u00e3o com MC Leser\" src=\"https:\/\/i0.wp.com\/www.clickrp.com.br\/portal\/wp-content\/uploads\/2013\/03\/Equipe-Cultura-e-Ponto-em-grava%C3%A7%C3%A3o-com-MC-Leser-300x199.jpg?resize=300%2C199\" width=\"300\" height=\"199\" srcset=\"https:\/\/i0.wp.com\/www.clickrp.com.br\/portal\/wp-content\/uploads\/2013\/03\/Equipe-Cultura-e-Ponto-em-grava%C3%A7%C3%A3o-com-MC-Leser.jpg?resize=300%2C200&amp;ssl=1 300w, https:\/\/i0.wp.com\/www.clickrp.com.br\/portal\/wp-content\/uploads\/2013\/03\/Equipe-Cultura-e-Ponto-em-grava%C3%A7%C3%A3o-com-MC-Leser.jpg?resize=1024%2C682&amp;ssl=1 1024w, https:\/\/i0.wp.com\/www.clickrp.com.br\/portal\/wp-content\/uploads\/2013\/03\/Equipe-Cultura-e-Ponto-em-grava%C3%A7%C3%A3o-com-MC-Leser.jpg?w=2048&amp;ssl=1 2048w\" sizes=\"auto, (max-width: 300px) 100vw, 300px\" \/> Uma serie com dez programas de TV ser\u00e1 exibida a partir de abril na TV UNAERP contando a hist\u00f3ria dos Pontos de Cultura de Ribeir\u00e3o Preto<\/p>\n<p>O Sibipiruna &#8211; Pont\u00e3o de Cultura de Ribeir\u00e3o Preto come\u00e7a 2013 em grande estilo! Com a exibi\u00e7\u00e3o de dez programas de TV, contar\u00e1 a hist\u00f3ria e o dia-a-dia dos nove Pontos de Cultura de Ribeir\u00e3o preto e do gestor da Rede Municipal de Pontos, o Pont\u00e3o. O projeto foi selecionado em um edital da Secretaria Municipal da Cultura, do Programa de Incentivo Cultural (PIC) de 2012.<\/p>\n<p>Na pr\u00f3xima segunda-feira, 25 de mar\u00e7o, acontece o coquetel de lan\u00e7amento do PIC \u201cCultura e Ponto!\u201d, as 20h, no Memorial da Classe Oper\u00e1ria \u2013 UGT. Na ocasi\u00e3o, ser\u00e1 apresentado um teaser com alguns trechos dos programas que ir\u00e3o ao ar nos meses de abril e maio pela TV Unaerp (canal 10 da NET).<\/p>\n<p><img data-recalc-dims=\"1\" loading=\"lazy\" decoding=\"async\" data-attachment-id=\"2998\" data-permalink=\"https:\/\/www.clickrp.com.br\/portal\/2013\/03\/pontao-sibipiruna-lanca-pic-cultura-e-ponto\/selecao-para-os-apresentadores-do-pic-cultura-e-ponto\/\" data-orig-file=\"https:\/\/i0.wp.com\/www.clickrp.com.br\/portal\/wp-content\/uploads\/2013\/03\/Sele%C3%A7%C3%A3o-para-os-apresentadores-do-PIC-Cultura-e-Ponto.jpg?fit=2592%2C1728&amp;ssl=1\" data-orig-size=\"2592,1728\" data-comments-opened=\"1\" data-image-meta=\"{&quot;aperture&quot;:&quot;4.5&quot;,&quot;credit&quot;:&quot;&quot;,&quot;camera&quot;:&quot;Canon EOS REBEL T3i&quot;,&quot;caption&quot;:&quot;&quot;,&quot;created_timestamp&quot;:&quot;1347892464&quot;,&quot;copyright&quot;:&quot;&quot;,&quot;focal_length&quot;:&quot;39&quot;,&quot;iso&quot;:&quot;800&quot;,&quot;shutter_speed&quot;:&quot;0.0125&quot;,&quot;title&quot;:&quot;&quot;}\" data-image-title=\"Sele\u00e7\u00e3o para os apresentadores do PIC Cultura e Ponto!\" data-image-description=\"\" data-image-caption=\"\" data-medium-file=\"https:\/\/i0.wp.com\/www.clickrp.com.br\/portal\/wp-content\/uploads\/2013\/03\/Sele%C3%A7%C3%A3o-para-os-apresentadores-do-PIC-Cultura-e-Ponto.jpg?fit=300%2C200&amp;ssl=1\" data-large-file=\"https:\/\/i0.wp.com\/www.clickrp.com.br\/portal\/wp-content\/uploads\/2013\/03\/Sele%C3%A7%C3%A3o-para-os-apresentadores-do-PIC-Cultura-e-Ponto.jpg?fit=1024%2C682&amp;ssl=1\" class=\"size-medium wp-image-2998 alignleft\" alt=\"Sele\u00e7\u00e3o para os apresentadores do PIC Cultura e Ponto!\" src=\"https:\/\/i0.wp.com\/www.clickrp.com.br\/portal\/wp-content\/uploads\/2013\/03\/Sele%C3%A7%C3%A3o-para-os-apresentadores-do-PIC-Cultura-e-Ponto-300x200.jpg?resize=300%2C200\" width=\"300\" height=\"200\" srcset=\"https:\/\/i0.wp.com\/www.clickrp.com.br\/portal\/wp-content\/uploads\/2013\/03\/Sele%C3%A7%C3%A3o-para-os-apresentadores-do-PIC-Cultura-e-Ponto.jpg?resize=300%2C200&amp;ssl=1 300w, https:\/\/i0.wp.com\/www.clickrp.com.br\/portal\/wp-content\/uploads\/2013\/03\/Sele%C3%A7%C3%A3o-para-os-apresentadores-do-PIC-Cultura-e-Ponto.jpg?resize=1024%2C682&amp;ssl=1 1024w, https:\/\/i0.wp.com\/www.clickrp.com.br\/portal\/wp-content\/uploads\/2013\/03\/Sele%C3%A7%C3%A3o-para-os-apresentadores-do-PIC-Cultura-e-Ponto.jpg?w=2380&amp;ssl=1 2380w\" sizes=\"auto, (max-width: 300px) 100vw, 300px\" \/><\/p>\n<p>Os programas ir\u00e3o ao ar a partir do dia 02 de abril, sempre as ter\u00e7as-feiras, \u00e0s 14h, 16h, 18h, 20h e 22h, com reprises as quintas-feiras e aos finais de semana. No in\u00edcio do projeto foi feita uma sele\u00e7\u00e3o com os alunos dos Pontos de Cultura para a escolha dos apresentadores dos programas. Os dez programas ser\u00e3o apresentados por duas alunas de dois pontos de cultura, Maria Eduarda Garcia do Projeto Kabuki e Ang\u00e9lica Lopes do Projeto Dandhara.<\/p>\n<p><img data-recalc-dims=\"1\" loading=\"lazy\" decoding=\"async\" data-attachment-id=\"2999\" data-permalink=\"https:\/\/www.clickrp.com.br\/portal\/2013\/03\/pontao-sibipiruna-lanca-pic-cultura-e-ponto\/alunas-dos-pontos-de-cultura-e-apresentadoras-do-pic-cultura-e-ponto-duda-garcia-e-angelica-lopes\/\" data-orig-file=\"https:\/\/i0.wp.com\/www.clickrp.com.br\/portal\/wp-content\/uploads\/2013\/03\/Alunas-dos-Pontos-de-Cultura-e-apresentadoras-do-PIC-Cultura-e-Ponto-Duda-Garcia-e-Ang%C3%A9lica-Lopes.jpg?fit=1920%2C1280&amp;ssl=1\" data-orig-size=\"1920,1280\" data-comments-opened=\"1\" data-image-meta=\"{&quot;aperture&quot;:&quot;3.5&quot;,&quot;credit&quot;:&quot;&quot;,&quot;camera&quot;:&quot;Canon EOS REBEL T3i&quot;,&quot;caption&quot;:&quot;&quot;,&quot;created_timestamp&quot;:&quot;1301896659&quot;,&quot;copyright&quot;:&quot;&quot;,&quot;focal_length&quot;:&quot;18&quot;,&quot;iso&quot;:&quot;200&quot;,&quot;shutter_speed&quot;:&quot;0.004&quot;,&quot;title&quot;:&quot;&quot;}\" data-image-title=\"Alunas dos Pontos de Cultura e apresentadoras do PIC Cultura e Ponto, Duda Garcia e Ang\u00e9lica Lopes\" data-image-description=\"\" data-image-caption=\"\" data-medium-file=\"https:\/\/i0.wp.com\/www.clickrp.com.br\/portal\/wp-content\/uploads\/2013\/03\/Alunas-dos-Pontos-de-Cultura-e-apresentadoras-do-PIC-Cultura-e-Ponto-Duda-Garcia-e-Ang%C3%A9lica-Lopes.jpg?fit=300%2C200&amp;ssl=1\" data-large-file=\"https:\/\/i0.wp.com\/www.clickrp.com.br\/portal\/wp-content\/uploads\/2013\/03\/Alunas-dos-Pontos-de-Cultura-e-apresentadoras-do-PIC-Cultura-e-Ponto-Duda-Garcia-e-Ang%C3%A9lica-Lopes.jpg?fit=1024%2C682&amp;ssl=1\" class=\"size-medium wp-image-2999 alignleft\" alt=\"Alunas dos Pontos de Cultura e apresentadoras do PIC Cultura e Ponto, Duda Garcia e Ang\u00e9lica Lopes\" src=\"https:\/\/i0.wp.com\/www.clickrp.com.br\/portal\/wp-content\/uploads\/2013\/03\/Alunas-dos-Pontos-de-Cultura-e-apresentadoras-do-PIC-Cultura-e-Ponto-Duda-Garcia-e-Ang%C3%A9lica-Lopes-300x200.jpg?resize=300%2C200\" width=\"300\" height=\"200\" srcset=\"https:\/\/i0.wp.com\/www.clickrp.com.br\/portal\/wp-content\/uploads\/2013\/03\/Alunas-dos-Pontos-de-Cultura-e-apresentadoras-do-PIC-Cultura-e-Ponto-Duda-Garcia-e-Ang%C3%A9lica-Lopes.jpg?resize=300%2C200&amp;ssl=1 300w, https:\/\/i0.wp.com\/www.clickrp.com.br\/portal\/wp-content\/uploads\/2013\/03\/Alunas-dos-Pontos-de-Cultura-e-apresentadoras-do-PIC-Cultura-e-Ponto-Duda-Garcia-e-Ang%C3%A9lica-Lopes.jpg?resize=1024%2C682&amp;ssl=1 1024w, https:\/\/i0.wp.com\/www.clickrp.com.br\/portal\/wp-content\/uploads\/2013\/03\/Alunas-dos-Pontos-de-Cultura-e-apresentadoras-do-PIC-Cultura-e-Ponto-Duda-Garcia-e-Ang%C3%A9lica-Lopes.jpg?w=1920&amp;ssl=1 1920w\" sizes=\"auto, (max-width: 300px) 100vw, 300px\" \/><\/p>\n<p>Em agosto de 2012, uma equipe foi formada por profissionais da \u00e1rea de comunica\u00e7\u00e3o para dar inicio as grava\u00e7\u00f5es. Durante sete meses a equipe visitou os nove pontos de cultura da cidade para registrar o dia-a-dia dos pontos, como oficinas, ensaios, cursos, entrevistar os coordenadores, ouvir a meninada, conhecer os professores, entre outras atividades. A equipe formada por Cristina Dias, professora de jornalismo e assessora de imprensa, pela jornalista Erika Daguano, por Victor Yuri, Raiza Lopes e Andre Pereira, da Mandala Filmes e Vinicius Barros, um dos gestores do Pont\u00e3o, s\u00e3o os respons\u00e1veis pela produ\u00e7\u00e3o, roteiro, conte\u00fado e edi\u00e7\u00e3o dos dez programas.<\/p>\n<p>Os programas tamb\u00e9m mostrar\u00e3o o dia-a-dia dos Pontos de Cultura Estaduais como Orunmil\u00e0, Dan\u00e7a Vida e Cine Clube Cauim. Al\u00e9m de v\u00e1rios movimentos culturais que agitam o cen\u00e1rio cultural da cidade. \u201cO programa \u00e9 um marco na trajet\u00f3ria da rede de pontos, pois registra e divulga um trabalho cultural significativo, mas ainda pouco conhecido. Com o edital do PIC temos a possibilidade de construir esse material que tra\u00e7a um verdadeiro panorama do nosso cen\u00e1rio cultural e leva ao conhecimento de toda a popula\u00e7\u00e3o\u201d, afirma Vinicius Barros<\/p>\n<p>COQUETEL DE LAN\u00c7AMENTO PIC CULTURA E PONTO!<\/p>\n<p>Dia 25 de mar\u00e7o, segunda-feira<\/p>\n<p>Hor\u00e1rio \u00e1s 20h<\/p>\n<p>Local: Memorial da Classe Oper\u00e1ria \u2013 UGT<\/p>\n<p>Rua Jos\u00e9 Bonif\u00e1cio, 59<\/p>\n<p>Telefone para mais informa\u00e7\u00f5es<\/p>\n<p>(16) 3610-8679<\/p>\n","protected":false},"excerpt":{"rendered":"<p>Uma serie com dez programas de TV ser\u00e1 exibida a partir de abril na TV UNAERP contando a hist\u00f3ria dos Pontos de Cultura de Ribeir\u00e3o Preto O Sibipiruna &#8211; Pont\u00e3o de Cultura de Ribeir\u00e3o Preto come\u00e7a 2013 em grande estilo! Com a exibi\u00e7\u00e3o de dez programas de TV, contar\u00e1 a hist\u00f3ria e o dia-a-dia dos nove Pontos de Cultura de Ribeir\u00e3o preto e do gestor da Rede Municipal de Pontos, o Pont\u00e3o. O projeto foi selecionado em um edital da [&hellip;]<\/p>\n","protected":false},"author":1,"featured_media":0,"comment_status":"open","ping_status":"open","sticky":false,"template":"","format":"standard","meta":{"jetpack_post_was_ever_published":false,"_jetpack_newsletter_access":"","_jetpack_dont_email_post_to_subs":false,"_jetpack_newsletter_tier_id":0,"_jetpack_memberships_contains_paywalled_content":false,"_jetpack_memberships_contains_paid_content":false,"footnotes":"","jetpack_publicize_message":"","jetpack_publicize_feature_enabled":true,"jetpack_social_post_already_shared":true,"jetpack_social_options":{"image_generator_settings":{"template":"highway","enabled":false},"version":2}},"categories":[1],"tags":[],"class_list":["post-2996","post","type-post","status-publish","format-standard","hentry","category-noticias"],"jetpack_publicize_connections":[],"jetpack_sharing_enabled":true,"jetpack_featured_media_url":"","jetpack_shortlink":"https:\/\/wp.me\/p1Lzat-Mk","jetpack-related-posts":[],"_links":{"self":[{"href":"https:\/\/www.clickrp.com.br\/portal\/wp-json\/wp\/v2\/posts\/2996","targetHints":{"allow":["GET"]}}],"collection":[{"href":"https:\/\/www.clickrp.com.br\/portal\/wp-json\/wp\/v2\/posts"}],"about":[{"href":"https:\/\/www.clickrp.com.br\/portal\/wp-json\/wp\/v2\/types\/post"}],"author":[{"embeddable":true,"href":"https:\/\/www.clickrp.com.br\/portal\/wp-json\/wp\/v2\/users\/1"}],"replies":[{"embeddable":true,"href":"https:\/\/www.clickrp.com.br\/portal\/wp-json\/wp\/v2\/comments?post=2996"}],"version-history":[{"count":3,"href":"https:\/\/www.clickrp.com.br\/portal\/wp-json\/wp\/v2\/posts\/2996\/revisions"}],"predecessor-version":[{"id":6392,"href":"https:\/\/www.clickrp.com.br\/portal\/wp-json\/wp\/v2\/posts\/2996\/revisions\/6392"}],"wp:attachment":[{"href":"https:\/\/www.clickrp.com.br\/portal\/wp-json\/wp\/v2\/media?parent=2996"}],"wp:term":[{"taxonomy":"category","embeddable":true,"href":"https:\/\/www.clickrp.com.br\/portal\/wp-json\/wp\/v2\/categories?post=2996"},{"taxonomy":"post_tag","embeddable":true,"href":"https:\/\/www.clickrp.com.br\/portal\/wp-json\/wp\/v2\/tags?post=2996"}],"curies":[{"name":"wp","href":"https:\/\/api.w.org\/{rel}","templated":true}]}}