{"id":2758,"date":"2013-03-14T17:45:59","date_gmt":"2013-03-14T20:45:59","guid":{"rendered":"http:\/\/www.clickrp.com.br\/portal\/?p=2758"},"modified":"2015-09-28T05:23:27","modified_gmt":"2015-09-28T08:23:27","slug":"joao-lucas-matheus-e-presenca-confirmada-da-16a-edicao-do-entorta-bixo","status":"publish","type":"post","link":"https:\/\/www.clickrp.com.br\/portal\/2013\/03\/joao-lucas-matheus-e-presenca-confirmada-da-16a-edicao-do-entorta-bixo\/","title":{"rendered":"Jo\u00e3o Lucas &#038; Matheus \u00e9 presen\u00e7a confirmada da 16\u00aa edi\u00e7\u00e3o do Entorta Bixo"},"content":{"rendered":"<p><img data-recalc-dims=\"1\" loading=\"lazy\" decoding=\"async\" data-attachment-id=\"2626\" data-permalink=\"https:\/\/www.clickrp.com.br\/portal\/2013\/02\/seguindo-os-moldes-do-carnaval-de-salvador-carnabeirao-tera-ensaio-com-atracao-nacional\/paulo-vilela-2\/\" data-orig-file=\"https:\/\/i0.wp.com\/www.clickrp.com.br\/portal\/wp-content\/uploads\/2013\/02\/Paulo-Vilela1.jpg?fit=720%2C763&amp;ssl=1\" data-orig-size=\"720,763\" data-comments-opened=\"1\" data-image-meta=\"{&quot;aperture&quot;:&quot;9&quot;,&quot;credit&quot;:&quot;&quot;,&quot;camera&quot;:&quot;Canon EOS 5D Mark II&quot;,&quot;caption&quot;:&quot;&quot;,&quot;created_timestamp&quot;:&quot;1345751653&quot;,&quot;copyright&quot;:&quot;&quot;,&quot;focal_length&quot;:&quot;62&quot;,&quot;iso&quot;:&quot;200&quot;,&quot;shutter_speed&quot;:&quot;0.0125&quot;,&quot;title&quot;:&quot;&quot;}\" data-image-title=\"Paulo Vilela\" data-image-description=\"\" data-image-caption=\"\" data-medium-file=\"https:\/\/i0.wp.com\/www.clickrp.com.br\/portal\/wp-content\/uploads\/2013\/02\/Paulo-Vilela1.jpg?fit=283%2C300&amp;ssl=1\" data-large-file=\"https:\/\/i0.wp.com\/www.clickrp.com.br\/portal\/wp-content\/uploads\/2013\/02\/Paulo-Vilela1.jpg?fit=720%2C763&amp;ssl=1\" class=\"alignleft size-medium wp-image-2626\" alt=\"Paulo Vilela\" src=\"https:\/\/i0.wp.com\/www.clickrp.com.br\/portal\/wp-content\/uploads\/2013\/02\/Paulo-Vilela1-283x300.jpg?resize=283%2C300\" width=\"283\" height=\"300\" srcset=\"https:\/\/i0.wp.com\/www.clickrp.com.br\/portal\/wp-content\/uploads\/2013\/02\/Paulo-Vilela1.jpg?resize=283%2C300&amp;ssl=1 283w, https:\/\/i0.wp.com\/www.clickrp.com.br\/portal\/wp-content\/uploads\/2013\/02\/Paulo-Vilela1.jpg?w=720&amp;ssl=1 720w\" sizes=\"auto, (max-width: 283px) 100vw, 283px\" \/>\u00c9 no palco Fea Country que a dupla Jo\u00e3o Lucas &amp; Matheus (foto abaixo) levar\u00e1 o sertanejo universit\u00e1rio para o Entorta Bixo 2013, evento musical que acontece nesta sexta-feira (15), a partir das 22h, no Parque Permanente de Exposi\u00e7\u00f5es de Ribeir\u00e3o Preto.<\/p>\n<p>Entre os sucessos que comp\u00f5em o set list da apresenta\u00e7\u00e3o est\u00e3o \u201cCi\u00fame&#8221;, \u201cMe Erra\u201d, \u201c\u00c9 Hoje\u201d, \u201cTo Fora\u201d, al\u00e9m das novas m\u00fasicas do terceiro CD que incluem \u201cFesta no Iate\u201d \u2013 can\u00e7\u00e3o que conta com a participa\u00e7\u00e3o do cantor Latino, \u201c#Ficaadica\u201d, \u201cBeicinho\u201d, &#8220;Pr\u00edncipe Encantado\u201d e \u201cMulher do Patr\u00e3o\u201d. \u201cPreparamos uma balada sertaneja bem animada para a galera dan\u00e7ar do in\u00edcio ao fim\u201d, afirma a dupla.<br \/>\nA noite tamb\u00e9m ser\u00e1 embalada com a interpreta\u00e7\u00e3o de outros sucessos, tamb\u00e9m j\u00e1 conhecidos nacionalmente, e que fazem a galera tirar o p\u00e9 do ch\u00e3o.<\/p>\n<p>Al\u00e9m do show de Jo\u00e3o Lucas &amp; Matheus, o Entorta Bixo 2013 conta ainda com a apresenta\u00e7\u00e3o de Nando Reis e Os Infernais , banda Velhas Virgens, RP3, Homem de Lata, Cristiano Ara\u00fajo, Carlo Dall\u2019Anese, entre outros.<\/p>\n<p>A dupla<\/p>\n<p>O talento e a presen\u00e7a de palco de Jo\u00e3o Lucas &amp; Matheus lan\u00e7aram a dupla como uma das revela\u00e7\u00f5es da nova gera\u00e7\u00e3o do sertanejo universit\u00e1rio. Com pouco mais de seis anos na estrada, a dupla de Ribeir\u00e3o Preto j\u00e1 coleciona shows em importantes eventos, entre eles a Festa do Pe\u00e3o de Barretos, Rodeio de Jaguari\u00fana, o Carnabeir\u00e3o \u2013 que \u00e9 a maior micareta do estado de S\u00e3o Paulo, atingindo outros estados como Minas Gerais, Esp\u00edrito Santo, Par\u00e1, Mato Grosso do Sul, Alagoas e Paran\u00e1. No Rio de Janeiro, al\u00e9m de se apresentar em casas noturnas, a dupla estreou a sua marca no carnaval carioca, levando mais de 50 mil pessoas para a orla de Copacabana, no desfile do Bloco Chora Me Liga.<\/p>\n","protected":false},"excerpt":{"rendered":"<p>\u00c9 no palco Fea Country que a dupla Jo\u00e3o Lucas &amp; Matheus (foto abaixo) levar\u00e1 o sertanejo universit\u00e1rio para o Entorta Bixo 2013, evento musical que acontece nesta sexta-feira (15), a partir das 22h, no Parque Permanente de Exposi\u00e7\u00f5es de Ribeir\u00e3o Preto. Entre os sucessos que comp\u00f5em o set list da apresenta\u00e7\u00e3o est\u00e3o \u201cCi\u00fame&#8221;, \u201cMe Erra\u201d, \u201c\u00c9 Hoje\u201d, \u201cTo Fora\u201d, al\u00e9m das novas m\u00fasicas do terceiro CD que incluem \u201cFesta no Iate\u201d \u2013 can\u00e7\u00e3o que conta com a participa\u00e7\u00e3o do [&hellip;]<\/p>\n","protected":false},"author":1,"featured_media":0,"comment_status":"open","ping_status":"open","sticky":false,"template":"","format":"standard","meta":{"jetpack_post_was_ever_published":false,"_jetpack_newsletter_access":"","_jetpack_dont_email_post_to_subs":false,"_jetpack_newsletter_tier_id":0,"_jetpack_memberships_contains_paywalled_content":false,"_jetpack_memberships_contains_paid_content":false,"footnotes":"","jetpack_publicize_message":"","jetpack_publicize_feature_enabled":true,"jetpack_social_post_already_shared":true,"jetpack_social_options":{"image_generator_settings":{"template":"highway","enabled":false},"version":2}},"categories":[1],"tags":[],"class_list":["post-2758","post","type-post","status-publish","format-standard","hentry","category-noticias"],"jetpack_publicize_connections":[],"jetpack_sharing_enabled":true,"jetpack_featured_media_url":"","jetpack_shortlink":"https:\/\/wp.me\/p1Lzat-Iu","jetpack-related-posts":[],"_links":{"self":[{"href":"https:\/\/www.clickrp.com.br\/portal\/wp-json\/wp\/v2\/posts\/2758","targetHints":{"allow":["GET"]}}],"collection":[{"href":"https:\/\/www.clickrp.com.br\/portal\/wp-json\/wp\/v2\/posts"}],"about":[{"href":"https:\/\/www.clickrp.com.br\/portal\/wp-json\/wp\/v2\/types\/post"}],"author":[{"embeddable":true,"href":"https:\/\/www.clickrp.com.br\/portal\/wp-json\/wp\/v2\/users\/1"}],"replies":[{"embeddable":true,"href":"https:\/\/www.clickrp.com.br\/portal\/wp-json\/wp\/v2\/comments?post=2758"}],"version-history":[{"count":2,"href":"https:\/\/www.clickrp.com.br\/portal\/wp-json\/wp\/v2\/posts\/2758\/revisions"}],"predecessor-version":[{"id":6305,"href":"https:\/\/www.clickrp.com.br\/portal\/wp-json\/wp\/v2\/posts\/2758\/revisions\/6305"}],"wp:attachment":[{"href":"https:\/\/www.clickrp.com.br\/portal\/wp-json\/wp\/v2\/media?parent=2758"}],"wp:term":[{"taxonomy":"category","embeddable":true,"href":"https:\/\/www.clickrp.com.br\/portal\/wp-json\/wp\/v2\/categories?post=2758"},{"taxonomy":"post_tag","embeddable":true,"href":"https:\/\/www.clickrp.com.br\/portal\/wp-json\/wp\/v2\/tags?post=2758"}],"curies":[{"name":"wp","href":"https:\/\/api.w.org\/{rel}","templated":true}]}}