{"id":2716,"date":"2013-02-25T15:20:29","date_gmt":"2013-02-25T18:20:29","guid":{"rendered":"http:\/\/www.clickrp.com.br\/portal\/?p=2716"},"modified":"2015-09-28T05:23:48","modified_gmt":"2015-09-28T08:23:48","slug":"novo-vocalista-da-banda-eva-faz-a-sua-primeira-micareta-em-ribeirao-preto","status":"publish","type":"post","link":"https:\/\/www.clickrp.com.br\/portal\/2013\/02\/novo-vocalista-da-banda-eva-faz-a-sua-primeira-micareta-em-ribeirao-preto\/","title":{"rendered":"NOVO VOCALISTA DA BANDA EVA FAZ A SUA PRIMEIRA MICARETA EM RIBEIR\u00c3O PRETO"},"content":{"rendered":"<p><img data-recalc-dims=\"1\" loading=\"lazy\" decoding=\"async\" data-attachment-id=\"2717\" data-permalink=\"https:\/\/www.clickrp.com.br\/portal\/2013\/02\/novo-vocalista-da-banda-eva-faz-a-sua-primeira-micareta-em-ribeirao-preto\/felipe-pezzoni\/\" data-orig-file=\"https:\/\/i0.wp.com\/www.clickrp.com.br\/portal\/wp-content\/uploads\/2013\/03\/Felipe-Pezzoni.jpg?fit=700%2C781&amp;ssl=1\" data-orig-size=\"700,781\" data-comments-opened=\"1\" data-image-meta=\"{&quot;aperture&quot;:&quot;16&quot;,&quot;credit&quot;:&quot;diego freire&quot;,&quot;camera&quot;:&quot;Hasselblad H4D-50&quot;,&quot;caption&quot;:&quot;&quot;,&quot;created_timestamp&quot;:&quot;1351252269&quot;,&quot;copyright&quot;:&quot;Diego Freire Commercial and Adversiting Photographer&quot;,&quot;focal_length&quot;:&quot;80&quot;,&quot;iso&quot;:&quot;50&quot;,&quot;shutter_speed&quot;:&quot;0.004&quot;,&quot;title&quot;:&quot;&quot;}\" data-image-title=\"Felipe Pezzoni\" data-image-description=\"\" data-image-caption=\"\" data-medium-file=\"https:\/\/i0.wp.com\/www.clickrp.com.br\/portal\/wp-content\/uploads\/2013\/03\/Felipe-Pezzoni.jpg?fit=268%2C300&amp;ssl=1\" data-large-file=\"https:\/\/i0.wp.com\/www.clickrp.com.br\/portal\/wp-content\/uploads\/2013\/03\/Felipe-Pezzoni.jpg?fit=700%2C781&amp;ssl=1\" class=\"alignleft size-medium wp-image-2717\" alt=\"Felipe Pezzoni\" src=\"https:\/\/i0.wp.com\/www.clickrp.com.br\/portal\/wp-content\/uploads\/2013\/03\/Felipe-Pezzoni-268x300.jpg?resize=268%2C300\" width=\"268\" height=\"300\" srcset=\"https:\/\/i0.wp.com\/www.clickrp.com.br\/portal\/wp-content\/uploads\/2013\/03\/Felipe-Pezzoni.jpg?resize=268%2C300&amp;ssl=1 268w, https:\/\/i0.wp.com\/www.clickrp.com.br\/portal\/wp-content\/uploads\/2013\/03\/Felipe-Pezzoni.jpg?w=700&amp;ssl=1 700w\" sizes=\"auto, (max-width: 268px) 100vw, 268px\" \/>Felipe Pezzoni se prepara para puxar pela primeira vez o bloco Eva em abril, no Carnabeir\u00e3o<\/p>\n<p>Ap\u00f3s a emocionante despedida de Saulo Fernandes da Banda Eva no carnaval de Salvador, Felipe Pezzoni (foto abaixo) assumiu a banda na quarta-feira de cinzas e j\u00e1 deu in\u00edcio a turn\u00ea. A primeira vez que Felipe ir\u00e1 puxar o bloco Eva em uma micareta ser\u00e1 no Carnabeir\u00e3o em Ribeir\u00e3o Preto, e com esse sabor de estreia o show promete ser emocionante e muito aguardado, j\u00e1 que as caracter\u00edsticas e o melhor de uma banda de ax\u00e9 s\u00e3o mostradas em cima do trio, como manda a tradi\u00e7\u00e3o baiana.<br \/>\nA banda Eva j\u00e1 revelou nomes como Daniela Mercury, Ricardo Chaves, Durval Lelys, Ivete Sangalo, Emanuelle Ara\u00fajo e Saulo Fernandes, e tem diversos sucessos nesses mais de trinta anos de hist\u00f3ria. Todas essas m\u00fasicas ganham agora uma nova voz, e Felipe apesar de ter apenas 28 anos, desde a adolesc\u00eancia j\u00e1 est\u00e1 envolvido no meio musical e promete um show para entrar na sua hist\u00f3ria e ficar marcado para todos os f\u00e3s no Carnabeir\u00e3o.<\/p>\n<p>O Carnabeir\u00e3o<br \/>\nO Carnabeir\u00e3o se consagrou nacionalmente por reunir o melhor do ax\u00e9 e por se manter fiel ao estilo do carnaval de rua da Bahia, se transformando na maior micareta do estado e uma das cinco maiores do pa\u00eds. A folia conta com um circuito fechado localizado no Parque Permanente de Exposi\u00e7\u00f5es, em Ribeir\u00e3o Preto, trecho que \u00e9 percorrido pelos trios e reproduz exatamente o clima dos grandes blocos do carnaval baiano.<br \/>\nO evento come\u00e7a na sexta-feira, dia 05 de abril, com a Banda Eva e Asa de \u00c1guia, as duas bandas puxam o Bloco Eva, j\u00e1 conhecido e de muito sucesso no evento. No s\u00e1bado (06) ser\u00e3o duas as grandes atra\u00e7\u00f5es da micareta: Chiclete com Banana, a frente do tradicional Bloco Nana e Claudia Leitte com seu Bloco Largadinho. E para encerrar a festa, no domingo (07), dois blocos estreantes no evento, o Bloco do Farol com o cantor Tomate e o Bloco Pirra\u00e7a com a dupla Jorge &amp; Matheus.<br \/>\nA organiza\u00e7\u00e3o j\u00e1 iniciou a venda online dos abad\u00e1s para os foli\u00f5es participarem dos blocos e dos camarotes, www.carnabeirao.com.br.<\/p>\n","protected":false},"excerpt":{"rendered":"<p>Felipe Pezzoni se prepara para puxar pela primeira vez o bloco Eva em abril, no Carnabeir\u00e3o Ap\u00f3s a emocionante despedida de Saulo Fernandes da Banda Eva no carnaval de Salvador, Felipe Pezzoni (foto abaixo) assumiu a banda na quarta-feira de cinzas e j\u00e1 deu in\u00edcio a turn\u00ea. A primeira vez que Felipe ir\u00e1 puxar o bloco Eva em uma micareta ser\u00e1 no Carnabeir\u00e3o em Ribeir\u00e3o Preto, e com esse sabor de estreia o show promete ser emocionante e muito aguardado, [&hellip;]<\/p>\n","protected":false},"author":1,"featured_media":0,"comment_status":"open","ping_status":"open","sticky":false,"template":"","format":"standard","meta":{"jetpack_post_was_ever_published":false,"_jetpack_newsletter_access":"","_jetpack_dont_email_post_to_subs":false,"_jetpack_newsletter_tier_id":0,"_jetpack_memberships_contains_paywalled_content":false,"_jetpack_memberships_contains_paid_content":false,"footnotes":"","jetpack_publicize_message":"NOVO VOCALISTA DA BANDA EVA FAZ A SUA PRIMEIRA MICARETA EM RIBEIR\u00c3O PRETO","jetpack_publicize_feature_enabled":true,"jetpack_social_post_already_shared":true,"jetpack_social_options":{"image_generator_settings":{"template":"highway","enabled":false},"version":2}},"categories":[1],"tags":[],"class_list":["post-2716","post","type-post","status-publish","format-standard","hentry","category-noticias"],"jetpack_publicize_connections":[],"jetpack_sharing_enabled":true,"jetpack_featured_media_url":"","jetpack_shortlink":"https:\/\/wp.me\/p1Lzat-HO","jetpack-related-posts":[],"_links":{"self":[{"href":"https:\/\/www.clickrp.com.br\/portal\/wp-json\/wp\/v2\/posts\/2716","targetHints":{"allow":["GET"]}}],"collection":[{"href":"https:\/\/www.clickrp.com.br\/portal\/wp-json\/wp\/v2\/posts"}],"about":[{"href":"https:\/\/www.clickrp.com.br\/portal\/wp-json\/wp\/v2\/types\/post"}],"author":[{"embeddable":true,"href":"https:\/\/www.clickrp.com.br\/portal\/wp-json\/wp\/v2\/users\/1"}],"replies":[{"embeddable":true,"href":"https:\/\/www.clickrp.com.br\/portal\/wp-json\/wp\/v2\/comments?post=2716"}],"version-history":[{"count":1,"href":"https:\/\/www.clickrp.com.br\/portal\/wp-json\/wp\/v2\/posts\/2716\/revisions"}],"predecessor-version":[{"id":2718,"href":"https:\/\/www.clickrp.com.br\/portal\/wp-json\/wp\/v2\/posts\/2716\/revisions\/2718"}],"wp:attachment":[{"href":"https:\/\/www.clickrp.com.br\/portal\/wp-json\/wp\/v2\/media?parent=2716"}],"wp:term":[{"taxonomy":"category","embeddable":true,"href":"https:\/\/www.clickrp.com.br\/portal\/wp-json\/wp\/v2\/categories?post=2716"},{"taxonomy":"post_tag","embeddable":true,"href":"https:\/\/www.clickrp.com.br\/portal\/wp-json\/wp\/v2\/tags?post=2716"}],"curies":[{"name":"wp","href":"https:\/\/api.w.org\/{rel}","templated":true}]}}