{"id":2655,"date":"2013-03-01T20:30:11","date_gmt":"2013-03-01T23:30:11","guid":{"rendered":"http:\/\/www.clickrp.com.br\/portal\/?p=2655"},"modified":"2015-09-28T05:23:48","modified_gmt":"2015-09-28T08:23:48","slug":"pratas-da-casa-bandas-regionais-sao-destaque-no-entorta-bixo","status":"publish","type":"post","link":"https:\/\/www.clickrp.com.br\/portal\/2013\/03\/pratas-da-casa-bandas-regionais-sao-destaque-no-entorta-bixo\/","title":{"rendered":"\u201cPRATAS DA CASA\u201d, BANDAS REGIONAIS S\u00c3O DESTAQUE NO ENTORTA BIXO"},"content":{"rendered":"<p><img data-recalc-dims=\"1\" loading=\"lazy\" decoding=\"async\" data-attachment-id=\"2657\" data-permalink=\"https:\/\/www.clickrp.com.br\/portal\/2013\/03\/pratas-da-casa-bandas-regionais-sao-destaque-no-entorta-bixo\/credito-da-foto-paulo-vilela-2\/\" data-orig-file=\"https:\/\/i0.wp.com\/www.clickrp.com.br\/portal\/wp-content\/uploads\/2013\/03\/Cr%C3%A9dito-da-foto-Paulo-Vilela.jpg?fit=950%2C733&amp;ssl=1\" data-orig-size=\"950,733\" data-comments-opened=\"1\" data-image-meta=\"{&quot;aperture&quot;:&quot;9&quot;,&quot;credit&quot;:&quot;&quot;,&quot;camera&quot;:&quot;Canon EOS 5D Mark II&quot;,&quot;caption&quot;:&quot;&quot;,&quot;created_timestamp&quot;:&quot;1345749782&quot;,&quot;copyright&quot;:&quot;&quot;,&quot;focal_length&quot;:&quot;59&quot;,&quot;iso&quot;:&quot;200&quot;,&quot;shutter_speed&quot;:&quot;0.01&quot;,&quot;title&quot;:&quot;&quot;}\" data-image-title=\"Cr\u00e9dito da foto &amp;#8211; Paulo Vilela\" data-image-description=\"\" data-image-caption=\"\" data-medium-file=\"https:\/\/i0.wp.com\/www.clickrp.com.br\/portal\/wp-content\/uploads\/2013\/03\/Cr%C3%A9dito-da-foto-Paulo-Vilela.jpg?fit=300%2C231&amp;ssl=1\" data-large-file=\"https:\/\/i0.wp.com\/www.clickrp.com.br\/portal\/wp-content\/uploads\/2013\/03\/Cr%C3%A9dito-da-foto-Paulo-Vilela.jpg?fit=950%2C733&amp;ssl=1\" class=\"alignleft size-medium wp-image-2657\" alt=\"Cr\u00e9dito da foto - Paulo Vilela\" src=\"https:\/\/i0.wp.com\/www.clickrp.com.br\/portal\/wp-content\/uploads\/2013\/03\/Cr%C3%A9dito-da-foto-Paulo-Vilela-300x231.jpg?resize=300%2C231\" width=\"300\" height=\"231\" srcset=\"https:\/\/i0.wp.com\/www.clickrp.com.br\/portal\/wp-content\/uploads\/2013\/03\/Cr%C3%A9dito-da-foto-Paulo-Vilela.jpg?resize=300%2C231&amp;ssl=1 300w, https:\/\/i0.wp.com\/www.clickrp.com.br\/portal\/wp-content\/uploads\/2013\/03\/Cr%C3%A9dito-da-foto-Paulo-Vilela.jpg?w=950&amp;ssl=1 950w\" sizes=\"auto, (max-width: 300px) 100vw, 300px\" \/> Os Palcos Bejame, FEA Country e Fusion contam com duplas e bandas de Ribeir\u00e3o e regi\u00e3o que prometem agitar o p\u00fablico. Al\u00e9m disso, artistas nacionais como Nando Reis e Os Infernais, Velhas Virgens, Cristiano Ara\u00fajo e Carlo Dall&#8217;Anese, entre outros, tamb\u00e9m est\u00e3o confirmados<\/p>\n<p>A festa mais esperada pelos estudantes para comemora\u00e7\u00e3o do ingresso na vida universit\u00e1ria est\u00e1 chegando. Dia 15 de mar\u00e7o, no Parque Permanente de Exposi\u00e7\u00f5es, o Entorta Bixo recebe grandes nomes do rock\/pop, sertanejo e da house music para atender aos mais variados estilos musicais. Para completar o evento, duplas sertanejas e bandas de Ribeir\u00e3o Preto e regi\u00e3o tamb\u00e9m se apresentar\u00e3o garantindo muita divers\u00e3o.<br \/>\nNo Palco FEA Country as duplas Jo\u00e3o Lucas &amp; Matheus (foto abaixo), Carlos Henrique &amp; Daniel, Diego &amp; Ramon, Marcus &amp; Vinicius, Evandro &amp; Ricardo, Keny &amp; Gabi e Alex de Cristo ir\u00e3o apresentar o melhor do sertanejo. \u201cEstamos com uma expectativa muito boa para tocar no Entorta Bixo. O p\u00fablico jovem do evento \u00e9 animado e interage durante o show\u201d, contou a dupla Jo\u00e3o Lucas &amp; Matheus.<br \/>\nO Palco Bejame contar\u00e1 com a banda ribeir\u00e3o-pretana de pop\/rock RP3. Os tr\u00eas irm\u00e3os, integrantes da banda, devem caprichar na apresenta\u00e7\u00e3o. Ainda no mesmo palco, Homem de Lata, banda inspirada no Monobloco, vem de Araraquara para mostrar o grande sucesso que veem fazendo com um samba, cheio de batuques e misturas.<br \/>\nO Palco Fusion tamb\u00e9m apresentar\u00e1 atra\u00e7\u00f5es locais, como A Gatal\u00f3gica (foto abaixo) \u2013 com seu projeto Cirkus Live com Ma\u00edra no vocal, DJ e um instrumentista \u2013 os irm\u00e3os 2RM e o DJ Tiago Roveri.<br \/>\n\u201cAl\u00e9m de contarmos com o que h\u00e1 de melhor no cen\u00e1rio nacional as duplas e bandas de Ribeir\u00e3o e regi\u00e3o foram selecionadas pela qualidade e grandiosidade de suas apresenta\u00e7\u00f5es. O p\u00fablico pode contar com um evento completo e de muita qualidade musical\u201d, explicou Alexandre Sabino, organizador do evento.<\/p>\n<p>&nbsp;<\/p>\n<p><img data-recalc-dims=\"1\" loading=\"lazy\" decoding=\"async\" data-attachment-id=\"2659\" data-permalink=\"https:\/\/www.clickrp.com.br\/portal\/2013\/03\/pratas-da-casa-bandas-regionais-sao-destaque-no-entorta-bixo\/divulgacao-6\/\" data-orig-file=\"https:\/\/i0.wp.com\/www.clickrp.com.br\/portal\/wp-content\/uploads\/2013\/03\/Divulga%C3%A7%C3%A3o-6.jpg?fit=700%2C1050&amp;ssl=1\" data-orig-size=\"700,1050\" data-comments-opened=\"1\" data-image-meta=\"{&quot;aperture&quot;:&quot;11&quot;,&quot;credit&quot;:&quot;&quot;,&quot;camera&quot;:&quot;Canon EOS 50D&quot;,&quot;caption&quot;:&quot;&quot;,&quot;created_timestamp&quot;:&quot;1307636111&quot;,&quot;copyright&quot;:&quot;&quot;,&quot;focal_length&quot;:&quot;38&quot;,&quot;iso&quot;:&quot;125&quot;,&quot;shutter_speed&quot;:&quot;0.0166666666667&quot;,&quot;title&quot;:&quot;&quot;}\" data-image-title=\"Divulga\u00e7\u00e3o 6\" data-image-description=\"\" data-image-caption=\"\" data-medium-file=\"https:\/\/i0.wp.com\/www.clickrp.com.br\/portal\/wp-content\/uploads\/2013\/03\/Divulga%C3%A7%C3%A3o-6.jpg?fit=200%2C300&amp;ssl=1\" data-large-file=\"https:\/\/i0.wp.com\/www.clickrp.com.br\/portal\/wp-content\/uploads\/2013\/03\/Divulga%C3%A7%C3%A3o-6.jpg?fit=533%2C800&amp;ssl=1\" class=\"alignleft size-medium wp-image-2659\" alt=\"Divulga\u00e7\u00e3o 6\" src=\"https:\/\/i0.wp.com\/www.clickrp.com.br\/portal\/wp-content\/uploads\/2013\/03\/Divulga%C3%A7%C3%A3o-6-200x300.jpg?resize=200%2C300\" width=\"200\" height=\"300\" srcset=\"https:\/\/i0.wp.com\/www.clickrp.com.br\/portal\/wp-content\/uploads\/2013\/03\/Divulga%C3%A7%C3%A3o-6.jpg?resize=200%2C300&amp;ssl=1 200w, https:\/\/i0.wp.com\/www.clickrp.com.br\/portal\/wp-content\/uploads\/2013\/03\/Divulga%C3%A7%C3%A3o-6.jpg?resize=682%2C1024&amp;ssl=1 682w, https:\/\/i0.wp.com\/www.clickrp.com.br\/portal\/wp-content\/uploads\/2013\/03\/Divulga%C3%A7%C3%A3o-6.jpg?w=700&amp;ssl=1 700w\" sizes=\"auto, (max-width: 200px) 100vw, 200px\" \/><\/p>\n<p>Atra\u00e7\u00f5es<br \/>\nO FEA Country ser\u00e1 o palco do sertanejo. O espa\u00e7o ter\u00e1 shows de Jo\u00e3o Lucas &amp; Matheus, Alex de Cristo, Marcus &amp; Vin\u00edcius, Kenyo &amp; Gaby, Carlos Henrique &amp; Daniel, Diego &amp; Ramon, Evandro &amp; Ricardo e a grande revela\u00e7\u00e3o da m\u00fasica sertaneja: o cantor Cristiano Ara\u00fajo, que promete agitar o p\u00fablico com sucessos como &#8220;Me Apego&#8221;, &#8220;Fazendo Bara Bere&#8221;, &#8220;Del\u00edrios de Amor&#8221;, &#8220;Efeitos&#8221;, &#8220;Voc\u00ea Mudou&#8221;, &#8220;Mente Pra Mim\u201d, &#8220;\u00c9 Fato&#8221;, &#8220;Empinadinha&#8221;, entre outros.<br \/>\nO palco Bejame ter\u00e1 Nando Reis e Os Infernais, Homem de Lata, Velhas Virgens e a banda de Ribeir\u00e3o Preto RP3.<br \/>\nNo espa\u00e7o Fusion, de m\u00fasica eletr\u00f4nica, o renomado DJ Carlo Dall\u2019Anese, se apresenta pela quarta vez no evento ao lado de Killer On The Dancefloor, Teclas, Glasgo, Mary Olivetti, A Gatal\u00f3gica, entre outros.<\/p>\n<p>Pontos de Vendas<br \/>\nTodas as op\u00e7\u00f5es de convites para a festa j\u00e1 est\u00e3o sendo comercializadas no ponto de venda: Loja Tribos &#8211; Rua: Cerqueira Cesar, 557, Centro, Ribeir\u00e3o Preto &#8211; S\u00e3o Paulo (16) 3023-0456 ou (16) 8157-0735<\/p>\n<p>Servi\u00e7o<br \/>\nData: 15\/03\/2013 \u2013 sexta-feira<br \/>\nLocal: Parque Permanente de Exposi\u00e7\u00f5es de Ribeir\u00e3o Preto (Av. Orestes Lopes de Camargo, s\/n &#8211; Jardim J\u00f3quei Clube)<br \/>\nAbertura dos Port\u00f5es: 22h30<br \/>\nCensura: 18 anos<br \/>\nMais informa\u00e7\u00f5es: www.facebook.com\/clickrp.com.br<\/p>\n","protected":false},"excerpt":{"rendered":"<p>Os Palcos Bejame, FEA Country e Fusion contam com duplas e bandas de Ribeir\u00e3o e regi\u00e3o que prometem agitar o p\u00fablico. Al\u00e9m disso, artistas nacionais como Nando Reis e Os Infernais, Velhas Virgens, Cristiano Ara\u00fajo e Carlo Dall&#8217;Anese, entre outros, tamb\u00e9m est\u00e3o confirmados A festa mais esperada pelos estudantes para comemora\u00e7\u00e3o do ingresso na vida universit\u00e1ria est\u00e1 chegando. Dia 15 de mar\u00e7o, no Parque Permanente de Exposi\u00e7\u00f5es, o Entorta Bixo recebe grandes nomes do rock\/pop, sertanejo e da house music [&hellip;]<\/p>\n","protected":false},"author":1,"featured_media":0,"comment_status":"open","ping_status":"open","sticky":false,"template":"","format":"standard","meta":{"jetpack_post_was_ever_published":false,"_jetpack_newsletter_access":"","_jetpack_dont_email_post_to_subs":false,"_jetpack_newsletter_tier_id":0,"_jetpack_memberships_contains_paywalled_content":false,"_jetpack_memberships_contains_paid_content":false,"footnotes":"","jetpack_publicize_message":"","jetpack_publicize_feature_enabled":true,"jetpack_social_post_already_shared":true,"jetpack_social_options":{"image_generator_settings":{"template":"highway","enabled":false},"version":2}},"categories":[1],"tags":[],"class_list":["post-2655","post","type-post","status-publish","format-standard","hentry","category-noticias"],"jetpack_publicize_connections":[],"jetpack_sharing_enabled":true,"jetpack_featured_media_url":"","jetpack_shortlink":"https:\/\/wp.me\/p1Lzat-GP","jetpack-related-posts":[],"_links":{"self":[{"href":"https:\/\/www.clickrp.com.br\/portal\/wp-json\/wp\/v2\/posts\/2655","targetHints":{"allow":["GET"]}}],"collection":[{"href":"https:\/\/www.clickrp.com.br\/portal\/wp-json\/wp\/v2\/posts"}],"about":[{"href":"https:\/\/www.clickrp.com.br\/portal\/wp-json\/wp\/v2\/types\/post"}],"author":[{"embeddable":true,"href":"https:\/\/www.clickrp.com.br\/portal\/wp-json\/wp\/v2\/users\/1"}],"replies":[{"embeddable":true,"href":"https:\/\/www.clickrp.com.br\/portal\/wp-json\/wp\/v2\/comments?post=2655"}],"version-history":[{"count":4,"href":"https:\/\/www.clickrp.com.br\/portal\/wp-json\/wp\/v2\/posts\/2655\/revisions"}],"predecessor-version":[{"id":6405,"href":"https:\/\/www.clickrp.com.br\/portal\/wp-json\/wp\/v2\/posts\/2655\/revisions\/6405"}],"wp:attachment":[{"href":"https:\/\/www.clickrp.com.br\/portal\/wp-json\/wp\/v2\/media?parent=2655"}],"wp:term":[{"taxonomy":"category","embeddable":true,"href":"https:\/\/www.clickrp.com.br\/portal\/wp-json\/wp\/v2\/categories?post=2655"},{"taxonomy":"post_tag","embeddable":true,"href":"https:\/\/www.clickrp.com.br\/portal\/wp-json\/wp\/v2\/tags?post=2655"}],"curies":[{"name":"wp","href":"https:\/\/api.w.org\/{rel}","templated":true}]}}