{"id":2606,"date":"2013-02-18T11:00:33","date_gmt":"2013-02-18T14:00:33","guid":{"rendered":"http:\/\/www.clickrp.com.br\/portal\/?p=2606"},"modified":"2015-09-28T05:24:11","modified_gmt":"2015-09-28T08:24:11","slug":"carnaval-baiano-chega-ao-interior-de-sao-paulo","status":"publish","type":"post","link":"https:\/\/www.clickrp.com.br\/portal\/2013\/02\/carnaval-baiano-chega-ao-interior-de-sao-paulo\/","title":{"rendered":"CARNAVAL BAIANO CHEGA AO INTERIOR DE S\u00c3O PAULO"},"content":{"rendered":"<p><img data-recalc-dims=\"1\" loading=\"lazy\" decoding=\"async\" data-attachment-id=\"2607\" data-permalink=\"https:\/\/www.clickrp.com.br\/portal\/2013\/02\/carnaval-baiano-chega-ao-interior-de-sao-paulo\/claudia-leitte\/\" data-orig-file=\"https:\/\/i0.wp.com\/www.clickrp.com.br\/portal\/wp-content\/uploads\/2013\/02\/Claudia-Leitte.jpg?fit=613%2C1200&amp;ssl=1\" data-orig-size=\"613,1200\" data-comments-opened=\"1\" data-image-meta=\"{&quot;aperture&quot;:&quot;13&quot;,&quot;credit&quot;:&quot;&quot;,&quot;camera&quot;:&quot;IQ180&quot;,&quot;caption&quot;:&quot;&quot;,&quot;created_timestamp&quot;:&quot;1353529073&quot;,&quot;copyright&quot;:&quot;&quot;,&quot;focal_length&quot;:&quot;80&quot;,&quot;iso&quot;:&quot;100&quot;,&quot;shutter_speed&quot;:&quot;0.00285714505927&quot;,&quot;title&quot;:&quot;&quot;}\" data-image-title=\"Claudia Leitte\" data-image-description=\"\" data-image-caption=\"\" data-medium-file=\"https:\/\/i0.wp.com\/www.clickrp.com.br\/portal\/wp-content\/uploads\/2013\/02\/Claudia-Leitte.jpg?fit=153%2C300&amp;ssl=1\" data-large-file=\"https:\/\/i0.wp.com\/www.clickrp.com.br\/portal\/wp-content\/uploads\/2013\/02\/Claudia-Leitte.jpg?fit=409%2C800&amp;ssl=1\" class=\"alignleft size-medium wp-image-2607\" alt=\"Claudia Leitte\" src=\"https:\/\/i0.wp.com\/www.clickrp.com.br\/portal\/wp-content\/uploads\/2013\/02\/Claudia-Leitte-153x300.jpg?resize=153%2C300\" width=\"153\" height=\"300\" srcset=\"https:\/\/i0.wp.com\/www.clickrp.com.br\/portal\/wp-content\/uploads\/2013\/02\/Claudia-Leitte.jpg?resize=153%2C300&amp;ssl=1 153w, https:\/\/i0.wp.com\/www.clickrp.com.br\/portal\/wp-content\/uploads\/2013\/02\/Claudia-Leitte.jpg?resize=523%2C1024&amp;ssl=1 523w, https:\/\/i0.wp.com\/www.clickrp.com.br\/portal\/wp-content\/uploads\/2013\/02\/Claudia-Leitte.jpg?w=613&amp;ssl=1 613w\" sizes=\"auto, (max-width: 153px) 100vw, 153px\" \/>As principais atra\u00e7\u00f5es e blocos do Carnaval de Rua de Salvador estar\u00e3o em abril no Carnabeir\u00e3o<\/p>\n<p>Ap\u00f3s arrastarem uma multid\u00e3o de foli\u00f5es no Carnaval em Salvador, os principais nomes do ax\u00e9 aterrizam na maior micareta do estado de S\u00e3o Paulo, o Carnabeir\u00e3o. O evento que acontece em Ribeir\u00e3o Preto, entre os dias 05 e 07 de abril, no Parque Permanente de Exposi\u00e7\u00f5es da cidade, chega em sua 17\u00aa edi\u00e7\u00e3o reunindo nomes importante da m\u00fasica, entre eles: Asa de \u00c1guia, Banda Eva, Jorge &amp; Mateus, Tomate, Chiclete com Banana e Claudia Leitte, que inicia um ano de estreias em sua carreira, uma delas ser\u00e1 a primeira vez no circuito do Carnabeir\u00e3o.<br \/>\nA musa promete agitar os foli\u00f5es com seus sucessos, arrastando a massa em seu Bloco Largadinho que estreou no carnaval em Salvador e estar\u00e1 pela primeira vez no interior de S\u00e3o Paulo, no Carnabeir\u00e3o. A loira que marcou o carnaval com a m\u00fasica que leva o nome do bloco \u201cLargadinho\u201d, e esbanjou simpatia, recebeu o premio Band Folia de Melhor Cantora do Carnaval 2013, e reinar\u00e1 em meio aos cantores homens que tamb\u00e9m passar\u00e3o pelo circuito da micareta.<br \/>\nPrograma\u00e7\u00e3o<br \/>\nO Carnabeir\u00e3o come\u00e7a na sexta-feira, dia 05, com a Banda Eva que apresenta seu novo vocalista Felipe e Asa de \u00c1guia que encerra a noite, as duas bandas puxam o Bloco Eva, j\u00e1 conhecido e de muito sucesso no evento. No s\u00e1bado (06) ser\u00e3o duas as grandes atra\u00e7\u00f5es da micareta: Chiclete com Banana, a frente do tradicional Bloco Nana que promete mais uma vez fazer hist\u00f3ria no circuito e a estreante Claudia Leitte e seu Bloco Largadinho. E para encerrar a festa em grande estilo, no domingo (07), dois blocos estreantes prometem fechar a festa com chave de ouro, o Bloco do Farol com o cantor Tomate e o Bloco Pirra\u00e7a com a dupla Jorge &amp; Matheus.<br \/>\nA organiza\u00e7\u00e3o da maior micareta de S\u00e3o Paulo j\u00e1 iniciou a venda dos abad\u00e1s para os foli\u00f5es participarem dos blocos e dos camarotes na Loja Oficial do Carnabeir\u00e3o que fica no Extra Hipermercado da Av. Presidente Vargas e tamb\u00e9m via online pelo site do evento www.carnabeirao.com.br.<br \/>\nO Carnabeir\u00e3o<br \/>\nO Carnabeir\u00e3o se consagrou nacionalmente por reunir o melhor do ax\u00e9 e por se manter fiel ao estilo do carnaval de rua da Bahia, se transformando na maior micareta do estado e uma das cinco maiores do pa\u00eds. A folia conta com um circuito fechado localizado no Parque Permanente de Exposi\u00e7\u00f5es, trecho que \u00e9 percorrido pelos trios e reproduz exatamente o clima dos grandes blocos do carnaval baiano. Com uma mistura de ritmos que faz sucesso e re\u00fane diferentes tribos em harmonia &#8211; com ax\u00e9, m\u00fasica eletr\u00f4nica, sertanejo e o pagode &#8211; o evento re\u00fane durante os tr\u00eas dias de folia milhares de fol\u00f5es.<br \/>\nA micareta, que est\u00e1 sempre inovando, prioriza totalmente a seguran\u00e7a e o conforto dos foli\u00f5es com estrutura completa e, claro, o melhor que pode haver em termos de entretenimento, abrigando Pra\u00e7a de Alimenta\u00e7\u00e3o, Arquibancada da Alegria (espa\u00e7o para os foli\u00f5es que optarem curtir a micareta sem abad\u00e1), Camarotes, Posto de Atendimento M\u00e9dico, Posto da Pol\u00edcia Militar, Estacionamentos, Central de Monitoramento e Seguran\u00e7a, Banheiros e, claro, o Circuito dos trios.<br \/>\nPara mais informa\u00e7\u00f5es acesse: www.carnabeirao.com.br<\/p>\n<p>Confira a programa\u00e7\u00e3o<br \/>\n05 de abril<br \/>\n&#8211; Banda Eva: Bloco Eva<br \/>\n&#8211; Asa de \u00c1guia: Bloco Eva<br \/>\n06 de abril<br \/>\n&#8211; Chiclete com Banana: Bloco Nana Banana<br \/>\n&#8211; Claudia Leitte: Bloco Largadinho<br \/>\n07 de abril<br \/>\n&#8211; Tomate: Bloco do Farol<br \/>\n&#8211; Jorge &amp; Mateus: Bloco Pirra\u00e7a<\/p>\n","protected":false},"excerpt":{"rendered":"<p>As principais atra\u00e7\u00f5es e blocos do Carnaval de Rua de Salvador estar\u00e3o em abril no Carnabeir\u00e3o Ap\u00f3s arrastarem uma multid\u00e3o de foli\u00f5es no Carnaval em Salvador, os principais nomes do ax\u00e9 aterrizam na maior micareta do estado de S\u00e3o Paulo, o Carnabeir\u00e3o. O evento que acontece em Ribeir\u00e3o Preto, entre os dias 05 e 07 de abril, no Parque Permanente de Exposi\u00e7\u00f5es da cidade, chega em sua 17\u00aa edi\u00e7\u00e3o reunindo nomes importante da m\u00fasica, entre eles: Asa de \u00c1guia, Banda [&hellip;]<\/p>\n","protected":false},"author":1,"featured_media":0,"comment_status":"open","ping_status":"open","sticky":false,"template":"","format":"standard","meta":{"jetpack_post_was_ever_published":false,"_jetpack_newsletter_access":"","_jetpack_dont_email_post_to_subs":false,"_jetpack_newsletter_tier_id":0,"_jetpack_memberships_contains_paywalled_content":false,"_jetpack_memberships_contains_paid_content":false,"footnotes":"","jetpack_publicize_message":"","jetpack_publicize_feature_enabled":true,"jetpack_social_post_already_shared":true,"jetpack_social_options":{"image_generator_settings":{"template":"highway","enabled":false},"version":2}},"categories":[1],"tags":[],"class_list":["post-2606","post","type-post","status-publish","format-standard","hentry","category-noticias"],"jetpack_publicize_connections":[],"jetpack_sharing_enabled":true,"jetpack_featured_media_url":"","jetpack_shortlink":"https:\/\/wp.me\/p1Lzat-G2","jetpack-related-posts":[],"_links":{"self":[{"href":"https:\/\/www.clickrp.com.br\/portal\/wp-json\/wp\/v2\/posts\/2606","targetHints":{"allow":["GET"]}}],"collection":[{"href":"https:\/\/www.clickrp.com.br\/portal\/wp-json\/wp\/v2\/posts"}],"about":[{"href":"https:\/\/www.clickrp.com.br\/portal\/wp-json\/wp\/v2\/types\/post"}],"author":[{"embeddable":true,"href":"https:\/\/www.clickrp.com.br\/portal\/wp-json\/wp\/v2\/users\/1"}],"replies":[{"embeddable":true,"href":"https:\/\/www.clickrp.com.br\/portal\/wp-json\/wp\/v2\/comments?post=2606"}],"version-history":[{"count":2,"href":"https:\/\/www.clickrp.com.br\/portal\/wp-json\/wp\/v2\/posts\/2606\/revisions"}],"predecessor-version":[{"id":6414,"href":"https:\/\/www.clickrp.com.br\/portal\/wp-json\/wp\/v2\/posts\/2606\/revisions\/6414"}],"wp:attachment":[{"href":"https:\/\/www.clickrp.com.br\/portal\/wp-json\/wp\/v2\/media?parent=2606"}],"wp:term":[{"taxonomy":"category","embeddable":true,"href":"https:\/\/www.clickrp.com.br\/portal\/wp-json\/wp\/v2\/categories?post=2606"},{"taxonomy":"post_tag","embeddable":true,"href":"https:\/\/www.clickrp.com.br\/portal\/wp-json\/wp\/v2\/tags?post=2606"}],"curies":[{"name":"wp","href":"https:\/\/api.w.org\/{rel}","templated":true}]}}