{"id":2578,"date":"2013-02-06T11:00:27","date_gmt":"2013-02-06T14:00:27","guid":{"rendered":"http:\/\/www.clickrp.com.br\/portal\/?p=2578"},"modified":"2015-09-28T05:24:11","modified_gmt":"2015-09-28T08:24:11","slug":"joao-lucas-matheus-se-encontra-com-fatima-bernardes","status":"publish","type":"post","link":"https:\/\/www.clickrp.com.br\/portal\/2013\/02\/joao-lucas-matheus-se-encontra-com-fatima-bernardes\/","title":{"rendered":"Jo\u00e3o Lucas &#038; Matheus se encontra com F\u00e1tima Bernardes"},"content":{"rendered":"<p><img data-recalc-dims=\"1\" loading=\"lazy\" decoding=\"async\" data-attachment-id=\"2570\" data-permalink=\"https:\/\/www.clickrp.com.br\/portal\/2013\/02\/sertanejo-de-joao-lucas-matheus-conquista-o-carnaval-carioca\/joao-lucas-matheus-estreia-no-carnaval-do-rio-de-janeiro-puxando-o-bloco-chora-me-liga\/\" data-orig-file=\"https:\/\/i0.wp.com\/www.clickrp.com.br\/portal\/wp-content\/uploads\/2013\/02\/Jo%C3%A3o-Lucas-Matheus-estreia-no-carnaval-do-Rio-de-Janeiro-puxando-o-bloco-Chora-Me-Liga.jpg?fit=600%2C397&amp;ssl=1\" data-orig-size=\"600,397\" data-comments-opened=\"1\" data-image-meta=\"{&quot;aperture&quot;:&quot;7.1&quot;,&quot;credit&quot;:&quot;&quot;,&quot;camera&quot;:&quot;NIKON D7000&quot;,&quot;caption&quot;:&quot;&quot;,&quot;created_timestamp&quot;:&quot;1359846923&quot;,&quot;copyright&quot;:&quot;&quot;,&quot;focal_length&quot;:&quot;150&quot;,&quot;iso&quot;:&quot;400&quot;,&quot;shutter_speed&quot;:&quot;0.0005&quot;,&quot;title&quot;:&quot;&quot;}\" data-image-title=\"Jo\u00e3o Lucas &amp;#038; Matheus estreia no carnaval do Rio de Janeiro puxando o bloco Chora Me Liga\" data-image-description=\"\" data-image-caption=\"\" data-medium-file=\"https:\/\/i0.wp.com\/www.clickrp.com.br\/portal\/wp-content\/uploads\/2013\/02\/Jo%C3%A3o-Lucas-Matheus-estreia-no-carnaval-do-Rio-de-Janeiro-puxando-o-bloco-Chora-Me-Liga.jpg?fit=300%2C198&amp;ssl=1\" data-large-file=\"https:\/\/i0.wp.com\/www.clickrp.com.br\/portal\/wp-content\/uploads\/2013\/02\/Jo%C3%A3o-Lucas-Matheus-estreia-no-carnaval-do-Rio-de-Janeiro-puxando-o-bloco-Chora-Me-Liga.jpg?fit=600%2C397&amp;ssl=1\" class=\"alignleft size-medium wp-image-2570\" alt=\"Jo\u00e3o Lucas &amp; Matheus estreia no carnaval do Rio de Janeiro puxando o bloco Chora Me Liga\" src=\"https:\/\/i0.wp.com\/www.clickrp.com.br\/portal\/wp-content\/uploads\/2013\/02\/Jo%C3%A3o-Lucas-Matheus-estreia-no-carnaval-do-Rio-de-Janeiro-puxando-o-bloco-Chora-Me-Liga-300x198.jpg?resize=300%2C198\" width=\"300\" height=\"198\" srcset=\"https:\/\/i0.wp.com\/www.clickrp.com.br\/portal\/wp-content\/uploads\/2013\/02\/Jo%C3%A3o-Lucas-Matheus-estreia-no-carnaval-do-Rio-de-Janeiro-puxando-o-bloco-Chora-Me-Liga.jpg?resize=300%2C198&amp;ssl=1 300w, https:\/\/i0.wp.com\/www.clickrp.com.br\/portal\/wp-content\/uploads\/2013\/02\/Jo%C3%A3o-Lucas-Matheus-estreia-no-carnaval-do-Rio-de-Janeiro-puxando-o-bloco-Chora-Me-Liga.jpg?w=600&amp;ssl=1 600w\" sizes=\"auto, (max-width: 300px) 100vw, 300px\" \/>A dupla ribeir\u00e3opretana Jo\u00e3o Lucas &amp; Matheus participar\u00e1 ao vivo do programa Encontro com F\u00e1tima Bernardes, da Rede Globo, nesta quinta-feira, 07 de fevereiro. A partir das 10h40, os cantores falar\u00e3o sobre a carreira e cantar\u00e3o alguns de seus sucessos sertanejos. A dupla tamb\u00e9m falar\u00e1 sobre a experi\u00eancia fascinante que vivenciou ao estrear no pr\u00e9-carnaval do Rio de Janeiro, no domingo passado, quando puxou o Bloco Chora Me Liga reunindo 70 mil foli\u00f5es na orla de Copacabana.<\/p>\n","protected":false},"excerpt":{"rendered":"<p>A dupla ribeir\u00e3opretana Jo\u00e3o Lucas &amp; Matheus participar\u00e1 ao vivo do programa Encontro com F\u00e1tima Bernardes, da Rede Globo, nesta quinta-feira, 07 de fevereiro. A partir das 10h40, os cantores falar\u00e3o sobre a carreira e cantar\u00e3o alguns de seus sucessos sertanejos. A dupla tamb\u00e9m falar\u00e1 sobre a experi\u00eancia fascinante que vivenciou ao estrear no pr\u00e9-carnaval do Rio de Janeiro, no domingo passado, quando puxou o Bloco Chora Me Liga reunindo 70 mil foli\u00f5es na orla de Copacabana.<\/p>\n","protected":false},"author":1,"featured_media":0,"comment_status":"open","ping_status":"open","sticky":false,"template":"","format":"standard","meta":{"jetpack_post_was_ever_published":false,"_jetpack_newsletter_access":"","_jetpack_dont_email_post_to_subs":false,"_jetpack_newsletter_tier_id":0,"_jetpack_memberships_contains_paywalled_content":false,"_jetpack_memberships_contains_paid_content":false,"footnotes":"","jetpack_publicize_message":"Jo\u00e3o Lucas & Matheus se encontra com F\u00e1tima Bernardes","jetpack_publicize_feature_enabled":true,"jetpack_social_post_already_shared":true,"jetpack_social_options":{"image_generator_settings":{"template":"highway","enabled":false},"version":2}},"categories":[1],"tags":[],"class_list":["post-2578","post","type-post","status-publish","format-standard","hentry","category-noticias"],"jetpack_publicize_connections":[],"jetpack_sharing_enabled":true,"jetpack_featured_media_url":"","jetpack_shortlink":"https:\/\/wp.me\/p1Lzat-FA","jetpack-related-posts":[],"_links":{"self":[{"href":"https:\/\/www.clickrp.com.br\/portal\/wp-json\/wp\/v2\/posts\/2578","targetHints":{"allow":["GET"]}}],"collection":[{"href":"https:\/\/www.clickrp.com.br\/portal\/wp-json\/wp\/v2\/posts"}],"about":[{"href":"https:\/\/www.clickrp.com.br\/portal\/wp-json\/wp\/v2\/types\/post"}],"author":[{"embeddable":true,"href":"https:\/\/www.clickrp.com.br\/portal\/wp-json\/wp\/v2\/users\/1"}],"replies":[{"embeddable":true,"href":"https:\/\/www.clickrp.com.br\/portal\/wp-json\/wp\/v2\/comments?post=2578"}],"version-history":[{"count":2,"href":"https:\/\/www.clickrp.com.br\/portal\/wp-json\/wp\/v2\/posts\/2578\/revisions"}],"predecessor-version":[{"id":6312,"href":"https:\/\/www.clickrp.com.br\/portal\/wp-json\/wp\/v2\/posts\/2578\/revisions\/6312"}],"wp:attachment":[{"href":"https:\/\/www.clickrp.com.br\/portal\/wp-json\/wp\/v2\/media?parent=2578"}],"wp:term":[{"taxonomy":"category","embeddable":true,"href":"https:\/\/www.clickrp.com.br\/portal\/wp-json\/wp\/v2\/categories?post=2578"},{"taxonomy":"post_tag","embeddable":true,"href":"https:\/\/www.clickrp.com.br\/portal\/wp-json\/wp\/v2\/tags?post=2578"}],"curies":[{"name":"wp","href":"https:\/\/api.w.org\/{rel}","templated":true}]}}