{"id":2567,"date":"2013-02-04T18:00:30","date_gmt":"2013-02-04T21:00:30","guid":{"rendered":"http:\/\/www.clickrp.com.br\/portal\/?p=2567"},"modified":"2015-09-28T05:24:11","modified_gmt":"2015-09-28T08:24:11","slug":"sertanejo-de-joao-lucas-matheus-conquista-o-carnaval-carioca","status":"publish","type":"post","link":"https:\/\/www.clickrp.com.br\/portal\/2013\/02\/sertanejo-de-joao-lucas-matheus-conquista-o-carnaval-carioca\/","title":{"rendered":"Sertanejo de Jo\u00e3o Lucas &#038; Matheus conquista o Carnaval Carioca"},"content":{"rendered":"<p>A Cidade Maravilhosa se rende ao sertanejo da dupla ribeir\u00e3opretana que estreou no carnaval carioca, puxando o Bloco Chora Me Liga, em Copacabana<br \/>\nNesse domingo, 03 de fevereiro, mais de 70 mil pessoas invadiram a orla de Copacabana para curtir o sertanejo de Jo\u00e3o Lucas &amp; Matheus, no desfile do Bloco Chora Me Liga. Esta foi a estreia da dupla ribeir\u00e3opretana no carnaval carioca. Junto com a multid\u00e3o, que foi levada pelo bloco por aproximadamente quatro horas, a Globeleza Aline Parado \u2013 a musa 2013 do Chora Me Liga \u2013 tamb\u00e9m curtiu os sucessos da dupla, al\u00e9m dos j\u00e1 consagrados no mundo sertanejo que na ocasi\u00e3o foram interpretados por Jo\u00e3o Lucas &amp; Matheus.<\/p>\n<p><img data-recalc-dims=\"1\" loading=\"lazy\" decoding=\"async\" data-attachment-id=\"2568\" data-permalink=\"https:\/\/www.clickrp.com.br\/portal\/2013\/02\/sertanejo-de-joao-lucas-matheus-conquista-o-carnaval-carioca\/publico-mais-de-70-mil-folioes-curtiram-o-show-da-dupla-na-orla-de-copacabana\/\" data-orig-file=\"https:\/\/i0.wp.com\/www.clickrp.com.br\/portal\/wp-content\/uploads\/2013\/02\/P%C3%BAblico-mais-de-70-mil-foli%C3%B5es-curtiram-o-show-da-dupla-na-orla-de-Copacabana.jpg?fit=600%2C397&amp;ssl=1\" data-orig-size=\"600,397\" data-comments-opened=\"1\" data-image-meta=\"{&quot;aperture&quot;:&quot;9&quot;,&quot;credit&quot;:&quot;&quot;,&quot;camera&quot;:&quot;NIKON D7000&quot;,&quot;caption&quot;:&quot;&quot;,&quot;created_timestamp&quot;:&quot;1359850614&quot;,&quot;copyright&quot;:&quot;&quot;,&quot;focal_length&quot;:&quot;20&quot;,&quot;iso&quot;:&quot;500&quot;,&quot;shutter_speed&quot;:&quot;0.0008&quot;,&quot;title&quot;:&quot;&quot;}\" data-image-title=\"P\u00fablico mais de 70 mil foli\u00f5es curtiram o show da dupla na orla de Copacabana\" data-image-description=\"\" data-image-caption=\"\" data-medium-file=\"https:\/\/i0.wp.com\/www.clickrp.com.br\/portal\/wp-content\/uploads\/2013\/02\/P%C3%BAblico-mais-de-70-mil-foli%C3%B5es-curtiram-o-show-da-dupla-na-orla-de-Copacabana.jpg?fit=300%2C198&amp;ssl=1\" data-large-file=\"https:\/\/i0.wp.com\/www.clickrp.com.br\/portal\/wp-content\/uploads\/2013\/02\/P%C3%BAblico-mais-de-70-mil-foli%C3%B5es-curtiram-o-show-da-dupla-na-orla-de-Copacabana.jpg?fit=600%2C397&amp;ssl=1\" class=\"alignleft  wp-image-2568\" alt=\"P\u00fablico mais de 70 mil foli\u00f5es curtiram o show da dupla na orla de Copacabana\" src=\"https:\/\/i0.wp.com\/www.clickrp.com.br\/portal\/wp-content\/uploads\/2013\/02\/P%C3%BAblico-mais-de-70-mil-foli%C3%B5es-curtiram-o-show-da-dupla-na-orla-de-Copacabana-300x198.jpg?resize=180%2C119\" width=\"180\" height=\"119\" srcset=\"https:\/\/i0.wp.com\/www.clickrp.com.br\/portal\/wp-content\/uploads\/2013\/02\/P%C3%BAblico-mais-de-70-mil-foli%C3%B5es-curtiram-o-show-da-dupla-na-orla-de-Copacabana.jpg?resize=300%2C200&amp;ssl=1 300w, https:\/\/i0.wp.com\/www.clickrp.com.br\/portal\/wp-content\/uploads\/2013\/02\/P%C3%BAblico-mais-de-70-mil-foli%C3%B5es-curtiram-o-show-da-dupla-na-orla-de-Copacabana.jpg?w=600&amp;ssl=1 600w\" sizes=\"auto, (max-width: 180px) 100vw, 180px\" \/> <img data-recalc-dims=\"1\" loading=\"lazy\" decoding=\"async\" data-attachment-id=\"2569\" data-permalink=\"https:\/\/www.clickrp.com.br\/portal\/2013\/02\/sertanejo-de-joao-lucas-matheus-conquista-o-carnaval-carioca\/aline-prado-a-globeleza-e-madrinha-do-bloco-participou-do-pre-carnaval-junto-com-joao-lucas-matheus\/\" data-orig-file=\"https:\/\/i0.wp.com\/www.clickrp.com.br\/portal\/wp-content\/uploads\/2013\/02\/Aline-Prado-a-Globeleza-e-madrinha-do-Bloco-participou-do-pr%C3%A9-carnaval-junto-com-Jo%C3%A3o-Lucas-Matheus.jpg?fit=600%2C423&amp;ssl=1\" data-orig-size=\"600,423\" data-comments-opened=\"1\" data-image-meta=\"{&quot;aperture&quot;:&quot;7.1&quot;,&quot;credit&quot;:&quot;&quot;,&quot;camera&quot;:&quot;NIKON D7000&quot;,&quot;caption&quot;:&quot;&quot;,&quot;created_timestamp&quot;:&quot;1359848468&quot;,&quot;copyright&quot;:&quot;&quot;,&quot;focal_length&quot;:&quot;95&quot;,&quot;iso&quot;:&quot;400&quot;,&quot;shutter_speed&quot;:&quot;0.0008&quot;,&quot;title&quot;:&quot;&quot;}\" data-image-title=\"Aline Prado, a Globeleza e madrinha do Bloco, participou do pr\u00e9-carnaval junto com Jo\u00e3o Lucas &amp;#038; Matheus\" data-image-description=\"\" data-image-caption=\"\" data-medium-file=\"https:\/\/i0.wp.com\/www.clickrp.com.br\/portal\/wp-content\/uploads\/2013\/02\/Aline-Prado-a-Globeleza-e-madrinha-do-Bloco-participou-do-pr%C3%A9-carnaval-junto-com-Jo%C3%A3o-Lucas-Matheus.jpg?fit=300%2C211&amp;ssl=1\" data-large-file=\"https:\/\/i0.wp.com\/www.clickrp.com.br\/portal\/wp-content\/uploads\/2013\/02\/Aline-Prado-a-Globeleza-e-madrinha-do-Bloco-participou-do-pr%C3%A9-carnaval-junto-com-Jo%C3%A3o-Lucas-Matheus.jpg?fit=600%2C423&amp;ssl=1\" class=\"alignleft  wp-image-2569\" alt=\"Aline Prado, a Globeleza e madrinha do Bloco, participou do pr\u00e9-carnaval junto com Jo\u00e3o Lucas &amp; Matheus\" src=\"https:\/\/i0.wp.com\/www.clickrp.com.br\/portal\/wp-content\/uploads\/2013\/02\/Aline-Prado-a-Globeleza-e-madrinha-do-Bloco-participou-do-pr%C3%A9-carnaval-junto-com-Jo%C3%A3o-Lucas-Matheus-300x211.jpg?resize=180%2C127\" width=\"180\" height=\"127\" srcset=\"https:\/\/i0.wp.com\/www.clickrp.com.br\/portal\/wp-content\/uploads\/2013\/02\/Aline-Prado-a-Globeleza-e-madrinha-do-Bloco-participou-do-pr%C3%A9-carnaval-junto-com-Jo%C3%A3o-Lucas-Matheus.jpg?resize=300%2C211&amp;ssl=1 300w, https:\/\/i0.wp.com\/www.clickrp.com.br\/portal\/wp-content\/uploads\/2013\/02\/Aline-Prado-a-Globeleza-e-madrinha-do-Bloco-participou-do-pr%C3%A9-carnaval-junto-com-Jo%C3%A3o-Lucas-Matheus.jpg?w=600&amp;ssl=1 600w\" sizes=\"auto, (max-width: 180px) 100vw, 180px\" \/> <img data-recalc-dims=\"1\" loading=\"lazy\" decoding=\"async\" data-attachment-id=\"2570\" data-permalink=\"https:\/\/www.clickrp.com.br\/portal\/2013\/02\/sertanejo-de-joao-lucas-matheus-conquista-o-carnaval-carioca\/joao-lucas-matheus-estreia-no-carnaval-do-rio-de-janeiro-puxando-o-bloco-chora-me-liga\/\" data-orig-file=\"https:\/\/i0.wp.com\/www.clickrp.com.br\/portal\/wp-content\/uploads\/2013\/02\/Jo%C3%A3o-Lucas-Matheus-estreia-no-carnaval-do-Rio-de-Janeiro-puxando-o-bloco-Chora-Me-Liga.jpg?fit=600%2C397&amp;ssl=1\" data-orig-size=\"600,397\" data-comments-opened=\"1\" data-image-meta=\"{&quot;aperture&quot;:&quot;7.1&quot;,&quot;credit&quot;:&quot;&quot;,&quot;camera&quot;:&quot;NIKON D7000&quot;,&quot;caption&quot;:&quot;&quot;,&quot;created_timestamp&quot;:&quot;1359846923&quot;,&quot;copyright&quot;:&quot;&quot;,&quot;focal_length&quot;:&quot;150&quot;,&quot;iso&quot;:&quot;400&quot;,&quot;shutter_speed&quot;:&quot;0.0005&quot;,&quot;title&quot;:&quot;&quot;}\" data-image-title=\"Jo\u00e3o Lucas &amp;#038; Matheus estreia no carnaval do Rio de Janeiro puxando o bloco Chora Me Liga\" data-image-description=\"\" data-image-caption=\"\" data-medium-file=\"https:\/\/i0.wp.com\/www.clickrp.com.br\/portal\/wp-content\/uploads\/2013\/02\/Jo%C3%A3o-Lucas-Matheus-estreia-no-carnaval-do-Rio-de-Janeiro-puxando-o-bloco-Chora-Me-Liga.jpg?fit=300%2C198&amp;ssl=1\" data-large-file=\"https:\/\/i0.wp.com\/www.clickrp.com.br\/portal\/wp-content\/uploads\/2013\/02\/Jo%C3%A3o-Lucas-Matheus-estreia-no-carnaval-do-Rio-de-Janeiro-puxando-o-bloco-Chora-Me-Liga.jpg?fit=600%2C397&amp;ssl=1\" class=\"alignleft  wp-image-2570\" alt=\"Jo\u00e3o Lucas &amp; Matheus estreia no carnaval do Rio de Janeiro puxando o bloco Chora Me Liga\" src=\"https:\/\/i0.wp.com\/www.clickrp.com.br\/portal\/wp-content\/uploads\/2013\/02\/Jo%C3%A3o-Lucas-Matheus-estreia-no-carnaval-do-Rio-de-Janeiro-puxando-o-bloco-Chora-Me-Liga-300x198.jpg?resize=180%2C119\" width=\"180\" height=\"119\" srcset=\"https:\/\/i0.wp.com\/www.clickrp.com.br\/portal\/wp-content\/uploads\/2013\/02\/Jo%C3%A3o-Lucas-Matheus-estreia-no-carnaval-do-Rio-de-Janeiro-puxando-o-bloco-Chora-Me-Liga.jpg?resize=300%2C200&amp;ssl=1 300w, https:\/\/i0.wp.com\/www.clickrp.com.br\/portal\/wp-content\/uploads\/2013\/02\/Jo%C3%A3o-Lucas-Matheus-estreia-no-carnaval-do-Rio-de-Janeiro-puxando-o-bloco-Chora-Me-Liga.jpg?w=600&amp;ssl=1 600w\" sizes=\"auto, (max-width: 180px) 100vw, 180px\" \/><\/p>\n","protected":false},"excerpt":{"rendered":"<p>A Cidade Maravilhosa se rende ao sertanejo da dupla ribeir\u00e3opretana que estreou no carnaval carioca, puxando o Bloco Chora Me Liga, em Copacabana Nesse domingo, 03 de fevereiro, mais de 70 mil pessoas invadiram a orla de Copacabana para curtir o sertanejo de Jo\u00e3o Lucas &amp; Matheus, no desfile do Bloco Chora Me Liga. Esta foi a estreia da dupla ribeir\u00e3opretana no carnaval carioca. Junto com a multid\u00e3o, que foi levada pelo bloco por aproximadamente quatro horas, a Globeleza Aline [&hellip;]<\/p>\n","protected":false},"author":1,"featured_media":0,"comment_status":"open","ping_status":"open","sticky":false,"template":"","format":"standard","meta":{"jetpack_post_was_ever_published":false,"_jetpack_newsletter_access":"","_jetpack_dont_email_post_to_subs":false,"_jetpack_newsletter_tier_id":0,"_jetpack_memberships_contains_paywalled_content":false,"_jetpack_memberships_contains_paid_content":false,"footnotes":"","jetpack_publicize_message":"","jetpack_publicize_feature_enabled":true,"jetpack_social_post_already_shared":true,"jetpack_social_options":{"image_generator_settings":{"template":"highway","enabled":false},"version":2}},"categories":[1],"tags":[],"class_list":["post-2567","post","type-post","status-publish","format-standard","hentry","category-noticias"],"jetpack_publicize_connections":[],"jetpack_sharing_enabled":true,"jetpack_featured_media_url":"","jetpack_shortlink":"https:\/\/wp.me\/p1Lzat-Fp","jetpack-related-posts":[],"_links":{"self":[{"href":"https:\/\/www.clickrp.com.br\/portal\/wp-json\/wp\/v2\/posts\/2567","targetHints":{"allow":["GET"]}}],"collection":[{"href":"https:\/\/www.clickrp.com.br\/portal\/wp-json\/wp\/v2\/posts"}],"about":[{"href":"https:\/\/www.clickrp.com.br\/portal\/wp-json\/wp\/v2\/types\/post"}],"author":[{"embeddable":true,"href":"https:\/\/www.clickrp.com.br\/portal\/wp-json\/wp\/v2\/users\/1"}],"replies":[{"embeddable":true,"href":"https:\/\/www.clickrp.com.br\/portal\/wp-json\/wp\/v2\/comments?post=2567"}],"version-history":[{"count":2,"href":"https:\/\/www.clickrp.com.br\/portal\/wp-json\/wp\/v2\/posts\/2567\/revisions"}],"predecessor-version":[{"id":6313,"href":"https:\/\/www.clickrp.com.br\/portal\/wp-json\/wp\/v2\/posts\/2567\/revisions\/6313"}],"wp:attachment":[{"href":"https:\/\/www.clickrp.com.br\/portal\/wp-json\/wp\/v2\/media?parent=2567"}],"wp:term":[{"taxonomy":"category","embeddable":true,"href":"https:\/\/www.clickrp.com.br\/portal\/wp-json\/wp\/v2\/categories?post=2567"},{"taxonomy":"post_tag","embeddable":true,"href":"https:\/\/www.clickrp.com.br\/portal\/wp-json\/wp\/v2\/tags?post=2567"}],"curies":[{"name":"wp","href":"https:\/\/api.w.org\/{rel}","templated":true}]}}