{"id":2549,"date":"2013-01-29T10:00:12","date_gmt":"2013-01-29T13:00:12","guid":{"rendered":"http:\/\/www.clickrp.com.br\/portal\/?p=2549"},"modified":"2015-09-28T05:24:32","modified_gmt":"2015-09-28T08:24:32","slug":"com-atracoes-ineditas-e-novos-blocos-carnabeirao-comeca-venda-de-abadas","status":"publish","type":"post","link":"https:\/\/www.clickrp.com.br\/portal\/2013\/01\/com-atracoes-ineditas-e-novos-blocos-carnabeirao-comeca-venda-de-abadas\/","title":{"rendered":"Com atra\u00e7\u00f5es in\u00e9ditas e novos blocos, Carnabeir\u00e3o come\u00e7a venda de abad\u00e1s"},"content":{"rendered":"<p><img data-recalc-dims=\"1\" loading=\"lazy\" decoding=\"async\" data-attachment-id=\"2550\" data-permalink=\"https:\/\/www.clickrp.com.br\/portal\/2013\/01\/com-atracoes-ineditas-e-novos-blocos-carnabeirao-comeca-venda-de-abadas\/claudia-leitte-divulgacao\/\" data-orig-file=\"https:\/\/i0.wp.com\/www.clickrp.com.br\/portal\/wp-content\/uploads\/2013\/01\/Claudia-Leitte-divulga%C3%A7%C3%A3o.jpg?fit=450%2C1179&amp;ssl=1\" data-orig-size=\"450,1179\" data-comments-opened=\"1\" data-image-meta=\"{&quot;aperture&quot;:&quot;13&quot;,&quot;credit&quot;:&quot;&quot;,&quot;camera&quot;:&quot;IQ180&quot;,&quot;caption&quot;:&quot;&quot;,&quot;created_timestamp&quot;:&quot;1353540385&quot;,&quot;copyright&quot;:&quot;&quot;,&quot;focal_length&quot;:&quot;80&quot;,&quot;iso&quot;:&quot;100&quot;,&quot;shutter_speed&quot;:&quot;0.00285714505927&quot;,&quot;title&quot;:&quot;&quot;}\" data-image-title=\"Claudia Leitte &amp;#8211; divulga\u00e7\u00e3o\" data-image-description=\"\" data-image-caption=\"\" data-medium-file=\"https:\/\/i0.wp.com\/www.clickrp.com.br\/portal\/wp-content\/uploads\/2013\/01\/Claudia-Leitte-divulga%C3%A7%C3%A3o.jpg?fit=114%2C300&amp;ssl=1\" data-large-file=\"https:\/\/i0.wp.com\/www.clickrp.com.br\/portal\/wp-content\/uploads\/2013\/01\/Claudia-Leitte-divulga%C3%A7%C3%A3o.jpg?fit=305%2C800&amp;ssl=1\" class=\"alignleft size-medium wp-image-2550\" alt=\"Claudia Leitte - divulga\u00e7\u00e3o\" src=\"https:\/\/i0.wp.com\/www.clickrp.com.br\/portal\/wp-content\/uploads\/2013\/01\/Claudia-Leitte-divulga%C3%A7%C3%A3o-114x300.jpg?resize=114%2C300\" width=\"114\" height=\"300\" srcset=\"https:\/\/i0.wp.com\/www.clickrp.com.br\/portal\/wp-content\/uploads\/2013\/01\/Claudia-Leitte-divulga%C3%A7%C3%A3o.jpg?resize=114%2C300&amp;ssl=1 114w, https:\/\/i0.wp.com\/www.clickrp.com.br\/portal\/wp-content\/uploads\/2013\/01\/Claudia-Leitte-divulga%C3%A7%C3%A3o.jpg?resize=390%2C1024&amp;ssl=1 390w, https:\/\/i0.wp.com\/www.clickrp.com.br\/portal\/wp-content\/uploads\/2013\/01\/Claudia-Leitte-divulga%C3%A7%C3%A3o.jpg?w=450&amp;ssl=1 450w\" sizes=\"auto, (max-width: 114px) 100vw, 114px\" \/>A 1\u00aa grande micareta depois do carnaval de Salvador acontece em Ribeir\u00e3o Preto, entre os dias 05 e 07 de abril, no Parque Permanente de Exposi\u00e7\u00f5es da cidade. Neste ano, evento re\u00fane Asa de \u00c1guia, Eva, Chiclete com Banana, Claudia Leitte, Tomate e a dupla sertaneja Jorge &amp; Mateus<\/p>\n<p>Com v\u00e1rias novidades na sua 17a edi\u00e7\u00e3o, o Carnabeir\u00e3o iniciou a venda antecipada de abad\u00e1s atrav\u00e9s do site do evento e tamb\u00e9m em um ponto fixo em Ribeir\u00e3o Preto, no Extra Hipermercados.<\/p>\n<p>Consagrado nacionalmente por reunir o melhor do ax\u00e9 e se manter fiel ao estilo do carnaval de rua da Bahia, a edi\u00e7\u00e3o 2013 do Carnabeir\u00e3o ter\u00e1 a estreia da diva Claudia Leitte (foto abaixo), que se apresentar\u00e1 pela primeira vez no evento, e da dupla Jorge &amp; Mateus (foto abaixo) que vem com uma proposta de micareta sertaneja com seu bloco pr\u00f3prio, o Pirra\u00e7a. Entre os blocos, mais novidades: o bloco Largadinho, que Claudia Leitte lan\u00e7a neste ano no Carnaval de Salvador. Al\u00e9m disso, a cidade ter\u00e1 o lan\u00e7amento do bloco do Farol, do cantor Tomate.<\/p>\n<p>Programa\u00e7\u00e3o<\/p>\n<p>O Carnabeir\u00e3o come\u00e7a na sexta-feira, dia 05 de abril, com Banda Eva e Asa de \u00c1guia puxando o Bloco Eva, as bandas s\u00e3o consideradas dois \u00edcones do ax\u00e9. No s\u00e1bado (06), ser\u00e3o duas as grandes atra\u00e7\u00f5es da micareta: Chiclete com Banana, \u00e0 frente do bloco Nana, e Claudia Leitte, no comando do bloco Largadinho, que \u00e9 uma das grandes novidades do evento este ano. E para encerrar a festa em grande estilo, no domingo (07), a dupla Jorge &amp; Matheus puxa o Pirra\u00e7a \u2013 bloco que estar\u00e1 na cidade pela primeira vez -, e o cantor Tomate comanda o seu bloco Farol, que estrear\u00e1 na 17\u00aa da micareta.<\/p>\n<p><img data-recalc-dims=\"1\" loading=\"lazy\" decoding=\"async\" data-attachment-id=\"2551\" data-permalink=\"https:\/\/www.clickrp.com.br\/portal\/2013\/01\/com-atracoes-ineditas-e-novos-blocos-carnabeirao-comeca-venda-de-abadas\/jorge-mateus-divulgacao-2\/\" data-orig-file=\"https:\/\/i0.wp.com\/www.clickrp.com.br\/portal\/wp-content\/uploads\/2013\/01\/Jorge-Mateus-Divulga%C3%A7%C3%A3o.jpg?fit=630%2C476&amp;ssl=1\" data-orig-size=\"630,476\" data-comments-opened=\"1\" data-image-meta=\"{&quot;aperture&quot;:&quot;0&quot;,&quot;credit&quot;:&quot;&quot;,&quot;camera&quot;:&quot;&quot;,&quot;caption&quot;:&quot;&quot;,&quot;created_timestamp&quot;:&quot;0&quot;,&quot;copyright&quot;:&quot;&quot;,&quot;focal_length&quot;:&quot;0&quot;,&quot;iso&quot;:&quot;0&quot;,&quot;shutter_speed&quot;:&quot;0&quot;,&quot;title&quot;:&quot;&quot;}\" data-image-title=\"Jorge &amp;#038; Mateus &amp;#8211; Divulga\u00e7\u00e3o\" data-image-description=\"\" data-image-caption=\"\" data-medium-file=\"https:\/\/i0.wp.com\/www.clickrp.com.br\/portal\/wp-content\/uploads\/2013\/01\/Jorge-Mateus-Divulga%C3%A7%C3%A3o.jpg?fit=300%2C226&amp;ssl=1\" data-large-file=\"https:\/\/i0.wp.com\/www.clickrp.com.br\/portal\/wp-content\/uploads\/2013\/01\/Jorge-Mateus-Divulga%C3%A7%C3%A3o.jpg?fit=630%2C476&amp;ssl=1\" class=\"alignleft size-medium wp-image-2551\" alt=\"Jorge &amp; Mateus - Divulga\u00e7\u00e3o\" src=\"https:\/\/i0.wp.com\/www.clickrp.com.br\/portal\/wp-content\/uploads\/2013\/01\/Jorge-Mateus-Divulga%C3%A7%C3%A3o-300x226.jpg?resize=300%2C226\" width=\"300\" height=\"226\" srcset=\"https:\/\/i0.wp.com\/www.clickrp.com.br\/portal\/wp-content\/uploads\/2013\/01\/Jorge-Mateus-Divulga%C3%A7%C3%A3o.jpg?resize=300%2C226&amp;ssl=1 300w, https:\/\/i0.wp.com\/www.clickrp.com.br\/portal\/wp-content\/uploads\/2013\/01\/Jorge-Mateus-Divulga%C3%A7%C3%A3o.jpg?w=630&amp;ssl=1 630w\" sizes=\"auto, (max-width: 300px) 100vw, 300px\" \/>Abad\u00e1s est\u00e3o \u00e0 venda<\/p>\n<p>O Carnabeir\u00e3o j\u00e1 est\u00e1 com seus abad\u00e1s \u00e0 venda na loja oficial da micareta, localizada no Extra Hipermercados e tamb\u00e9m pelo site do evento www.carnabeirao.com.br . O primeiro lote promocional tem desconto na compra dos tr\u00eas dias da micareta, al\u00e9m disso todos os valores dos blocos podem ser parcelados em at\u00e9 6x.<\/p>\n<p>Para mais informa\u00e7\u00f5es acesse: www.carnabeirao.com.br<\/p>\n","protected":false},"excerpt":{"rendered":"<p>A 1\u00aa grande micareta depois do carnaval de Salvador acontece em Ribeir\u00e3o Preto, entre os dias 05 e 07 de abril, no Parque Permanente de Exposi\u00e7\u00f5es da cidade. Neste ano, evento re\u00fane Asa de \u00c1guia, Eva, Chiclete com Banana, Claudia Leitte, Tomate e a dupla sertaneja Jorge &amp; Mateus Com v\u00e1rias novidades na sua 17a edi\u00e7\u00e3o, o Carnabeir\u00e3o iniciou a venda antecipada de abad\u00e1s atrav\u00e9s do site do evento e tamb\u00e9m em um ponto fixo em Ribeir\u00e3o Preto, no Extra [&hellip;]<\/p>\n","protected":false},"author":1,"featured_media":0,"comment_status":"open","ping_status":"open","sticky":false,"template":"","format":"standard","meta":{"jetpack_post_was_ever_published":false,"_jetpack_newsletter_access":"","_jetpack_dont_email_post_to_subs":false,"_jetpack_newsletter_tier_id":0,"_jetpack_memberships_contains_paywalled_content":false,"_jetpack_memberships_contains_paid_content":false,"footnotes":"","jetpack_publicize_message":"","jetpack_publicize_feature_enabled":true,"jetpack_social_post_already_shared":true,"jetpack_social_options":{"image_generator_settings":{"template":"highway","enabled":false},"version":2}},"categories":[1],"tags":[],"class_list":["post-2549","post","type-post","status-publish","format-standard","hentry","category-noticias"],"jetpack_publicize_connections":[],"jetpack_sharing_enabled":true,"jetpack_featured_media_url":"","jetpack_shortlink":"https:\/\/wp.me\/p1Lzat-F7","jetpack-related-posts":[],"_links":{"self":[{"href":"https:\/\/www.clickrp.com.br\/portal\/wp-json\/wp\/v2\/posts\/2549","targetHints":{"allow":["GET"]}}],"collection":[{"href":"https:\/\/www.clickrp.com.br\/portal\/wp-json\/wp\/v2\/posts"}],"about":[{"href":"https:\/\/www.clickrp.com.br\/portal\/wp-json\/wp\/v2\/types\/post"}],"author":[{"embeddable":true,"href":"https:\/\/www.clickrp.com.br\/portal\/wp-json\/wp\/v2\/users\/1"}],"replies":[{"embeddable":true,"href":"https:\/\/www.clickrp.com.br\/portal\/wp-json\/wp\/v2\/comments?post=2549"}],"version-history":[{"count":2,"href":"https:\/\/www.clickrp.com.br\/portal\/wp-json\/wp\/v2\/posts\/2549\/revisions"}],"predecessor-version":[{"id":6419,"href":"https:\/\/www.clickrp.com.br\/portal\/wp-json\/wp\/v2\/posts\/2549\/revisions\/6419"}],"wp:attachment":[{"href":"https:\/\/www.clickrp.com.br\/portal\/wp-json\/wp\/v2\/media?parent=2549"}],"wp:term":[{"taxonomy":"category","embeddable":true,"href":"https:\/\/www.clickrp.com.br\/portal\/wp-json\/wp\/v2\/categories?post=2549"},{"taxonomy":"post_tag","embeddable":true,"href":"https:\/\/www.clickrp.com.br\/portal\/wp-json\/wp\/v2\/tags?post=2549"}],"curies":[{"name":"wp","href":"https:\/\/api.w.org\/{rel}","templated":true}]}}