{"id":2515,"date":"2013-01-17T17:25:17","date_gmt":"2013-01-17T20:25:17","guid":{"rendered":"http:\/\/www.clickrp.com.br\/portal\/?p=2515"},"modified":"2015-09-28T05:24:32","modified_gmt":"2015-09-28T08:24:32","slug":"joao-lucas-matheus-estreia-no-carnaval-do-rio-de-janeiro","status":"publish","type":"post","link":"https:\/\/www.clickrp.com.br\/portal\/2013\/01\/joao-lucas-matheus-estreia-no-carnaval-do-rio-de-janeiro\/","title":{"rendered":"Jo\u00e3o Lucas &#038; Matheus estreia no carnaval do Rio de Janeiro"},"content":{"rendered":"<p><img data-recalc-dims=\"1\" loading=\"lazy\" decoding=\"async\" data-attachment-id=\"2516\" data-permalink=\"https:\/\/www.clickrp.com.br\/portal\/2013\/01\/joao-lucas-matheus-estreia-no-carnaval-do-rio-de-janeiro\/joao-lucas-matheus-credito-paulo-vilela-2\/\" data-orig-file=\"https:\/\/i0.wp.com\/www.clickrp.com.br\/portal\/wp-content\/uploads\/2013\/01\/Jo%C3%A3o-Lucas-Matheus-Cr%C3%A9dito-Paulo-Vilela1.jpg?fit=720%2C763&amp;ssl=1\" data-orig-size=\"720,763\" data-comments-opened=\"1\" data-image-meta=\"{&quot;aperture&quot;:&quot;9&quot;,&quot;credit&quot;:&quot;&quot;,&quot;camera&quot;:&quot;Canon EOS 5D Mark II&quot;,&quot;caption&quot;:&quot;&quot;,&quot;created_timestamp&quot;:&quot;1345751653&quot;,&quot;copyright&quot;:&quot;&quot;,&quot;focal_length&quot;:&quot;62&quot;,&quot;iso&quot;:&quot;200&quot;,&quot;shutter_speed&quot;:&quot;0.0125&quot;,&quot;title&quot;:&quot;&quot;}\" data-image-title=\"Jo\u00e3o Lucas &amp;#038; Matheus &amp;#8211; Cr\u00e9dito Paulo Vilela\" data-image-description=\"\" data-image-caption=\"\" data-medium-file=\"https:\/\/i0.wp.com\/www.clickrp.com.br\/portal\/wp-content\/uploads\/2013\/01\/Jo%C3%A3o-Lucas-Matheus-Cr%C3%A9dito-Paulo-Vilela1.jpg?fit=283%2C300&amp;ssl=1\" data-large-file=\"https:\/\/i0.wp.com\/www.clickrp.com.br\/portal\/wp-content\/uploads\/2013\/01\/Jo%C3%A3o-Lucas-Matheus-Cr%C3%A9dito-Paulo-Vilela1.jpg?fit=720%2C763&amp;ssl=1\" class=\"alignleft size-medium wp-image-2516\" alt=\"Jo\u00e3o Lucas &amp; Matheus - Cr\u00e9dito Paulo Vilela\" src=\"https:\/\/i0.wp.com\/www.clickrp.com.br\/portal\/wp-content\/uploads\/2013\/01\/Jo%C3%A3o-Lucas-Matheus-Cr%C3%A9dito-Paulo-Vilela1-283x300.jpg?resize=283%2C300\" width=\"283\" height=\"300\" srcset=\"https:\/\/i0.wp.com\/www.clickrp.com.br\/portal\/wp-content\/uploads\/2013\/01\/Jo%C3%A3o-Lucas-Matheus-Cr%C3%A9dito-Paulo-Vilela1.jpg?resize=283%2C300&amp;ssl=1 283w, https:\/\/i0.wp.com\/www.clickrp.com.br\/portal\/wp-content\/uploads\/2013\/01\/Jo%C3%A3o-Lucas-Matheus-Cr%C3%A9dito-Paulo-Vilela1.jpg?w=720&amp;ssl=1 720w\" sizes=\"auto, (max-width: 283px) 100vw, 283px\" \/>Dupla cantar\u00e1 no desfile do Bloco Chora Me Liga, em Copacabana, no dia 03 de fevereiro. Festa de &#8220;aquecimento&#8221; acontece no dia 20\/01 na casa Miranda, em Copacabana<\/p>\n<p>A mistura de ritmos tem sido cada vez mais frequente nos carnavais, envolvendo a multid\u00e3o de foli\u00f5es que, junto com as bandas e blocos, faz as m\u00fasicas ecoarem nessa grande festa da cultura brasileira. Samba, ax\u00e9 e at\u00e9 o sertanejo universit\u00e1rio fazem sucesso.<\/p>\n<p>Estreando no carnaval do Rio de Janeiro neste ano, a dupla Jo\u00e3o Lucas &amp; Matheus vai levar o sertanejo do interior de S\u00e3o Paulo para o desfile do Bloco Chora Me liga, em Copacabana. A apresenta\u00e7\u00e3o \u00e9 no dia 03 de fevereiro, mostrando uma pr\u00e9via do que os foli\u00f5es encontrar\u00e3o no carnaval fluminense.<\/p>\n<p>Esta n\u00e3o \u00e9 a primeira vez que a dupla canta no clima de carnaval. Eles colecionam participa\u00e7\u00e3o na mais importante micareta do interior do estado de S\u00e3o Paulo: o Carnabeir\u00e3o, que acontece na cidade de Ribeir\u00e3o Preto.<\/p>\n<p>E para garantir o sucesso entre os foli\u00f5es, a dupla sertaneja de Ribeir\u00e3o Preto faz no dia 20 de janeiro, um &#8220;aquecimento&#8221; junto com o Chora Me Liga na casa Miranda, localizada no espa\u00e7o Lagoon. A festa ainda ter\u00e1 o melhor do dance e do funk antigo com o DJ Kabul. Este evento marca a volta do Bloco \u00e0 Zona Sul da cidade, na Praia de Copacabana.<\/p>\n<p>A casa Miranda est\u00e1 localizada na Avenida Borges de Medeiros, 1424, piso 2 &#8211; Lagoa &#8211; Rio de Janeiro. Mais informa\u00e7\u00f5es sobre a venda de ingressos: (21) 2239-0305.<\/p>\n<p><img data-recalc-dims=\"1\" loading=\"lazy\" decoding=\"async\" data-attachment-id=\"2517\" data-permalink=\"https:\/\/www.clickrp.com.br\/portal\/2013\/01\/joao-lucas-matheus-estreia-no-carnaval-do-rio-de-janeiro\/dupla-animou-sobre-o-trio-eletrico-festa-do-peao-de-barretos-de-2012-divulgacao\/\" data-orig-file=\"https:\/\/i0.wp.com\/www.clickrp.com.br\/portal\/wp-content\/uploads\/2013\/01\/Dupla-animou-sobre-o-trio-el%C3%A9trico-Festa-do-Pe%C3%A3o-de-Barretos-de-2012-Divulga%C3%A7%C3%A3o.jpg?fit=620%2C389&amp;ssl=1\" data-orig-size=\"620,389\" data-comments-opened=\"1\" data-image-meta=\"{&quot;aperture&quot;:&quot;4.5&quot;,&quot;credit&quot;:&quot;&quot;,&quot;camera&quot;:&quot;Canon EOS 5D Mark III&quot;,&quot;caption&quot;:&quot;&quot;,&quot;created_timestamp&quot;:&quot;1345174810&quot;,&quot;copyright&quot;:&quot;&quot;,&quot;focal_length&quot;:&quot;200&quot;,&quot;iso&quot;:&quot;10000&quot;,&quot;shutter_speed&quot;:&quot;0.008&quot;,&quot;title&quot;:&quot;&quot;}\" data-image-title=\"Dupla animou sobre o trio el\u00e9trico Festa do Pe\u00e3o de Barretos de 2012 &amp;#8211; Divulga\u00e7\u00e3o\" data-image-description=\"\" data-image-caption=\"\" data-medium-file=\"https:\/\/i0.wp.com\/www.clickrp.com.br\/portal\/wp-content\/uploads\/2013\/01\/Dupla-animou-sobre-o-trio-el%C3%A9trico-Festa-do-Pe%C3%A3o-de-Barretos-de-2012-Divulga%C3%A7%C3%A3o.jpg?fit=300%2C188&amp;ssl=1\" data-large-file=\"https:\/\/i0.wp.com\/www.clickrp.com.br\/portal\/wp-content\/uploads\/2013\/01\/Dupla-animou-sobre-o-trio-el%C3%A9trico-Festa-do-Pe%C3%A3o-de-Barretos-de-2012-Divulga%C3%A7%C3%A3o.jpg?fit=620%2C389&amp;ssl=1\" class=\"alignleft size-medium wp-image-2517\" alt=\"Dupla animou sobre o trio el\u00e9trico Festa do Pe\u00e3o de Barretos de 2012 - Divulga\u00e7\u00e3o\" src=\"https:\/\/i0.wp.com\/www.clickrp.com.br\/portal\/wp-content\/uploads\/2013\/01\/Dupla-animou-sobre-o-trio-el%C3%A9trico-Festa-do-Pe%C3%A3o-de-Barretos-de-2012-Divulga%C3%A7%C3%A3o-300x188.jpg?resize=300%2C188\" width=\"300\" height=\"188\" srcset=\"https:\/\/i0.wp.com\/www.clickrp.com.br\/portal\/wp-content\/uploads\/2013\/01\/Dupla-animou-sobre-o-trio-el%C3%A9trico-Festa-do-Pe%C3%A3o-de-Barretos-de-2012-Divulga%C3%A7%C3%A3o.jpg?resize=300%2C188&amp;ssl=1 300w, https:\/\/i0.wp.com\/www.clickrp.com.br\/portal\/wp-content\/uploads\/2013\/01\/Dupla-animou-sobre-o-trio-el%C3%A9trico-Festa-do-Pe%C3%A3o-de-Barretos-de-2012-Divulga%C3%A7%C3%A3o.jpg?w=620&amp;ssl=1 620w\" sizes=\"auto, (max-width: 300px) 100vw, 300px\" \/>A dupla<br \/>\nO talento de Jo\u00e3o Lucas &amp; Matheus \u00e9 reconhecido nacionalmente pela participa\u00e7\u00e3o em shows importantes, em eventos como Festa do Pe\u00e3o de Barretos, Rodeio de Jaguari\u00fana, Carnabeir\u00e3o &#8211; conhecida como a maior micareta do estado de S\u00e3o Paulo \u2013 atingindo o territ\u00f3rio de outros estados como Minas Gerais, Esp\u00edrito Santo, Rio de Janeiro, Par\u00e1, Mato Grosso do Sul, Paran\u00e1, Alagoas, entre outros.<\/p>\n<p>A dupla, que representa o novo sertanejo, despontou no cen\u00e1rio nacional devido \u00e0 sua presen\u00e7a de palco e \u00e0s m\u00fasicas que traduzem o melhor da nova gera\u00e7\u00e3o do ritmo sertanejo.<\/p>\n<p>Acumulando sucessos de autoria pr\u00f3pria, as m\u00fasicas \u201cO Poder da Paix\u00e3o\u201d, \u201c\u00c9 Hoje\u201d, \u201cMe Erra\u201d, \u201cTo Fora\u201d, \u201cCi\u00fame\u201d, entre outras, fazem parte de dois CDs j\u00e1 gravados e que s\u00e3o executadas nas programa\u00e7\u00f5es de quase todas as r\u00e1dios sertanejas do Brasil. O p\u00fablico j\u00e1 aguarda a pr\u00f3xima leva de hits, que traz em destaque a m\u00fasica \u201cFesta no Iate\u201d, com a participa\u00e7\u00e3o do cantor Latino, \u201c#Ficaadica\u201d, \u201cBeicinho\u201d, \u201cPr\u00edncipe Encantado\u201d e \u201cMulher do Patr\u00e3o\u201d, esta \u00faltima lan\u00e7ada recentemente pela dupla.<\/p>\n<p>Servi\u00e7o<br \/>\nShow de Jo\u00e3o Lucas &amp; Matheus no Rio de Janeiro\/RJ<br \/>\nDia 20 de janeiro &#8211; Bloco Chora Me Liga (Miranda, Complexo Lagoon). Aquecimento para o desfile do Chora Me Liga no Carnaval 2013.<\/p>\n","protected":false},"excerpt":{"rendered":"<p>Dupla cantar\u00e1 no desfile do Bloco Chora Me Liga, em Copacabana, no dia 03 de fevereiro. Festa de &#8220;aquecimento&#8221; acontece no dia 20\/01 na casa Miranda, em Copacabana A mistura de ritmos tem sido cada vez mais frequente nos carnavais, envolvendo a multid\u00e3o de foli\u00f5es que, junto com as bandas e blocos, faz as m\u00fasicas ecoarem nessa grande festa da cultura brasileira. Samba, ax\u00e9 e at\u00e9 o sertanejo universit\u00e1rio fazem sucesso. Estreando no carnaval do Rio de Janeiro neste ano, [&hellip;]<\/p>\n","protected":false},"author":1,"featured_media":0,"comment_status":"open","ping_status":"open","sticky":false,"template":"","format":"standard","meta":{"jetpack_post_was_ever_published":false,"_jetpack_newsletter_access":"","_jetpack_dont_email_post_to_subs":false,"_jetpack_newsletter_tier_id":0,"_jetpack_memberships_contains_paywalled_content":false,"_jetpack_memberships_contains_paid_content":false,"footnotes":"","jetpack_publicize_message":"","jetpack_publicize_feature_enabled":true,"jetpack_social_post_already_shared":true,"jetpack_social_options":{"image_generator_settings":{"template":"highway","enabled":false},"version":2}},"categories":[1],"tags":[],"class_list":["post-2515","post","type-post","status-publish","format-standard","hentry","category-noticias"],"jetpack_publicize_connections":[],"jetpack_sharing_enabled":true,"jetpack_featured_media_url":"","jetpack_shortlink":"https:\/\/wp.me\/p1Lzat-Ez","jetpack-related-posts":[],"_links":{"self":[{"href":"https:\/\/www.clickrp.com.br\/portal\/wp-json\/wp\/v2\/posts\/2515","targetHints":{"allow":["GET"]}}],"collection":[{"href":"https:\/\/www.clickrp.com.br\/portal\/wp-json\/wp\/v2\/posts"}],"about":[{"href":"https:\/\/www.clickrp.com.br\/portal\/wp-json\/wp\/v2\/types\/post"}],"author":[{"embeddable":true,"href":"https:\/\/www.clickrp.com.br\/portal\/wp-json\/wp\/v2\/users\/1"}],"replies":[{"embeddable":true,"href":"https:\/\/www.clickrp.com.br\/portal\/wp-json\/wp\/v2\/comments?post=2515"}],"version-history":[{"count":2,"href":"https:\/\/www.clickrp.com.br\/portal\/wp-json\/wp\/v2\/posts\/2515\/revisions"}],"predecessor-version":[{"id":6315,"href":"https:\/\/www.clickrp.com.br\/portal\/wp-json\/wp\/v2\/posts\/2515\/revisions\/6315"}],"wp:attachment":[{"href":"https:\/\/www.clickrp.com.br\/portal\/wp-json\/wp\/v2\/media?parent=2515"}],"wp:term":[{"taxonomy":"category","embeddable":true,"href":"https:\/\/www.clickrp.com.br\/portal\/wp-json\/wp\/v2\/categories?post=2515"},{"taxonomy":"post_tag","embeddable":true,"href":"https:\/\/www.clickrp.com.br\/portal\/wp-json\/wp\/v2\/tags?post=2515"}],"curies":[{"name":"wp","href":"https:\/\/api.w.org\/{rel}","templated":true}]}}