{"id":2495,"date":"2012-12-28T11:40:15","date_gmt":"2012-12-28T14:40:15","guid":{"rendered":"http:\/\/www.clickrp.com.br\/portal\/?p=2495"},"modified":"2015-09-28T05:24:32","modified_gmt":"2015-09-28T08:24:32","slug":"joao-lucas-matheus-encerra-agenda-2012-com-show-no-rio-de-janeiro","status":"publish","type":"post","link":"https:\/\/www.clickrp.com.br\/portal\/2012\/12\/joao-lucas-matheus-encerra-agenda-2012-com-show-no-rio-de-janeiro\/","title":{"rendered":"Jo\u00e3o Lucas &#038; Matheus encerra agenda 2012 com show no Rio de Janeiro"},"content":{"rendered":"<p><img data-recalc-dims=\"1\" loading=\"lazy\" decoding=\"async\" data-attachment-id=\"2496\" data-permalink=\"https:\/\/www.clickrp.com.br\/portal\/2012\/12\/joao-lucas-matheus-encerra-agenda-2012-com-show-no-rio-de-janeiro\/joao-lucas-matheus-credito-paulo-vilela\/\" data-orig-file=\"https:\/\/i0.wp.com\/www.clickrp.com.br\/portal\/wp-content\/uploads\/2013\/01\/Jo%C3%A3o-Lucas-Matheus-Cr%C3%A9dito-Paulo-Vilela.jpg?fit=720%2C763&amp;ssl=1\" data-orig-size=\"720,763\" data-comments-opened=\"1\" data-image-meta=\"{&quot;aperture&quot;:&quot;9&quot;,&quot;credit&quot;:&quot;&quot;,&quot;camera&quot;:&quot;Canon EOS 5D Mark II&quot;,&quot;caption&quot;:&quot;&quot;,&quot;created_timestamp&quot;:&quot;1345751653&quot;,&quot;copyright&quot;:&quot;&quot;,&quot;focal_length&quot;:&quot;62&quot;,&quot;iso&quot;:&quot;200&quot;,&quot;shutter_speed&quot;:&quot;0.0125&quot;,&quot;title&quot;:&quot;&quot;}\" data-image-title=\"Jo\u00e3o Lucas &amp;#038; Matheus &amp;#8211; Cr\u00e9dito Paulo Vilela\" data-image-description=\"\" data-image-caption=\"\" data-medium-file=\"https:\/\/i0.wp.com\/www.clickrp.com.br\/portal\/wp-content\/uploads\/2013\/01\/Jo%C3%A3o-Lucas-Matheus-Cr%C3%A9dito-Paulo-Vilela.jpg?fit=283%2C300&amp;ssl=1\" data-large-file=\"https:\/\/i0.wp.com\/www.clickrp.com.br\/portal\/wp-content\/uploads\/2013\/01\/Jo%C3%A3o-Lucas-Matheus-Cr%C3%A9dito-Paulo-Vilela.jpg?fit=720%2C763&amp;ssl=1\" class=\"alignleft size-medium wp-image-2496\" alt=\"Jo\u00e3o Lucas &amp; Matheus - Cr\u00e9dito Paulo Vilela\" src=\"https:\/\/i0.wp.com\/www.clickrp.com.br\/portal\/wp-content\/uploads\/2013\/01\/Jo%C3%A3o-Lucas-Matheus-Cr%C3%A9dito-Paulo-Vilela-283x300.jpg?resize=283%2C300\" width=\"283\" height=\"300\" srcset=\"https:\/\/i0.wp.com\/www.clickrp.com.br\/portal\/wp-content\/uploads\/2013\/01\/Jo%C3%A3o-Lucas-Matheus-Cr%C3%A9dito-Paulo-Vilela.jpg?resize=283%2C300&amp;ssl=1 283w, https:\/\/i0.wp.com\/www.clickrp.com.br\/portal\/wp-content\/uploads\/2013\/01\/Jo%C3%A3o-Lucas-Matheus-Cr%C3%A9dito-Paulo-Vilela.jpg?w=720&amp;ssl=1 720w\" sizes=\"auto, (max-width: 283px) 100vw, 283px\" \/>Dupla sertaneja de Ribeir\u00e3o Preto \u00e9 atra\u00e7\u00e3o no lan\u00e7amento do Bloco Chora Me Liga que acontece no dia 30\/12, no Espa\u00e7o Lagoon<\/p>\n<p>A agenda da dupla sertaneja de Ribeir\u00e3o Preto, Jo\u00e3o Lucas &amp; Matheus, encerra o ano de 2012 com show no lan\u00e7amento do Bloco carnavalesco Chora Me Liga, que acontece no dia 30 de dezembro, a partir das 20h, na casa de shows Miranda, localizada no Complexo Lagoon. Al\u00e9m dessas atra\u00e7\u00f5es, a noite carioca contar\u00e1 com os shows de Roda de Samba e DJ Kabul. O evento \u00e9 uma pr\u00e9via do que as pessoas ir\u00e3o curtir no Carnaval 2013.<\/p>\n<p>Com presen\u00e7a constante na terra fluminense, a dupla Jo\u00e3o Lucas &amp; Matheus tem levado seus hits sertanejos nas baladas do Rio de Janeiro como \u201cMe Erra\u201d, \u201c\u00c9 Hoje\u201d, \u201cT\u00f4 Fora\u201d, \u201cCi\u00fame\u201d, \u201cFesta no Iate\u201d &#8211; can\u00e7\u00e3o que conta com a participa\u00e7\u00e3o especial do cantor Latino, \u201c#Ficaadica\u201d, \u201cBeicinho\u201d, \u201cPr\u00edncipe Encantado\u201d, al\u00e9m da m\u00fasica \u201cMulher do Patr\u00e3o\u201d, lan\u00e7ada recentemente na cidade.<\/p>\n<p>\u201cEste ano foi muito importante e desafiador para n\u00f3s. Conseguimos levar a nossa m\u00fasica para v\u00e1rios estados brasileiros, como \u00e9 o caso do Rio de Janeiro, conquistando o p\u00fablico que sempre nos recebe com muito carinho. Tanto na despedida de 2012 quanto no novo ano nossa proposta se manter\u00e1 em levar muita alegria, m\u00fasica e dan\u00e7a para o p\u00fablico de nossos shows\u201d, afirmam os cantores.<\/p>\n<p>O \u00faltimo show de Jo\u00e3o Lucas &amp; Matheus, em 2012, acontece na casa Miranda, situada na Avenida Borges de Medeiros, 1424 \u2013 Piso 2, Lagoa \u2013 RJ.<\/p>\n<p>A dupla<br \/>\nO talento de Jo\u00e3o Lucas &amp; Matheus \u00e9 reconhecido nacionalmente pela participa\u00e7\u00e3o em shows importantes, em eventos como Festa do Pe\u00e3o de Barretos, Rodeio de Jaguari\u00fana, Carnabeir\u00e3o &#8211; conhecida como a maior micareta do estado de S\u00e3o Paulo \u2013 atingindo o territ\u00f3rio de outros estados como Minas Gerais, Esp\u00edrito Santo, Rio de Janeiro, Par\u00e1, Mato Grosso do Sul, Paran\u00e1, Alagoas, entre outros.<br \/>\nA dupla, que representa o novo sertanejo, despontou no cen\u00e1rio nacional devido \u00e0 sua presen\u00e7a de palco e \u00e0s m\u00fasicas que traduzem o melhor da nova gera\u00e7\u00e3o do ritmo sertanejo.<\/p>\n<p>Acumulando sucessos de autoria pr\u00f3pria, as m\u00fasicas \u201cO Poder da Paix\u00e3o\u201d, \u201c\u00c9 Hoje\u201d, \u201cMe Erra\u201d, \u201cTo Fora\u201d, \u201cCi\u00fame\u201d, entre outras, fazem parte de dois CDs j\u00e1 gravados, foram executadas nas programa\u00e7\u00f5es de quase todas as r\u00e1dios sertanejas do Brasil. O p\u00fablico j\u00e1 aguarda a pr\u00f3xima leva de hits, que traz em destaque a m\u00fasica \u201cFesta no Iate\u201d, com a participa\u00e7\u00e3o do cantor Latino, \u201c#Ficaadica\u201d, \u201cBeicinho\u201d, \u201cPr\u00edncipe Encantado\u201d e \u201cMulher do Patr\u00e3o\u201d, todas inclusas no terceiro \u00e1lbum da dupla.<\/p>\n<p>Servi\u00e7o<br \/>\nShow de Jo\u00e3o Lucas &amp; Matheus no Rio de Janeiro\/RJ<br \/>\nDia 30 de dezembro \u2013 Bloco Chora Me Liga (Miranda, Complexo Lagoon)<\/p>\n","protected":false},"excerpt":{"rendered":"<p>Dupla sertaneja de Ribeir\u00e3o Preto \u00e9 atra\u00e7\u00e3o no lan\u00e7amento do Bloco Chora Me Liga que acontece no dia 30\/12, no Espa\u00e7o Lagoon A agenda da dupla sertaneja de Ribeir\u00e3o Preto, Jo\u00e3o Lucas &amp; Matheus, encerra o ano de 2012 com show no lan\u00e7amento do Bloco carnavalesco Chora Me Liga, que acontece no dia 30 de dezembro, a partir das 20h, na casa de shows Miranda, localizada no Complexo Lagoon. Al\u00e9m dessas atra\u00e7\u00f5es, a noite carioca contar\u00e1 com os shows de [&hellip;]<\/p>\n","protected":false},"author":1,"featured_media":0,"comment_status":"open","ping_status":"open","sticky":false,"template":"","format":"standard","meta":{"jetpack_post_was_ever_published":false,"_jetpack_newsletter_access":"","_jetpack_dont_email_post_to_subs":false,"_jetpack_newsletter_tier_id":0,"_jetpack_memberships_contains_paywalled_content":false,"_jetpack_memberships_contains_paid_content":false,"footnotes":"","jetpack_publicize_message":"Jo\u00e3o Lucas & Matheus encerra agenda 2012 com show no Rio de Janeiro","jetpack_publicize_feature_enabled":true,"jetpack_social_post_already_shared":true,"jetpack_social_options":{"image_generator_settings":{"template":"highway","enabled":false},"version":2}},"categories":[1],"tags":[],"class_list":["post-2495","post","type-post","status-publish","format-standard","hentry","category-noticias"],"jetpack_publicize_connections":[],"jetpack_sharing_enabled":true,"jetpack_featured_media_url":"","jetpack_shortlink":"https:\/\/wp.me\/p1Lzat-Ef","jetpack-related-posts":[],"_links":{"self":[{"href":"https:\/\/www.clickrp.com.br\/portal\/wp-json\/wp\/v2\/posts\/2495","targetHints":{"allow":["GET"]}}],"collection":[{"href":"https:\/\/www.clickrp.com.br\/portal\/wp-json\/wp\/v2\/posts"}],"about":[{"href":"https:\/\/www.clickrp.com.br\/portal\/wp-json\/wp\/v2\/types\/post"}],"author":[{"embeddable":true,"href":"https:\/\/www.clickrp.com.br\/portal\/wp-json\/wp\/v2\/users\/1"}],"replies":[{"embeddable":true,"href":"https:\/\/www.clickrp.com.br\/portal\/wp-json\/wp\/v2\/comments?post=2495"}],"version-history":[{"count":2,"href":"https:\/\/www.clickrp.com.br\/portal\/wp-json\/wp\/v2\/posts\/2495\/revisions"}],"predecessor-version":[{"id":6317,"href":"https:\/\/www.clickrp.com.br\/portal\/wp-json\/wp\/v2\/posts\/2495\/revisions\/6317"}],"wp:attachment":[{"href":"https:\/\/www.clickrp.com.br\/portal\/wp-json\/wp\/v2\/media?parent=2495"}],"wp:term":[{"taxonomy":"category","embeddable":true,"href":"https:\/\/www.clickrp.com.br\/portal\/wp-json\/wp\/v2\/categories?post=2495"},{"taxonomy":"post_tag","embeddable":true,"href":"https:\/\/www.clickrp.com.br\/portal\/wp-json\/wp\/v2\/tags?post=2495"}],"curies":[{"name":"wp","href":"https:\/\/api.w.org\/{rel}","templated":true}]}}