{"id":2451,"date":"2012-12-17T10:30:02","date_gmt":"2012-12-17T13:30:02","guid":{"rendered":"http:\/\/www.clickrp.com.br\/portal\/?p=2451"},"modified":"2015-09-28T05:24:54","modified_gmt":"2015-09-28T08:24:54","slug":"ribeirao-country-fest-supera-expectativa-e-recebe-32-mil-pessoas","status":"publish","type":"post","link":"https:\/\/www.clickrp.com.br\/portal\/2012\/12\/ribeirao-country-fest-supera-expectativa-e-recebe-32-mil-pessoas\/","title":{"rendered":"Ribeir\u00e3o Country Fest supera expectativa e recebe 32 mil pessoas"},"content":{"rendered":"<p><img data-recalc-dims=\"1\" loading=\"lazy\" decoding=\"async\" data-attachment-id=\"2453\" data-permalink=\"https:\/\/www.clickrp.com.br\/portal\/2012\/12\/ribeirao-country-fest-supera-expectativa-e-recebe-32-mil-pessoas\/foto-recorde-de-publico-credito-daniel-jorjin\/\" data-orig-file=\"https:\/\/i0.wp.com\/www.clickrp.com.br\/portal\/wp-content\/uploads\/2012\/12\/Foto-Recorde-de-P%C3%BAblico-Cr%C3%A9dito-Daniel-Jorjin.jpg?fit=500%2C305&amp;ssl=1\" data-orig-size=\"500,305\" data-comments-opened=\"1\" data-image-meta=\"{&quot;aperture&quot;:&quot;3.2&quot;,&quot;credit&quot;:&quot;&quot;,&quot;camera&quot;:&quot;Canon EOS 5D Mark II&quot;,&quot;caption&quot;:&quot;&quot;,&quot;created_timestamp&quot;:&quot;1355632007&quot;,&quot;copyright&quot;:&quot;&quot;,&quot;focal_length&quot;:&quot;15&quot;,&quot;iso&quot;:&quot;2000&quot;,&quot;shutter_speed&quot;:&quot;0.005&quot;,&quot;title&quot;:&quot;&quot;}\" data-image-title=\"Foto &amp;#8211; Recorde de P\u00fablico &amp;#8211; Cr\u00e9dito &amp;#8211; Daniel Jorjin\" data-image-description=\"\" data-image-caption=\"\" data-medium-file=\"https:\/\/i0.wp.com\/www.clickrp.com.br\/portal\/wp-content\/uploads\/2012\/12\/Foto-Recorde-de-P%C3%BAblico-Cr%C3%A9dito-Daniel-Jorjin.jpg?fit=300%2C183&amp;ssl=1\" data-large-file=\"https:\/\/i0.wp.com\/www.clickrp.com.br\/portal\/wp-content\/uploads\/2012\/12\/Foto-Recorde-de-P%C3%BAblico-Cr%C3%A9dito-Daniel-Jorjin.jpg?fit=500%2C305&amp;ssl=1\" class=\"alignleft size-medium wp-image-2453\" alt=\"Foto - Recorde de P\u00fablico - Cr\u00e9dito - Daniel Jorjin\" src=\"https:\/\/i0.wp.com\/www.clickrp.com.br\/portal\/wp-content\/uploads\/2012\/12\/Foto-Recorde-de-P%C3%BAblico-Cr%C3%A9dito-Daniel-Jorjin-300x183.jpg?resize=300%2C183\" width=\"300\" height=\"183\" srcset=\"https:\/\/i0.wp.com\/www.clickrp.com.br\/portal\/wp-content\/uploads\/2012\/12\/Foto-Recorde-de-P%C3%BAblico-Cr%C3%A9dito-Daniel-Jorjin.jpg?resize=300%2C183&amp;ssl=1 300w, https:\/\/i0.wp.com\/www.clickrp.com.br\/portal\/wp-content\/uploads\/2012\/12\/Foto-Recorde-de-P%C3%BAblico-Cr%C3%A9dito-Daniel-Jorjin.jpg?w=500&amp;ssl=1 500w\" sizes=\"auto, (max-width: 300px) 100vw, 300px\" \/>Batendo recorde de p\u00fablico, evento trouxe para Ribeir\u00e3o Preto as duplas Jorge &amp; Mateus, C\u00e9sar Menotti &amp; Fabiano, Humberto &amp; Ronaldo, Maria Cec\u00edlia &amp; Rodolfo e o cantor Israel Novaes<\/p>\n<p>Nem mesmo a chuva comprometeu a pura emo\u00e7\u00e3o provocada pelo Ribeir\u00e3o Country Fest. A terceira edi\u00e7\u00e3o do evento, realizada na noite do dia 15 de dezembro, no Parque Permanente de Exposi\u00e7\u00f5es de Ribeir\u00e3o Preto, comprovou por que o Festival \u00e9 o maior do estado de S\u00e3o Paulo, conquistando espa\u00e7o em todo o Pa\u00eds. Com recorde de p\u00fablico, o Ribeir\u00e3o Country Fest superou as expectativas e recebeu 32 mil pessoas que acompanharam os shows de Jorge &amp; Mateus, C\u00e9sar Menotti &amp; Fabiano, Humberto &amp; Ronaldo, Maria Cec\u00edlia &amp; Rodolfo, Israel Novaes, Carlos Victor &amp; Thiago, J\u00falio C\u00e9sar &amp; Adriano, Rog\u00e9rio &amp; Adriano, al\u00e9m de DJ\u2019s.<\/p>\n<p>Para Matheus Calil, que comp\u00f5e a comiss\u00e3o organizadora do evento, a supera\u00e7\u00e3o de expectativa de p\u00fablico representa o quanto o Ribeir\u00e3o Country Fest est\u00e1 alcan\u00e7ando proje\u00e7\u00e3o nacional. \u201cAguard\u00e1vamos um p\u00fablico de 28 mil pessoas, mas fomos surpreendidos com o resultado final. Percebemos tamb\u00e9m um aumento no n\u00famero de excurs\u00f5es. No total foram 34, entre elas, procedentes de outros estados brasileiros como Minas Gerais e Paran\u00e1. Estamos muito felizes com o sucesso do evento\u201d, conta.<\/p>\n<p>Dose Sertaneja<\/p>\n<p><img data-recalc-dims=\"1\" loading=\"lazy\" decoding=\"async\" data-attachment-id=\"2452\" data-permalink=\"https:\/\/www.clickrp.com.br\/portal\/2012\/12\/ribeirao-country-fest-supera-expectativa-e-recebe-32-mil-pessoas\/foto-jorge-mateus-foi-uma-das-atracoes-do-festival-credito-daniel-jorjin\/\" data-orig-file=\"https:\/\/i0.wp.com\/www.clickrp.com.br\/portal\/wp-content\/uploads\/2012\/12\/Foto-Jorge-Mateus-foi-uma-das-atra%C3%A7%C3%B5es-do-Festival-Cr%C3%A9dito-Daniel-Jorjin.jpg?fit=500%2C333&amp;ssl=1\" data-orig-size=\"500,333\" data-comments-opened=\"1\" data-image-meta=\"{&quot;aperture&quot;:&quot;7.1&quot;,&quot;credit&quot;:&quot;duzzek\\\/www.duzzek.com.br&quot;,&quot;camera&quot;:&quot;Canon EOS 7D&quot;,&quot;caption&quot;:&quot;&quot;,&quot;created_timestamp&quot;:&quot;1355578317&quot;,&quot;copyright&quot;:&quot;Contato@duzzek.com.br&quot;,&quot;focal_length&quot;:&quot;17&quot;,&quot;iso&quot;:&quot;3200&quot;,&quot;shutter_speed&quot;:&quot;0.01&quot;,&quot;title&quot;:&quot;&quot;}\" data-image-title=\"Foto &amp;#8211; Jorge &amp;#038; Mateus foi uma das atra\u00e7\u00f5es do Festival &amp;#8211; Cr\u00e9dito &amp;#8211; Daniel Jorjin\" data-image-description=\"\" data-image-caption=\"\" data-medium-file=\"https:\/\/i0.wp.com\/www.clickrp.com.br\/portal\/wp-content\/uploads\/2012\/12\/Foto-Jorge-Mateus-foi-uma-das-atra%C3%A7%C3%B5es-do-Festival-Cr%C3%A9dito-Daniel-Jorjin.jpg?fit=300%2C199&amp;ssl=1\" data-large-file=\"https:\/\/i0.wp.com\/www.clickrp.com.br\/portal\/wp-content\/uploads\/2012\/12\/Foto-Jorge-Mateus-foi-uma-das-atra%C3%A7%C3%B5es-do-Festival-Cr%C3%A9dito-Daniel-Jorjin.jpg?fit=500%2C333&amp;ssl=1\" class=\"alignleft size-medium wp-image-2452\" alt=\"Foto - Jorge &amp; Mateus foi uma das atra\u00e7\u00f5es do Festival - Cr\u00e9dito - Daniel Jorjin\" src=\"https:\/\/i0.wp.com\/www.clickrp.com.br\/portal\/wp-content\/uploads\/2012\/12\/Foto-Jorge-Mateus-foi-uma-das-atra%C3%A7%C3%B5es-do-Festival-Cr%C3%A9dito-Daniel-Jorjin-300x199.jpg?resize=300%2C199\" width=\"300\" height=\"199\" srcset=\"https:\/\/i0.wp.com\/www.clickrp.com.br\/portal\/wp-content\/uploads\/2012\/12\/Foto-Jorge-Mateus-foi-uma-das-atra%C3%A7%C3%B5es-do-Festival-Cr%C3%A9dito-Daniel-Jorjin.jpg?resize=300%2C200&amp;ssl=1 300w, https:\/\/i0.wp.com\/www.clickrp.com.br\/portal\/wp-content\/uploads\/2012\/12\/Foto-Jorge-Mateus-foi-uma-das-atra%C3%A7%C3%B5es-do-Festival-Cr%C3%A9dito-Daniel-Jorjin.jpg?w=500&amp;ssl=1 500w\" sizes=\"auto, (max-width: 300px) 100vw, 300px\" \/>Com 12 horas de programa\u00e7\u00e3o sem interrup\u00e7\u00e3o, o Ribeir\u00e3o Country Fest abriu os shows com a dupla Carlos Victor &amp; Thiago que embalou o p\u00fablico com \u201cPura Emo\u00e7\u00e3o\u201d, m\u00fasica tema do Festival. Em seguida, a programa\u00e7\u00e3o seguiu com a dupla J\u00falio C\u00e9sar &amp; Adriano.<\/p>\n<p>Na continua\u00e7\u00e3o, o casal mais apaixonado Maria Cec\u00edlia &amp; Rodolfo cantou os sucessos como \u201cVoc\u00ea de Volta\u201d, \u201cCoisas Exot\u00e9ricas\u201d, \u201cBeijo Bom\u201d, \u201cLendas e Mist\u00e9rios\u201d, al\u00e9m de outras composi\u00e7\u00f5es como \u201cDan\u00e7a Kuduro\u201d. Madrugada adentro, C\u00e9sar Menotti &amp; Fabiano fez a galera cantar \u201cLugar melhor que BH\u201d, \u201cEstressada\u201d \u2013 m\u00fasica que est\u00e1 nas paradas das r\u00e1dios sertanejas do Brasil \u2013 \u201cCiumenta\u201d, entre outras. A dupla ainda remeteu a plateia \u00e0 inf\u00e2ncia com \u201cSuper Fant\u00e1stico\u201d e \u201cNosso lindo bal\u00e3o azul\u201d, da turma do Bal\u00e3o M\u00e1gico.<\/p>\n<p>Depois da apresenta\u00e7\u00e3o de C\u00e9sar Menotti &amp; Fabiano, o clamor no Parque de Exposi\u00e7\u00f5es era \u201cPelo amor de Deus. Jorge &amp; Mateus!\u201d. Arrancando gritos da plateia, a dupla abriu o show com a m\u00fasica \u201cA hora \u00e9 agora\u201d e seguiu embalando o p\u00fablico com \u201cAmo Noite e Dia\u201d, \u201cFlor\u201d, \u201cSeu astral\u201d, \u201cA\u00ed J\u00e1 Era\u201d, \u201cVoa Beija Flor\u201d, entre outras can\u00e7\u00f5es.<\/p>\n<p>Por volta das 04h da manh\u00e3, Humberto &amp; Ronaldo assumiu palco e abriu o show com um mix de seus sucessos e com a m\u00fasica \u201cChega mais pra c\u00e1\u201d. A dupla ainda fez o p\u00fablico cantar os sucessos \u201cT\u00f4 vendendo beijo\u201d, \u201cRomance\u201d, \u201cS\u00f3 vou beber mais hoje\u201d, \u201cGatinha Assanhada\u201d, al\u00e9m de outros. A dose sertaneja continuou com a dupla Rog\u00e9rio &amp; Adriano, que subiu ao palco no in\u00edcio da manh\u00e3 de domingo.<\/p>\n<p>J\u00e1 \u00e0s 06h45, o arrocha tomou conta do evento com Israel Novaes. Lan\u00e7ado neste ano, o cantor tamb\u00e9m foi uma das atra\u00e7\u00f5es mais esperadas pelo p\u00fablico, contagiando-o principalmente com a m\u00fasica \u201cVem ni mim Dodge Ram\u201d. Logo ap\u00f3s, a galera ainda curtiu mais m\u00fasica eletr\u00f4nica ao som de DJ\u2019s.<\/p>\n<p>Realizada pelo Viola Show e Casagrande Eventos, a terceira edi\u00e7\u00e3o do Ribeir\u00e3o Country Fest contou com o patroc\u00ednio de Heineken-Bavaria, Sony, Hypermarcas, Phillip Morris e Conquista FM do Grupo Mega Sistema de Comunica\u00e7\u00e3o.<\/p>\n","protected":false},"excerpt":{"rendered":"<p>Batendo recorde de p\u00fablico, evento trouxe para Ribeir\u00e3o Preto as duplas Jorge &amp; Mateus, C\u00e9sar Menotti &amp; Fabiano, Humberto &amp; Ronaldo, Maria Cec\u00edlia &amp; Rodolfo e o cantor Israel Novaes Nem mesmo a chuva comprometeu a pura emo\u00e7\u00e3o provocada pelo Ribeir\u00e3o Country Fest. A terceira edi\u00e7\u00e3o do evento, realizada na noite do dia 15 de dezembro, no Parque Permanente de Exposi\u00e7\u00f5es de Ribeir\u00e3o Preto, comprovou por que o Festival \u00e9 o maior do estado de S\u00e3o Paulo, conquistando espa\u00e7o em [&hellip;]<\/p>\n","protected":false},"author":1,"featured_media":0,"comment_status":"open","ping_status":"open","sticky":false,"template":"","format":"standard","meta":{"jetpack_post_was_ever_published":false,"_jetpack_newsletter_access":"","_jetpack_dont_email_post_to_subs":false,"_jetpack_newsletter_tier_id":0,"_jetpack_memberships_contains_paywalled_content":false,"_jetpack_memberships_contains_paid_content":false,"footnotes":"","jetpack_publicize_message":"","jetpack_publicize_feature_enabled":true,"jetpack_social_post_already_shared":true,"jetpack_social_options":{"image_generator_settings":{"template":"highway","enabled":false},"version":2}},"categories":[1],"tags":[],"class_list":["post-2451","post","type-post","status-publish","format-standard","hentry","category-noticias"],"jetpack_publicize_connections":[],"jetpack_sharing_enabled":true,"jetpack_featured_media_url":"","jetpack_shortlink":"https:\/\/wp.me\/p1Lzat-Dx","jetpack-related-posts":[],"_links":{"self":[{"href":"https:\/\/www.clickrp.com.br\/portal\/wp-json\/wp\/v2\/posts\/2451","targetHints":{"allow":["GET"]}}],"collection":[{"href":"https:\/\/www.clickrp.com.br\/portal\/wp-json\/wp\/v2\/posts"}],"about":[{"href":"https:\/\/www.clickrp.com.br\/portal\/wp-json\/wp\/v2\/types\/post"}],"author":[{"embeddable":true,"href":"https:\/\/www.clickrp.com.br\/portal\/wp-json\/wp\/v2\/users\/1"}],"replies":[{"embeddable":true,"href":"https:\/\/www.clickrp.com.br\/portal\/wp-json\/wp\/v2\/comments?post=2451"}],"version-history":[{"count":2,"href":"https:\/\/www.clickrp.com.br\/portal\/wp-json\/wp\/v2\/posts\/2451\/revisions"}],"predecessor-version":[{"id":6429,"href":"https:\/\/www.clickrp.com.br\/portal\/wp-json\/wp\/v2\/posts\/2451\/revisions\/6429"}],"wp:attachment":[{"href":"https:\/\/www.clickrp.com.br\/portal\/wp-json\/wp\/v2\/media?parent=2451"}],"wp:term":[{"taxonomy":"category","embeddable":true,"href":"https:\/\/www.clickrp.com.br\/portal\/wp-json\/wp\/v2\/categories?post=2451"},{"taxonomy":"post_tag","embeddable":true,"href":"https:\/\/www.clickrp.com.br\/portal\/wp-json\/wp\/v2\/tags?post=2451"}],"curies":[{"name":"wp","href":"https:\/\/api.w.org\/{rel}","templated":true}]}}