{"id":2443,"date":"2012-12-14T11:15:41","date_gmt":"2012-12-14T14:15:41","guid":{"rendered":"http:\/\/www.clickrp.com.br\/portal\/?p=2443"},"modified":"2015-09-28T05:24:54","modified_gmt":"2015-09-28T08:24:54","slug":"numeros-expressam-grandiosidade-do-ribeirao-country-fest","status":"publish","type":"post","link":"https:\/\/www.clickrp.com.br\/portal\/2012\/12\/numeros-expressam-grandiosidade-do-ribeirao-country-fest\/","title":{"rendered":"N\u00fameros expressam grandiosidade do Ribeir\u00e3o Country Fest"},"content":{"rendered":"<p><img data-recalc-dims=\"1\" loading=\"lazy\" decoding=\"async\" data-attachment-id=\"2444\" data-permalink=\"https:\/\/www.clickrp.com.br\/portal\/2012\/12\/numeros-expressam-grandiosidade-do-ribeirao-country-fest\/foto-preparacao-a-todo-vapor-para-o-ribeirao-country-fest-2012\/\" data-orig-file=\"https:\/\/i0.wp.com\/www.clickrp.com.br\/portal\/wp-content\/uploads\/2012\/12\/Foto-Prepara%C3%A7%C3%A3o-a-todo-vapor-para-o-Ribeir%C3%A3o-Country-Fest-2012.jpg?fit=600%2C358&amp;ssl=1\" data-orig-size=\"600,358\" data-comments-opened=\"1\" data-image-meta=\"{&quot;aperture&quot;:&quot;3.5&quot;,&quot;credit&quot;:&quot;duzzek\\\/www.duzzek.com.br&quot;,&quot;camera&quot;:&quot;Canon EOS 7D&quot;,&quot;caption&quot;:&quot;&quot;,&quot;created_timestamp&quot;:&quot;1324168562&quot;,&quot;copyright&quot;:&quot;Contato@duzzek.com.br&quot;,&quot;focal_length&quot;:&quot;15&quot;,&quot;iso&quot;:&quot;3200&quot;,&quot;shutter_speed&quot;:&quot;0.02&quot;,&quot;title&quot;:&quot;&quot;}\" data-image-title=\"Foto &amp;#8211; Prepara\u00e7\u00e3o a todo vapor para o Ribeir\u00e3o Country Fest 2012\" data-image-description=\"\" data-image-caption=\"\" data-medium-file=\"https:\/\/i0.wp.com\/www.clickrp.com.br\/portal\/wp-content\/uploads\/2012\/12\/Foto-Prepara%C3%A7%C3%A3o-a-todo-vapor-para-o-Ribeir%C3%A3o-Country-Fest-2012.jpg?fit=300%2C179&amp;ssl=1\" data-large-file=\"https:\/\/i0.wp.com\/www.clickrp.com.br\/portal\/wp-content\/uploads\/2012\/12\/Foto-Prepara%C3%A7%C3%A3o-a-todo-vapor-para-o-Ribeir%C3%A3o-Country-Fest-2012.jpg?fit=600%2C358&amp;ssl=1\" class=\"alignleft size-medium wp-image-2444\" alt=\"Foto - Prepara\u00e7\u00e3o a todo vapor para o Ribeir\u00e3o Country Fest 2012\" src=\"https:\/\/i0.wp.com\/www.clickrp.com.br\/portal\/wp-content\/uploads\/2012\/12\/Foto-Prepara%C3%A7%C3%A3o-a-todo-vapor-para-o-Ribeir%C3%A3o-Country-Fest-2012-300x179.jpg?resize=300%2C179\" width=\"300\" height=\"179\" srcset=\"https:\/\/i0.wp.com\/www.clickrp.com.br\/portal\/wp-content\/uploads\/2012\/12\/Foto-Prepara%C3%A7%C3%A3o-a-todo-vapor-para-o-Ribeir%C3%A3o-Country-Fest-2012.jpg?resize=300%2C179&amp;ssl=1 300w, https:\/\/i0.wp.com\/www.clickrp.com.br\/portal\/wp-content\/uploads\/2012\/12\/Foto-Prepara%C3%A7%C3%A3o-a-todo-vapor-para-o-Ribeir%C3%A3o-Country-Fest-2012.jpg?w=600&amp;ssl=1 600w\" sizes=\"auto, (max-width: 300px) 100vw, 300px\" \/>Aguardando um p\u00fablico de 28 mil pessoas, Festival tem grande movimento tamb\u00e9m nos bastidores do evento para garantir uma festa de sucesso, conforto e luxo aos amantes do sertanejo<\/p>\n<p>A realiza\u00e7\u00e3o da terceira edi\u00e7\u00e3o do Ribeir\u00e3o Country Fest est\u00e1 chegando e a movimenta\u00e7\u00e3o \u00e9 grande nos bastidores. N\u00fameros expressam a grandiosidade do Festival, n\u00e3o apenas pela extensa programa\u00e7\u00e3o com duplas sertanejas renomadas nacionalmente, mas pela gera\u00e7\u00e3o de empregos e pelo movimento provocado na cidade. S\u00e3o quase 30 excurs\u00f5es e 8 mil turistas de cidades como Araraquara, Franca, Mat\u00e3o, Ibitinga, S\u00e3o Paulo, entre outras, que chegar\u00e3o em Ribeir\u00e3o Preto neste final de semana.<\/p>\n<p>Al\u00e9m de fomentar o turismo na cidade, o Ribeir\u00e3o Country Fest tamb\u00e9m movimenta a contrata\u00e7\u00e3o de recursos humanos para garantir um bom evento, comodidade e conforto ao p\u00fablico esperado de 28 mil pessoas. No setor art\u00edstico, por exemplo, 280 profissionais entre m\u00fasicos, t\u00e9cnicos e efeitos especiais est\u00e3o comprometidos na produ\u00e7\u00e3o de um cen\u00e1rio envolvente, enquanto outras 200 pessoas est\u00e3o designadas para o controle de acesso e \u2018pulseiramento\u2019 de camarotes e identifica\u00e7\u00e3o de maiores de idade.<\/p>\n<p>A seguran\u00e7a do p\u00fablico \u00e9 tamb\u00e9m uma das prioridades da organiza\u00e7\u00e3o do evento. Para isso, 350 seguran\u00e7as particulares foram contratados para esta fun\u00e7\u00e3o. J\u00e1 no setor de infraestrutura e estrutura de apoio, o festival gerou vagas e conta com o profissionalismo de 120 carregadores de equipamentos, 90 montadores de estrutura de camarotes, palco, tendas e ferragens em geral. Tudo isso para garantir a estrutura do evento que neste ano precisou crescer 40%, contando com tr\u00eas palcos, dois camarotes, \u00e1rea vip e pista.<\/p>\n<p>J\u00e1 na \u00e1rea de alimenta\u00e7\u00e3o, o servi\u00e7o de bartender contar\u00e1 com 420 profissionais, enquanto que o servi\u00e7o de Buffet est\u00e1 a todo vapor para atender um p\u00fablico de 4 mil pessoas nos camarotes. No Golden, por exemplo, al\u00e9m de uma gastronomia diferenciada, o p\u00fablico ainda pode desfrutar de todo o luxo nas \u00e1reas de sal\u00e3o de beleza, massagens, relaxamento, lounges para descanso e banheiros exclusivos. Quem estiver na pista poder\u00e1 contar com as diversas op\u00e7\u00f5es de refei\u00e7\u00e3o na pra\u00e7a de alimenta\u00e7\u00e3o, onde 140 pessoas estar\u00e3o instaladas para atendimento. Ainda, outros 160 vendedores ambulantes estar\u00e3o entre o p\u00fablico. Para matar a sede da galera, a organiza\u00e7\u00e3o do evento tamb\u00e9m adquiriu 80 mil unidades de bebidas entre refrigerante, cerveja, energ\u00e9tico, \u00e1gua, vodka e whisky para comercializa\u00e7\u00e3o.<\/p>\n<p>Outra opera\u00e7\u00e3o para atender \u00e0s necessidades do p\u00fablico, \u00e9 a disponibiliza\u00e7\u00e3o de 340 unidades de sanit\u00e1rios qu\u00edmicos que ficar\u00e3o espalhados nos 60 mil m\u00b2 de \u00e1rea do evento.<\/p>\n<p>Ribeir\u00e3o Country Fest<br \/>\nConsiderado um dos maiores festivais sertanejo do interior do estado de S\u00e3o Paulo, a cada edi\u00e7\u00e3o o Ribeir\u00e3o Country Fest traz nos palcos de Ribeir\u00e3o Preto artistas consagrados no cen\u00e1rio da m\u00fasica sertaneja do Brasil. Em 2012, a programa\u00e7\u00e3o conta com Jorge &amp; Mateus, C\u00e9sar Menotti &amp; Fabiano, Israel Novaes, Humberto &amp; Ronaldo, Maria Cec\u00edlia &amp; Rodolfo, entre outros. Com 12 horas de programa\u00e7\u00e3o musical sem interrup\u00e7\u00e3o, o evento acontece no dia 15 de dezembro, a partir das 20h, no Parque Permanente de Exposi\u00e7\u00f5es, em Ribeir\u00e3o Preto.<\/p>\n<p>N\u00fameros do RCF<\/p>\n<p>\u00c1rea do evento: 60 mil m\u00b2<br \/>\nEstrutura: 3 palcos; 2 camarotes; \u00c1rea VIP e pista<br \/>\nPrograma\u00e7\u00e3o: 12 horas de m\u00fasica sem interrup\u00e7\u00e3o; 8 atra\u00e7\u00f5es sertanejas e mais DJ\u2019s<br \/>\nP\u00fablico esperado: 28 mil pessoas<br \/>\nVisitantes: 8 mil turistas das mais diversas cidades<br \/>\nExcurs\u00f5es: mais de 25<br \/>\nSeguran\u00e7a: 350 seguran\u00e7as particulares<br \/>\nBartender: 420 profissionais<br \/>\nProdutos: 80 mil unidades entre refrigerantes, cerveja, energ\u00e9tico, \u00e1gua, vodka e u\u00edsque<br \/>\nSanit\u00e1rios Qu\u00edmicos: 340 unidades, al\u00e9m de 08 containeres com sanit\u00e1rios<br \/>\nCard\u00e1pio Especial: buffet para 4 mil pessoas<br \/>\nSetor Art\u00edstico: 280 profissionais entre m\u00fasicos, t\u00e9cnicos, cenaristas, efeitos especiais, dentre outros.<br \/>\nRecursos Humanos: 200 pessoas no controle de acesso e pulseiramento de camarotes e identifica\u00e7\u00e3o de maiores; 120 carregadores de equipamentos; e 90 montadores de estrutura de camarotes, palco, tendas e ferragens em geral<br \/>\nRefei\u00e7\u00e3o: 140 pessoas da pra\u00e7a de alimenta\u00e7\u00e3o<br \/>\nVendas: 160 vendedores ambulantes<\/p>\n","protected":false},"excerpt":{"rendered":"<p>Aguardando um p\u00fablico de 28 mil pessoas, Festival tem grande movimento tamb\u00e9m nos bastidores do evento para garantir uma festa de sucesso, conforto e luxo aos amantes do sertanejo A realiza\u00e7\u00e3o da terceira edi\u00e7\u00e3o do Ribeir\u00e3o Country Fest est\u00e1 chegando e a movimenta\u00e7\u00e3o \u00e9 grande nos bastidores. N\u00fameros expressam a grandiosidade do Festival, n\u00e3o apenas pela extensa programa\u00e7\u00e3o com duplas sertanejas renomadas nacionalmente, mas pela gera\u00e7\u00e3o de empregos e pelo movimento provocado na cidade. S\u00e3o quase 30 excurs\u00f5es e 8 [&hellip;]<\/p>\n","protected":false},"author":1,"featured_media":0,"comment_status":"open","ping_status":"open","sticky":false,"template":"","format":"standard","meta":{"jetpack_post_was_ever_published":false,"_jetpack_newsletter_access":"","_jetpack_dont_email_post_to_subs":false,"_jetpack_newsletter_tier_id":0,"_jetpack_memberships_contains_paywalled_content":false,"_jetpack_memberships_contains_paid_content":false,"footnotes":"","jetpack_publicize_message":"","jetpack_publicize_feature_enabled":true,"jetpack_social_post_already_shared":true,"jetpack_social_options":{"image_generator_settings":{"template":"highway","enabled":false},"version":2}},"categories":[1],"tags":[],"class_list":["post-2443","post","type-post","status-publish","format-standard","hentry","category-noticias"],"jetpack_publicize_connections":[],"jetpack_sharing_enabled":true,"jetpack_featured_media_url":"","jetpack_shortlink":"https:\/\/wp.me\/p1Lzat-Dp","jetpack-related-posts":[],"_links":{"self":[{"href":"https:\/\/www.clickrp.com.br\/portal\/wp-json\/wp\/v2\/posts\/2443","targetHints":{"allow":["GET"]}}],"collection":[{"href":"https:\/\/www.clickrp.com.br\/portal\/wp-json\/wp\/v2\/posts"}],"about":[{"href":"https:\/\/www.clickrp.com.br\/portal\/wp-json\/wp\/v2\/types\/post"}],"author":[{"embeddable":true,"href":"https:\/\/www.clickrp.com.br\/portal\/wp-json\/wp\/v2\/users\/1"}],"replies":[{"embeddable":true,"href":"https:\/\/www.clickrp.com.br\/portal\/wp-json\/wp\/v2\/comments?post=2443"}],"version-history":[{"count":2,"href":"https:\/\/www.clickrp.com.br\/portal\/wp-json\/wp\/v2\/posts\/2443\/revisions"}],"predecessor-version":[{"id":6430,"href":"https:\/\/www.clickrp.com.br\/portal\/wp-json\/wp\/v2\/posts\/2443\/revisions\/6430"}],"wp:attachment":[{"href":"https:\/\/www.clickrp.com.br\/portal\/wp-json\/wp\/v2\/media?parent=2443"}],"wp:term":[{"taxonomy":"category","embeddable":true,"href":"https:\/\/www.clickrp.com.br\/portal\/wp-json\/wp\/v2\/categories?post=2443"},{"taxonomy":"post_tag","embeddable":true,"href":"https:\/\/www.clickrp.com.br\/portal\/wp-json\/wp\/v2\/tags?post=2443"}],"curies":[{"name":"wp","href":"https:\/\/api.w.org\/{rel}","templated":true}]}}