{"id":2415,"date":"2012-12-07T11:00:53","date_gmt":"2012-12-07T14:00:53","guid":{"rendered":"http:\/\/www.clickrp.com.br\/portal\/?p=2415"},"modified":"2015-09-28T05:24:54","modified_gmt":"2015-09-28T08:24:54","slug":"artistas-gravam-tema-do-ribeirao-country-fest","status":"publish","type":"post","link":"https:\/\/www.clickrp.com.br\/portal\/2012\/12\/artistas-gravam-tema-do-ribeirao-country-fest\/","title":{"rendered":"ARTISTAS GRAVAM TEMA DO RIBEIR\u00c3O COUNTRY FEST"},"content":{"rendered":"<p><img data-recalc-dims=\"1\" loading=\"lazy\" decoding=\"async\" data-attachment-id=\"2416\" data-permalink=\"https:\/\/www.clickrp.com.br\/portal\/2012\/12\/artistas-gravam-tema-do-ribeirao-country-fest\/jm\/\" data-orig-file=\"https:\/\/i0.wp.com\/www.clickrp.com.br\/portal\/wp-content\/uploads\/2012\/12\/JM.jpg?fit=500%2C500&amp;ssl=1\" data-orig-size=\"500,500\" data-comments-opened=\"1\" data-image-meta=\"{&quot;aperture&quot;:&quot;0&quot;,&quot;credit&quot;:&quot;&quot;,&quot;camera&quot;:&quot;&quot;,&quot;caption&quot;:&quot;&quot;,&quot;created_timestamp&quot;:&quot;0&quot;,&quot;copyright&quot;:&quot;&quot;,&quot;focal_length&quot;:&quot;0&quot;,&quot;iso&quot;:&quot;0&quot;,&quot;shutter_speed&quot;:&quot;0&quot;,&quot;title&quot;:&quot;&quot;}\" data-image-title=\"JM\" data-image-description=\"\" data-image-caption=\"\" data-medium-file=\"https:\/\/i0.wp.com\/www.clickrp.com.br\/portal\/wp-content\/uploads\/2012\/12\/JM.jpg?fit=300%2C300&amp;ssl=1\" data-large-file=\"https:\/\/i0.wp.com\/www.clickrp.com.br\/portal\/wp-content\/uploads\/2012\/12\/JM.jpg?fit=500%2C500&amp;ssl=1\" class=\"alignleft size-medium wp-image-2416\" title=\"JM\" src=\"https:\/\/i0.wp.com\/www.clickrp.com.br\/portal\/wp-content\/uploads\/2012\/12\/JM-300x300.jpg?resize=300%2C300\" alt=\"\" width=\"300\" height=\"300\" srcset=\"https:\/\/i0.wp.com\/www.clickrp.com.br\/portal\/wp-content\/uploads\/2012\/12\/JM.jpg?resize=300%2C300&amp;ssl=1 300w, https:\/\/i0.wp.com\/www.clickrp.com.br\/portal\/wp-content\/uploads\/2012\/12\/JM.jpg?resize=150%2C150&amp;ssl=1 150w, https:\/\/i0.wp.com\/www.clickrp.com.br\/portal\/wp-content\/uploads\/2012\/12\/JM.jpg?w=500&amp;ssl=1 500w\" sizes=\"auto, (max-width: 300px) 100vw, 300px\" \/>Jorge &amp; Mateus, C\u00e9sar Menotti &amp; Fabiano, Humberto &amp; Ronaldo, Maria Cec\u00edlia &amp; Rodolfo e Israel Novaes gravam \u201c\u00c9 Pura Emo\u00e7\u00e3o\u201d, a m\u00fasica tema do festival<br \/>\nA partir desta quinta-feira, dia 06 de dezembro, entra no ar nas r\u00e1dios de todo o Brasil a m\u00fasica tema da 3\u00aa edi\u00e7\u00e3o do Ribeir\u00e3o Country Fest, um dos maiores festivais sertanejo do interior de S\u00e3o Paulo, que acontece em Ribeir\u00e3o Preto, no dia 15 de dezembro, no Parque Permanente de Exposi\u00e7\u00f5es da cidade.<br \/>\nGravada em parceria com o grupo Mega Sistema de Comunica\u00e7\u00e3o de Ribeir\u00e3o Preto, a m\u00fasica tema do evento \u201c\u00c9 Pura Emo\u00e7\u00e3o\u201d este ano contou com a participa\u00e7\u00e3o de grandes nomes da m\u00fasica sertaneja que tamb\u00e9m estar\u00e3o presentes no dia do evento: Jorge &amp; Mateus, C\u00e9sar Menotti &amp; Fabiano, Humberto &amp; Ronaldo, Maria Cec\u00edlia &amp; Rodolfo e o cantor Israel Novaes. A m\u00fasica tema tamb\u00e9m \u00e9 um preaquecimento do evento. \u201cA m\u00fasica antecede para o p\u00fablico a alegria que marca o festival e tamb\u00e9m re\u00fane os artistas mesmo antes do evento acontecer\u201d, conta Matheus Calil, organizador do evento.<br \/>\n<img data-recalc-dims=\"1\" loading=\"lazy\" decoding=\"async\" data-attachment-id=\"2417\" data-permalink=\"https:\/\/www.clickrp.com.br\/portal\/2012\/12\/artistas-gravam-tema-do-ribeirao-country-fest\/in\/\" data-orig-file=\"https:\/\/i0.wp.com\/www.clickrp.com.br\/portal\/wp-content\/uploads\/2012\/12\/IN.jpg?fit=380%2C570&amp;ssl=1\" data-orig-size=\"380,570\" data-comments-opened=\"1\" data-image-meta=\"{&quot;aperture&quot;:&quot;10&quot;,&quot;credit&quot;:&quot;Rubens Cerqueira&quot;,&quot;camera&quot;:&quot;Canon EOS 5D Mark II&quot;,&quot;caption&quot;:&quot;&quot;,&quot;created_timestamp&quot;:&quot;1322763106&quot;,&quot;copyright&quot;:&quot;photo by Rubens Cerqueira&quot;,&quot;focal_length&quot;:&quot;135&quot;,&quot;iso&quot;:&quot;100&quot;,&quot;shutter_speed&quot;:&quot;0.008&quot;,&quot;title&quot;:&quot;&quot;}\" data-image-title=\"IN\" data-image-description=\"\" data-image-caption=\"\" data-medium-file=\"https:\/\/i0.wp.com\/www.clickrp.com.br\/portal\/wp-content\/uploads\/2012\/12\/IN.jpg?fit=200%2C300&amp;ssl=1\" data-large-file=\"https:\/\/i0.wp.com\/www.clickrp.com.br\/portal\/wp-content\/uploads\/2012\/12\/IN.jpg?fit=380%2C570&amp;ssl=1\" class=\"alignleft size-medium wp-image-2417\" title=\"IN\" src=\"https:\/\/i0.wp.com\/www.clickrp.com.br\/portal\/wp-content\/uploads\/2012\/12\/IN-200x300.jpg?resize=200%2C300\" alt=\"\" width=\"200\" height=\"300\" srcset=\"https:\/\/i0.wp.com\/www.clickrp.com.br\/portal\/wp-content\/uploads\/2012\/12\/IN.jpg?resize=200%2C300&amp;ssl=1 200w, https:\/\/i0.wp.com\/www.clickrp.com.br\/portal\/wp-content\/uploads\/2012\/12\/IN.jpg?w=380&amp;ssl=1 380w\" sizes=\"auto, (max-width: 200px) 100vw, 200px\" \/>\u201c\u00c9 Pura Emo\u00e7\u00e3o\u201d \u00e9 de composi\u00e7\u00e3o e produ\u00e7\u00e3o da dupla de Ribeir\u00e3o Preto, Carlos Victor &amp; Thiago e j\u00e1 foi gravada em 2011, por outros grandes nomes da m\u00fasica sertaneja, como Luan Santana, Eduardo Costa, Fernando &amp; Sorocaba e Guilherme &amp; Santiago. A m\u00fasica divulga a import\u00e2ncia do evento e sua grandiosidade, conforme aponta o trecho da can\u00e7\u00e3o:<br \/>\nAs luzes se acendem<br \/>\nSinto o cora\u00e7\u00e3o<br \/>\nRibeir\u00e3o se prepara pra essa sensa\u00e7\u00e3o<br \/>\nRibeir\u00e3o Country Fest j\u00e1 \u00e9 realidade<br \/>\nDas top&#8217;s sertaneja, \u00e9 nossa cidade<br \/>\nGalera de S\u00e3o Paulo, de Minas Gerais<br \/>\nBras\u00edlia, Paran\u00e1 e o povo de Goi\u00e1s<br \/>\nBrasil de norte a sul<br \/>\nT\u00e1 todo mundo convidado<br \/>\nEssa \u00e9 a terra do chopp<br \/>\nNingu\u00e9m vai ficar parado.<\/p>\n<p>Ribeir\u00e3o Country Fest 2012<br \/>\nEm sua terceira edi\u00e7\u00e3o, o Ribeir\u00e3o Country Fest mostra ser um dos maiores festivais do interior de S\u00e3o Paulo com proje\u00e7\u00e3o nacional. Neste ano, uma das novidades \u00e9 a programa\u00e7\u00e3o com 12 horas de m\u00fasica sem intervalos. Nos palcos estar\u00e3o Jorge &amp; Mateus, C\u00e9sar Menotti &amp; Fabiano, Maria Cec\u00edlia &amp; Rodolfo, J\u00falio C\u00e9sar &amp; Adriano, Carlos Victor &amp; Thiago, Humberto &amp; Ronaldo, Israel Novaes, Rog\u00e9rio &amp; Adriano, al\u00e9m de Djs. Os shows ter\u00e3o in\u00edcio \u00e0s 22h00.<br \/>\nPontos de Vendas<br \/>\nOs ingressos j\u00e1 est\u00e3o sendo comercializados nos pontos de venda: Chapelaria Garcia, Trem Caipira, C\u00f3digo Girls (Novo Shopping), Kipling (Shopping Santa \u00darsula) em Ribeir\u00e3o Preto, Transe Boutique em Cravinhos, Rei do P\u00e3o de Queijo em Batatais, Pablo Salgado em Orl\u00e2ndia, Emp\u00f3rio Bar\u00e3o em Sert\u00e3ozinho, Posto do F\u00fa em Jaboticabal, Game Set em Serrana, al\u00e9m da venda online pelo site: www.nettickets.com.br.<br \/>\nPista: R$ 30,00<br \/>\n\u00c1rea Vip: R$ 50,00<br \/>\nCamarote Universit\u00e1rio: R$ 110,00 (feminino) e R$ 130,00 (masculino). OBS: Este camarote \u00e9 aberto para o p\u00fablico geral, n\u00e3o restringindo apenas para estudantes universit\u00e1rios.<br \/>\nCamarote Golden: R$ 220,00 (feminino) e R$ 250,00 (masculino)<\/p>\n<p>Servi\u00e7o:<br \/>\nEvento: Ribeir\u00e3o Country Fest<br \/>\nData: 15 de dezembro de 2012<br \/>\nHor\u00e1rio: a partir das 20h<br \/>\nLocal: Parque Permanente de Exposi\u00e7\u00f5es de Ribeir\u00e3o Preto, &#8211; Avenida Orestes Lopes, s\/n, Ribeir\u00e3o Preto \u2013 SP<\/p>\n","protected":false},"excerpt":{"rendered":"<p>Jorge &amp; Mateus, C\u00e9sar Menotti &amp; Fabiano, Humberto &amp; Ronaldo, Maria Cec\u00edlia &amp; Rodolfo e Israel Novaes gravam \u201c\u00c9 Pura Emo\u00e7\u00e3o\u201d, a m\u00fasica tema do festival A partir desta quinta-feira, dia 06 de dezembro, entra no ar nas r\u00e1dios de todo o Brasil a m\u00fasica tema da 3\u00aa edi\u00e7\u00e3o do Ribeir\u00e3o Country Fest, um dos maiores festivais sertanejo do interior de S\u00e3o Paulo, que acontece em Ribeir\u00e3o Preto, no dia 15 de dezembro, no Parque Permanente de Exposi\u00e7\u00f5es da cidade. [&hellip;]<\/p>\n","protected":false},"author":1,"featured_media":0,"comment_status":"open","ping_status":"open","sticky":false,"template":"","format":"standard","meta":{"jetpack_post_was_ever_published":false,"_jetpack_newsletter_access":"","_jetpack_dont_email_post_to_subs":false,"_jetpack_newsletter_tier_id":0,"_jetpack_memberships_contains_paywalled_content":false,"_jetpack_memberships_contains_paid_content":false,"footnotes":"","jetpack_publicize_message":"","jetpack_publicize_feature_enabled":true,"jetpack_social_post_already_shared":true,"jetpack_social_options":{"image_generator_settings":{"template":"highway","enabled":false},"version":2}},"categories":[1],"tags":[],"class_list":["post-2415","post","type-post","status-publish","format-standard","hentry","category-noticias"],"jetpack_publicize_connections":[],"jetpack_sharing_enabled":true,"jetpack_featured_media_url":"","jetpack_shortlink":"https:\/\/wp.me\/p1Lzat-CX","jetpack-related-posts":[],"_links":{"self":[{"href":"https:\/\/www.clickrp.com.br\/portal\/wp-json\/wp\/v2\/posts\/2415","targetHints":{"allow":["GET"]}}],"collection":[{"href":"https:\/\/www.clickrp.com.br\/portal\/wp-json\/wp\/v2\/posts"}],"about":[{"href":"https:\/\/www.clickrp.com.br\/portal\/wp-json\/wp\/v2\/types\/post"}],"author":[{"embeddable":true,"href":"https:\/\/www.clickrp.com.br\/portal\/wp-json\/wp\/v2\/users\/1"}],"replies":[{"embeddable":true,"href":"https:\/\/www.clickrp.com.br\/portal\/wp-json\/wp\/v2\/comments?post=2415"}],"version-history":[{"count":2,"href":"https:\/\/www.clickrp.com.br\/portal\/wp-json\/wp\/v2\/posts\/2415\/revisions"}],"predecessor-version":[{"id":6436,"href":"https:\/\/www.clickrp.com.br\/portal\/wp-json\/wp\/v2\/posts\/2415\/revisions\/6436"}],"wp:attachment":[{"href":"https:\/\/www.clickrp.com.br\/portal\/wp-json\/wp\/v2\/media?parent=2415"}],"wp:term":[{"taxonomy":"category","embeddable":true,"href":"https:\/\/www.clickrp.com.br\/portal\/wp-json\/wp\/v2\/categories?post=2415"},{"taxonomy":"post_tag","embeddable":true,"href":"https:\/\/www.clickrp.com.br\/portal\/wp-json\/wp\/v2\/tags?post=2415"}],"curies":[{"name":"wp","href":"https:\/\/api.w.org\/{rel}","templated":true}]}}