{"id":2400,"date":"2012-12-05T09:20:04","date_gmt":"2012-12-05T12:20:04","guid":{"rendered":"http:\/\/www.clickrp.com.br\/portal\/?p=2400"},"modified":"2015-09-28T05:24:54","modified_gmt":"2015-09-28T08:24:54","slug":"preparacao-para-o-ribeirao-country-fest-tem-festa-de-lancamento-nesta-sexta-feira","status":"publish","type":"post","link":"https:\/\/www.clickrp.com.br\/portal\/2012\/12\/preparacao-para-o-ribeirao-country-fest-tem-festa-de-lancamento-nesta-sexta-feira\/","title":{"rendered":"&#8220;PREPARA\u00c7\u00c3O&#8221; PARA O RIBEIR\u00c3O COUNTRY FEST TEM FESTA DE LAN\u00c7AMENTO NESTA SEXTA-FEIRA"},"content":{"rendered":"<p><img data-recalc-dims=\"1\" loading=\"lazy\" decoding=\"async\" data-attachment-id=\"2401\" data-permalink=\"https:\/\/www.clickrp.com.br\/portal\/2012\/12\/preparacao-para-o-ribeirao-country-fest-tem-festa-de-lancamento-nesta-sexta-feira\/attachment\/4\/\" data-orig-file=\"https:\/\/i0.wp.com\/www.clickrp.com.br\/portal\/wp-content\/uploads\/2012\/12\/4.jpg?fit=984%2C504&amp;ssl=1\" data-orig-size=\"984,504\" data-comments-opened=\"1\" data-image-meta=\"{&quot;aperture&quot;:&quot;0&quot;,&quot;credit&quot;:&quot;&quot;,&quot;camera&quot;:&quot;&quot;,&quot;caption&quot;:&quot;&quot;,&quot;created_timestamp&quot;:&quot;0&quot;,&quot;copyright&quot;:&quot;&quot;,&quot;focal_length&quot;:&quot;0&quot;,&quot;iso&quot;:&quot;0&quot;,&quot;shutter_speed&quot;:&quot;0&quot;,&quot;title&quot;:&quot;&quot;}\" data-image-title=\"4\" data-image-description=\"\" data-image-caption=\"\" data-medium-file=\"https:\/\/i0.wp.com\/www.clickrp.com.br\/portal\/wp-content\/uploads\/2012\/12\/4.jpg?fit=300%2C153&amp;ssl=1\" data-large-file=\"https:\/\/i0.wp.com\/www.clickrp.com.br\/portal\/wp-content\/uploads\/2012\/12\/4.jpg?fit=984%2C504&amp;ssl=1\" class=\"alignleft size-medium wp-image-2401\" title=\"4\" src=\"https:\/\/i0.wp.com\/www.clickrp.com.br\/portal\/wp-content\/uploads\/2012\/12\/4-300x153.jpg?resize=300%2C153\" alt=\"\" width=\"300\" height=\"153\" srcset=\"https:\/\/i0.wp.com\/www.clickrp.com.br\/portal\/wp-content\/uploads\/2012\/12\/4.jpg?resize=300%2C153&amp;ssl=1 300w, https:\/\/i0.wp.com\/www.clickrp.com.br\/portal\/wp-content\/uploads\/2012\/12\/4.jpg?w=984&amp;ssl=1 984w\" sizes=\"auto, (max-width: 300px) 100vw, 300px\" \/>Entrando no clima do festival sertanejo que acontece dia 15 em Ribeir\u00e3o Preto, nesta sexta-feira, acontece pr\u00e9-festa no Vit\u00f3ria Hill<\/p>\n<p>A 3\u00aa edi\u00e7\u00e3o do Ribeir\u00e3o Country Fest, que acontece no dia 15 de dezembro, no Parque Permanente de Exposi\u00e7\u00f5es, antecipa o clima do evento e apresenta no pr\u00f3ximo dia 07 de dezembro, sexta \u2013 feira, a partir das 22h, no Vit\u00f3ria Hill, uma pr\u00e9-festa especial com os shows de Erick &amp; L\u00e9o, Rog\u00e9rio &amp; Adriano (foto abaixo), Alex de Cristo e a participa\u00e7\u00e3o de Carlos Victor &amp; Thiago &#8211; compositores da m\u00fasica tema do Festival.<\/p>\n<p>J\u00e1 na pr\u00e9-festa, o p\u00fablico vai ter uma breve amostra de como ser\u00e1 o evento j\u00e1 que as duplas Rog\u00e9rio &amp; Adriano e Carlos Victor &amp; Thiago est\u00e3o confirmadas entre as atra\u00e7\u00f5es do festival que tem se caracterizado como um dos maiores do g\u00eanero no interior.<\/p>\n<p>A festa no Vit\u00f3ria Hill tem in\u00edcio \u00e0s 22h e ser\u00e1 no sistema &#8220;open bar&#8221; (refrigerante, \u00e1gua, cerveja, suco, vodka e espumante).<\/p>\n<p>Os ingressos j\u00e1 podem ser adquiridos nos seguintes pontos de vendas: Chapelaria Garcia, loja Tench Beach (Novo Shopping), Atenas Academia e no Trem Caipira.<\/p>\n<p>Promo\u00e7\u00e3o<\/p>\n<p>As mil primeiras pessoas que adquirirem o convite da pr\u00e9-festa e que j\u00e1 tenham o convite do Ribeir\u00e3o Country Fest ganham um desconto especial. O ingresso do festival deve estar em m\u00e3os no momento da compra do ingresso da pr\u00e9-festa para que o desconto seja aplicado.<\/p>\n<p>Com apresenta\u00e7\u00e3o do convite do Ribeir\u00e3o Country Fest os valores s\u00e3o: R$ 40,00 mulher e R$ 50,00 homem (v\u00e1lido somente para os primeiros mil ingressos). J\u00e1 o lote promocional vale R$ 50,00 mulher e R$ 60,00 homem.<\/p>\n<p>Ribeir\u00e3o Country Fest 2012<\/p>\n<p>Em sua terceira edi\u00e7\u00e3o, o Ribeir\u00e3o Country Fest mostra ser um dos maiores festivais do interior de S\u00e3o Paulo com proje\u00e7\u00e3o nacional. Neste ano, uma das novidades \u00e9 a programa\u00e7\u00e3o com 12 horas de m\u00fasica sem intervalos. Nos palcos estar\u00e3o Jorge &amp; Mateus, C\u00e9sar Menotti &amp; Fabiano, Maria Cec\u00edlia &amp; Rodolfo, J\u00falio C\u00e9sar &amp; Adriano, Carlos Victor &amp; Thiago, Humberto &amp; Ronaldo, Israel Novaes, Rog\u00e9rio &amp; Adriano, al\u00e9m de Djs. Os shows ter\u00e3o in\u00edcio \u00e0s 22h00.<\/p>\n<p>Servi\u00e7o:<\/p>\n<p>Evento: Pr\u00e9 Festa Ribeir\u00e3o Country Fest<\/p>\n<p>Data: 07 de dezembro de 2012<\/p>\n<p>Hor\u00e1rio: 22h<\/p>\n<p>Local: Vit\u00f3ria Hill &#8211; Rod C\u00e2ndido Portinari \u2013 KM325 (entre Ribeir\u00e3o Preto e Brodowski)<br \/>\nMais informa\u00e7\u00f5es \u2013 (16) 3610 1632<\/p>\n","protected":false},"excerpt":{"rendered":"<p>Entrando no clima do festival sertanejo que acontece dia 15 em Ribeir\u00e3o Preto, nesta sexta-feira, acontece pr\u00e9-festa no Vit\u00f3ria Hill A 3\u00aa edi\u00e7\u00e3o do Ribeir\u00e3o Country Fest, que acontece no dia 15 de dezembro, no Parque Permanente de Exposi\u00e7\u00f5es, antecipa o clima do evento e apresenta no pr\u00f3ximo dia 07 de dezembro, sexta \u2013 feira, a partir das 22h, no Vit\u00f3ria Hill, uma pr\u00e9-festa especial com os shows de Erick &amp; L\u00e9o, Rog\u00e9rio &amp; Adriano (foto abaixo), Alex de Cristo [&hellip;]<\/p>\n","protected":false},"author":1,"featured_media":0,"comment_status":"open","ping_status":"open","sticky":false,"template":"","format":"standard","meta":{"jetpack_post_was_ever_published":false,"_jetpack_newsletter_access":"","_jetpack_dont_email_post_to_subs":false,"_jetpack_newsletter_tier_id":0,"_jetpack_memberships_contains_paywalled_content":false,"_jetpack_memberships_contains_paid_content":false,"footnotes":"","jetpack_publicize_message":"","jetpack_publicize_feature_enabled":true,"jetpack_social_post_already_shared":false,"jetpack_social_options":{"image_generator_settings":{"template":"highway","enabled":false},"version":2}},"categories":[1],"tags":[],"class_list":["post-2400","post","type-post","status-publish","format-standard","hentry","category-noticias"],"jetpack_publicize_connections":[],"jetpack_sharing_enabled":true,"jetpack_featured_media_url":"","jetpack_shortlink":"https:\/\/wp.me\/p1Lzat-CI","jetpack-related-posts":[],"_links":{"self":[{"href":"https:\/\/www.clickrp.com.br\/portal\/wp-json\/wp\/v2\/posts\/2400","targetHints":{"allow":["GET"]}}],"collection":[{"href":"https:\/\/www.clickrp.com.br\/portal\/wp-json\/wp\/v2\/posts"}],"about":[{"href":"https:\/\/www.clickrp.com.br\/portal\/wp-json\/wp\/v2\/types\/post"}],"author":[{"embeddable":true,"href":"https:\/\/www.clickrp.com.br\/portal\/wp-json\/wp\/v2\/users\/1"}],"replies":[{"embeddable":true,"href":"https:\/\/www.clickrp.com.br\/portal\/wp-json\/wp\/v2\/comments?post=2400"}],"version-history":[{"count":1,"href":"https:\/\/www.clickrp.com.br\/portal\/wp-json\/wp\/v2\/posts\/2400\/revisions"}],"predecessor-version":[{"id":2402,"href":"https:\/\/www.clickrp.com.br\/portal\/wp-json\/wp\/v2\/posts\/2400\/revisions\/2402"}],"wp:attachment":[{"href":"https:\/\/www.clickrp.com.br\/portal\/wp-json\/wp\/v2\/media?parent=2400"}],"wp:term":[{"taxonomy":"category","embeddable":true,"href":"https:\/\/www.clickrp.com.br\/portal\/wp-json\/wp\/v2\/categories?post=2400"},{"taxonomy":"post_tag","embeddable":true,"href":"https:\/\/www.clickrp.com.br\/portal\/wp-json\/wp\/v2\/tags?post=2400"}],"curies":[{"name":"wp","href":"https:\/\/api.w.org\/{rel}","templated":true}]}}