{"id":2394,"date":"2012-12-03T17:50:38","date_gmt":"2012-12-03T20:50:38","guid":{"rendered":"http:\/\/www.clickrp.com.br\/portal\/?p=2394"},"modified":"2015-09-28T05:24:54","modified_gmt":"2015-09-28T08:24:54","slug":"maestro-mateus-araujo-participa-do-3o-festival-kabuki-de-arte","status":"publish","type":"post","link":"https:\/\/www.clickrp.com.br\/portal\/2012\/12\/maestro-mateus-araujo-participa-do-3o-festival-kabuki-de-arte\/","title":{"rendered":"MAESTRO MATEUS ARA\u00daJO PARTICIPA DO 3\u00ba FESTIVAL KABUKI DE ARTE"},"content":{"rendered":"<p><img data-recalc-dims=\"1\" loading=\"lazy\" decoding=\"async\" data-attachment-id=\"2395\" data-permalink=\"https:\/\/www.clickrp.com.br\/portal\/2012\/12\/maestro-mateus-araujo-participa-do-3o-festival-kabuki-de-arte\/mateus-araujo-alta\/\" data-orig-file=\"https:\/\/i0.wp.com\/www.clickrp.com.br\/portal\/wp-content\/uploads\/2012\/12\/Mateus-Araujo-alta.jpg?fit=1200%2C1520&amp;ssl=1\" data-orig-size=\"1200,1520\" data-comments-opened=\"1\" data-image-meta=\"{&quot;aperture&quot;:&quot;0&quot;,&quot;credit&quot;:&quot;&quot;,&quot;camera&quot;:&quot;&quot;,&quot;caption&quot;:&quot;&quot;,&quot;created_timestamp&quot;:&quot;0&quot;,&quot;copyright&quot;:&quot;&quot;,&quot;focal_length&quot;:&quot;0&quot;,&quot;iso&quot;:&quot;0&quot;,&quot;shutter_speed&quot;:&quot;0&quot;,&quot;title&quot;:&quot;&quot;}\" data-image-title=\"Mateus Araujo alta\" data-image-description=\"\" data-image-caption=\"\" data-medium-file=\"https:\/\/i0.wp.com\/www.clickrp.com.br\/portal\/wp-content\/uploads\/2012\/12\/Mateus-Araujo-alta.jpg?fit=236%2C300&amp;ssl=1\" data-large-file=\"https:\/\/i0.wp.com\/www.clickrp.com.br\/portal\/wp-content\/uploads\/2012\/12\/Mateus-Araujo-alta.jpg?fit=631%2C800&amp;ssl=1\" class=\"alignleft size-medium wp-image-2395\" title=\"Mateus Araujo alta\" src=\"https:\/\/i0.wp.com\/www.clickrp.com.br\/portal\/wp-content\/uploads\/2012\/12\/Mateus-Araujo-alta-236x300.jpg?resize=236%2C300\" alt=\"\" width=\"236\" height=\"300\" srcset=\"https:\/\/i0.wp.com\/www.clickrp.com.br\/portal\/wp-content\/uploads\/2012\/12\/Mateus-Araujo-alta.jpg?resize=236%2C300&amp;ssl=1 236w, https:\/\/i0.wp.com\/www.clickrp.com.br\/portal\/wp-content\/uploads\/2012\/12\/Mateus-Araujo-alta.jpg?resize=808%2C1024&amp;ssl=1 808w, https:\/\/i0.wp.com\/www.clickrp.com.br\/portal\/wp-content\/uploads\/2012\/12\/Mateus-Araujo-alta.jpg?w=1200&amp;ssl=1 1200w\" sizes=\"auto, (max-width: 236px) 100vw, 236px\" \/>O Festival acontece de 03 a 09 de dezembro como encerramento das atividades anuais do Projeto Kabuki<\/p>\n<p>O projeto Kabuki, um dos nove pontos de cultura de Ribeir\u00e3o Preto, encerra o no de 2012 com o 3\u00ba Festival Kabuki de Arte. O festival e acontece de 03 a 09 de dezembro, no Theatro Pedro II, Teatro Municipal e no Centro Cultural Palace.<\/p>\n<p>Para enriquecer mais ainda as apresenta\u00e7\u00f5es da meninada durante a semana do 3\u00ba Festival Kabuki de Arte, o maestro Mateus Ara\u00fajo foi convidado para participar do festival e reger o Concerto de Encerramento, com uma noite de gala, que acontecer\u00e1 no s\u00e1bado, dia 08 de dezembro, \u00e0s 20h, no Teatro Municipal.<\/p>\n<p>O maestro Mateus Ara\u00fajo ir\u00e1 reger a Orquestra de Cordas Homero Barreto, formada por alunos avan\u00e7ados e professores de violino, viola, violoncelo e contrabaixo do Projeto Kabuki, com as participa\u00e7\u00f5es especiais de m\u00fasicos convidados e do Coral Juvenil da Cia. Minaz. Ser\u00e3o apresentadas obras de compositores consagrados, como: Vivaldi, Coreli, Sibelius, Mignone, Cl\u00e1udio Santoro, entre outros, al\u00e9m da Missa em Sol Maior de Franz Schubert que ter\u00e1 Lilian Giovanini (soprano), Sasha Ganade (Tenor), Marcos Pinafo (Bar\u00edtono, como solistas).O maestro j\u00e1 desembarcou em Ribeir\u00e3o Preto para participar os ensaios.<\/p>\n<p>Mateus Araujo vive no Rio de Janeiro, onde integra o Departamento Art\u00edstico da Funda\u00e7\u00e3o Orquestra Sinf\u00f4nica Brasileira e assumiu desde 2011 o cargo de regente titular da OSB Jovem. Mateus Araujo nasceu em S\u00e3o Paulo e j\u00e1 aos 13 anos foi pianista frente \u00e0 OSESP, como vencedor do Concurso \u201cJovens Solistas\u201d. Durante 12 anos, foi violinista da Sinf\u00f4nica Municipal de S\u00e3o Paulo e da Orquestra Jazz Sinf\u00f4nica. Sua estreia na reg\u00eancia aconteceu em 1996, no Theatro Municipal de S\u00e3o Paulo, apresentando pela primeira vez na cidade a \u00f3pera Pell\u00e9as et M\u00e9lisande, de Claude Debussy. Em 2003 e 2004, atuou como regente da Orquestra Sinf\u00f4nica de Ribeir\u00e3o Preto, dirigindo uma programa\u00e7\u00e3o com mais de 50 obras in\u00e9ditas na cidade e solistas como Arnaldo Cohen, F\u00e1bio Zanon, Nan\u00e1 Vasconcelos e Dori Caymmi. Tamb\u00e9m atuou como pianista e regente no Concerto em F\u00e1 de Gershwin frente \u00e0 Orquestra Sinf\u00f4nica de Minas Gerais e em concertos de Bach, Haydn e Bloch junto \u00e0 Sinf\u00f4nica de Ribeir\u00e3o Preto. Como regente convidado, conduziu, entre outras, as orquestras sinf\u00f4nicas Municipal de S\u00e3o Paulo, do Theatro Municipal do Rio de Janeiro, de Minas Gerais, do Paran\u00e1, Nacional e do Teatro Nacional Claudio Santoro de Bras\u00edlia.<\/p>\n<p>O 3\u00ba Festival Kabuki de Arte tem como principal objetivo apresentar para os pais e familiares dos alunos dos cursos do projeto, tudo que foi ensinado durante o ano. As apresenta\u00e7\u00f5es de ballet, musicaliza\u00e7\u00e3o, piano, flauta, arcos e cordas, ser\u00e3o exclusivas para os pais e familiares dos alunos. J\u00e1 as apresenta\u00e7\u00f5es do Concerto de Encerramento e do espet\u00e1culo \u201cMorte e Vida Severina\u201d, dia 09 de dezembro, \u00e0s 20h, no Teatro Municipal ser\u00e3o tamb\u00e9m para o p\u00fablico. O ingresso para as apresenta\u00e7\u00f5es do 3\u00ba Festival Kabuki de Arte \u00e9 um kilo de alimento n\u00e3o perec\u00edvel. A retirada dos ingressos para as apresenta\u00e7\u00f5es dos dias 08 e 09 dezembro deve ser feita, no dia 07, sexta-feira, das 8h \u00e0s 17h, no Centro Cultural Campos Eliseos.<\/p>\n<p>SERVI\u00c7O<\/p>\n<p>Festival Kabuki de Arte de 03 a 09 de dezembro<\/p>\n<p>Apresenta\u00e7\u00e3o Orquestra e Coral, reg\u00eancia Maestro Mateus Ara\u00fajo<\/p>\n<p>Dia 08 de dezembro, s\u00e1bado, \u00e1s 20h<\/p>\n<p>Local: Teatro Municipal<\/p>\n<p>Espet\u00e1culo | Morte e Vida Severina<\/p>\n<p>Dia 09 de dezembro, domingo, \u00e1s 20h<\/p>\n<p>Espet\u00e1culo| Morte e Vida Severina<\/p>\n<p>Local: Teatro Municipal<\/p>\n<p>Ingresso: 1 kilo de alimento n\u00e3o perec\u00edvel | A retirada do ingresso para os dias 08 e 09, deve ser feita dia 07 de dezembro, das 8h \u00e0s 17h, no Centro Cultural Campos Eliseos. Avenida Capit\u00e3o Salom\u00e3o, s\\n\u00ba<\/p>\n<p>Telefone para mais informa\u00e7\u00f5es<\/p>\n<p>www.acquarp.com.br<\/p>\n<p>(16) 3635-5667<\/p>\n","protected":false},"excerpt":{"rendered":"<p>O Festival acontece de 03 a 09 de dezembro como encerramento das atividades anuais do Projeto Kabuki O projeto Kabuki, um dos nove pontos de cultura de Ribeir\u00e3o Preto, encerra o no de 2012 com o 3\u00ba Festival Kabuki de Arte. O festival e acontece de 03 a 09 de dezembro, no Theatro Pedro II, Teatro Municipal e no Centro Cultural Palace. Para enriquecer mais ainda as apresenta\u00e7\u00f5es da meninada durante a semana do 3\u00ba Festival Kabuki de Arte, o [&hellip;]<\/p>\n","protected":false},"author":1,"featured_media":0,"comment_status":"open","ping_status":"open","sticky":false,"template":"","format":"standard","meta":{"jetpack_post_was_ever_published":false,"_jetpack_newsletter_access":"","_jetpack_dont_email_post_to_subs":false,"_jetpack_newsletter_tier_id":0,"_jetpack_memberships_contains_paywalled_content":false,"_jetpack_memberships_contains_paid_content":false,"footnotes":"","jetpack_publicize_message":"","jetpack_publicize_feature_enabled":true,"jetpack_social_post_already_shared":true,"jetpack_social_options":{"image_generator_settings":{"template":"highway","enabled":false},"version":2}},"categories":[1],"tags":[],"class_list":["post-2394","post","type-post","status-publish","format-standard","hentry","category-noticias"],"jetpack_publicize_connections":[],"jetpack_sharing_enabled":true,"jetpack_featured_media_url":"","jetpack_shortlink":"https:\/\/wp.me\/p1Lzat-CC","jetpack-related-posts":[],"_links":{"self":[{"href":"https:\/\/www.clickrp.com.br\/portal\/wp-json\/wp\/v2\/posts\/2394","targetHints":{"allow":["GET"]}}],"collection":[{"href":"https:\/\/www.clickrp.com.br\/portal\/wp-json\/wp\/v2\/posts"}],"about":[{"href":"https:\/\/www.clickrp.com.br\/portal\/wp-json\/wp\/v2\/types\/post"}],"author":[{"embeddable":true,"href":"https:\/\/www.clickrp.com.br\/portal\/wp-json\/wp\/v2\/users\/1"}],"replies":[{"embeddable":true,"href":"https:\/\/www.clickrp.com.br\/portal\/wp-json\/wp\/v2\/comments?post=2394"}],"version-history":[{"count":2,"href":"https:\/\/www.clickrp.com.br\/portal\/wp-json\/wp\/v2\/posts\/2394\/revisions"}],"predecessor-version":[{"id":6440,"href":"https:\/\/www.clickrp.com.br\/portal\/wp-json\/wp\/v2\/posts\/2394\/revisions\/6440"}],"wp:attachment":[{"href":"https:\/\/www.clickrp.com.br\/portal\/wp-json\/wp\/v2\/media?parent=2394"}],"wp:term":[{"taxonomy":"category","embeddable":true,"href":"https:\/\/www.clickrp.com.br\/portal\/wp-json\/wp\/v2\/categories?post=2394"},{"taxonomy":"post_tag","embeddable":true,"href":"https:\/\/www.clickrp.com.br\/portal\/wp-json\/wp\/v2\/tags?post=2394"}],"curies":[{"name":"wp","href":"https:\/\/api.w.org\/{rel}","templated":true}]}}