{"id":2382,"date":"2012-11-30T09:00:00","date_gmt":"2012-11-30T12:00:00","guid":{"rendered":"http:\/\/www.clickrp.com.br\/portal\/?p=2382"},"modified":"2015-09-28T05:25:15","modified_gmt":"2015-09-28T08:25:15","slug":"novidade-na-estrutura-ribeirao-country-fest-tera-palco-360o","status":"publish","type":"post","link":"https:\/\/www.clickrp.com.br\/portal\/2012\/11\/novidade-na-estrutura-ribeirao-country-fest-tera-palco-360o\/","title":{"rendered":"Novidade na estrutura, Ribeir\u00e3o Country Fest ter\u00e1 palco 360\u00ba"},"content":{"rendered":"<p><img data-recalc-dims=\"1\" loading=\"lazy\" decoding=\"async\" data-attachment-id=\"2383\" data-permalink=\"https:\/\/www.clickrp.com.br\/portal\/2012\/11\/novidade-na-estrutura-ribeirao-country-fest-tera-palco-360o\/hr\/\" data-orig-file=\"https:\/\/i0.wp.com\/www.clickrp.com.br\/portal\/wp-content\/uploads\/2012\/12\/HR.jpg?fit=560%2C374&amp;ssl=1\" data-orig-size=\"560,374\" data-comments-opened=\"1\" data-image-meta=\"{&quot;aperture&quot;:&quot;5.6&quot;,&quot;credit&quot;:&quot;&quot;,&quot;camera&quot;:&quot;Canon EOS REBEL T1i&quot;,&quot;caption&quot;:&quot;&quot;,&quot;created_timestamp&quot;:&quot;1341271350&quot;,&quot;copyright&quot;:&quot;&quot;,&quot;focal_length&quot;:&quot;300&quot;,&quot;iso&quot;:&quot;1600&quot;,&quot;shutter_speed&quot;:&quot;0.008&quot;,&quot;title&quot;:&quot;&quot;}\" data-image-title=\"HR\" data-image-description=\"\" data-image-caption=\"\" data-medium-file=\"https:\/\/i0.wp.com\/www.clickrp.com.br\/portal\/wp-content\/uploads\/2012\/12\/HR.jpg?fit=300%2C200&amp;ssl=1\" data-large-file=\"https:\/\/i0.wp.com\/www.clickrp.com.br\/portal\/wp-content\/uploads\/2012\/12\/HR.jpg?fit=560%2C374&amp;ssl=1\" class=\"alignleft size-medium wp-image-2383\" title=\"HR\" src=\"https:\/\/i0.wp.com\/www.clickrp.com.br\/portal\/wp-content\/uploads\/2012\/12\/HR-300x200.jpg?resize=300%2C200\" alt=\"\" width=\"300\" height=\"200\" srcset=\"https:\/\/i0.wp.com\/www.clickrp.com.br\/portal\/wp-content\/uploads\/2012\/12\/HR.jpg?resize=300%2C200&amp;ssl=1 300w, https:\/\/i0.wp.com\/www.clickrp.com.br\/portal\/wp-content\/uploads\/2012\/12\/HR.jpg?w=560&amp;ssl=1 560w\" sizes=\"auto, (max-width: 300px) 100vw, 300px\" \/>Um dos maiores festivais sertanejo do interior de S\u00e3o Paulo acontece no dia 15 de dezembro, no Parque Permanente de Exposi\u00e7\u00f5es de Ribeir\u00e3o Preto; Jorge &amp; Mateus est\u00e1 entre as atra\u00e7\u00f5es principais<\/p>\n<p>No dia 15 de dezembro, Ribeir\u00e3o Preto sediar\u00e1 o Ribeir\u00e3o Country Fest, um dos maiores festivais sertanejos do interior de S\u00e3o Paulo. Realizado no Parque Permanente de Exposi\u00e7\u00f5es, o evento aguarda para esta edi\u00e7\u00e3o um crescimento de 25% no p\u00fablico em rela\u00e7\u00e3o ao ano passado e, por isso, j\u00e1 providenciou um aumento de 40% na estrutura f\u00edsica para receber aproximadamente 28 mil pessoas.<\/p>\n<p>A maior novidade e impacto na estrutura deste ano \u00e9 o Palco Space 360\u00b0, que ser\u00e1 montado no centro do evento e ficar\u00e1 conectado ao Palco 2, permitindo que o p\u00fablico veja os artistas em qualquer lado que estiver. Os shows ser\u00e3o realizados nos Palcos 1 e 2, sendo o Space 360\u00b0 o espa\u00e7o onde os artistas do Palco 2 chegar\u00e3o por meio de uma passarela para cantar e estar mais pr\u00f3ximos do p\u00fablico no decorrer das atra\u00e7\u00f5es. Outro diferencial est\u00e1 no Palco 1: um caminho de 10 metros num formato de \u201cT\u201d ser\u00e1 instalado permitindo, tamb\u00e9m, maior aproxima\u00e7\u00e3o dos artistas com os f\u00e3s. J\u00e1 o Palco 2 est\u00e1 com um aumento de 3 metros \u00e0 frente do palco para viabilizar ainda mais os movimentos das duplas e a intera\u00e7\u00e3o com o p\u00fablico.<\/p>\n<p><img data-recalc-dims=\"1\" loading=\"lazy\" decoding=\"async\" data-attachment-id=\"2384\" data-permalink=\"https:\/\/www.clickrp.com.br\/portal\/2012\/11\/novidade-na-estrutura-ribeirao-country-fest-tera-palco-360o\/jca\/\" data-orig-file=\"https:\/\/i0.wp.com\/www.clickrp.com.br\/portal\/wp-content\/uploads\/2012\/12\/JCA.jpg?fit=420%2C420&amp;ssl=1\" data-orig-size=\"420,420\" data-comments-opened=\"1\" data-image-meta=\"{&quot;aperture&quot;:&quot;0&quot;,&quot;credit&quot;:&quot;&quot;,&quot;camera&quot;:&quot;&quot;,&quot;caption&quot;:&quot;&quot;,&quot;created_timestamp&quot;:&quot;0&quot;,&quot;copyright&quot;:&quot;&quot;,&quot;focal_length&quot;:&quot;0&quot;,&quot;iso&quot;:&quot;0&quot;,&quot;shutter_speed&quot;:&quot;0&quot;,&quot;title&quot;:&quot;&quot;}\" data-image-title=\"JCA\" data-image-description=\"\" data-image-caption=\"\" data-medium-file=\"https:\/\/i0.wp.com\/www.clickrp.com.br\/portal\/wp-content\/uploads\/2012\/12\/JCA.jpg?fit=300%2C300&amp;ssl=1\" data-large-file=\"https:\/\/i0.wp.com\/www.clickrp.com.br\/portal\/wp-content\/uploads\/2012\/12\/JCA.jpg?fit=420%2C420&amp;ssl=1\" class=\"alignleft size-medium wp-image-2384\" title=\"JCA\" src=\"https:\/\/i0.wp.com\/www.clickrp.com.br\/portal\/wp-content\/uploads\/2012\/12\/JCA-300x300.jpg?resize=300%2C300\" alt=\"\" width=\"300\" height=\"300\" srcset=\"https:\/\/i0.wp.com\/www.clickrp.com.br\/portal\/wp-content\/uploads\/2012\/12\/JCA.jpg?resize=300%2C300&amp;ssl=1 300w, https:\/\/i0.wp.com\/www.clickrp.com.br\/portal\/wp-content\/uploads\/2012\/12\/JCA.jpg?resize=150%2C150&amp;ssl=1 150w, https:\/\/i0.wp.com\/www.clickrp.com.br\/portal\/wp-content\/uploads\/2012\/12\/JCA.jpg?w=420&amp;ssl=1 420w\" sizes=\"auto, (max-width: 300px) 100vw, 300px\" \/>Al\u00e9m dos palcos, os camarotes do Ribeir\u00e3o Country Fest tamb\u00e9m passaram por mudan\u00e7as para melhor fluxo e acomoda\u00e7\u00e3o do p\u00fablico. Com um aumento de 30% na estrutura, o Camarote Golden, onde o p\u00fablico ganhar\u00e1 uma caneca personalizada, ter\u00e1 espa\u00e7o exclusivo para massagens e relaxamento, beleza e maquiagem, open bar, acesso em todos os setores do evento, lounges para descanso, estacionamento gratuito, entrada e banheiros exclusivos. No Camarote Universit\u00e1rio, que \u00e9 aberto para o p\u00fablico em geral (n\u00e3o necessariamente estudantes universit\u00e1rios), o aumento na estrutura chegou a 60%. Al\u00e9m do open bar, o p\u00fablico ter\u00e1 espa\u00e7o gourmet, acesso aos setores de \u00e1rea vip e pista, vis\u00e3o privilegiada para ambos os palcos e entrada e banheiros exclusivos. A \u00c1rea Vip disponibilizar\u00e1 acesso \u00e0 frente dos tr\u00eas palcos e \u00e0 pista, contendo \u00e1rea de alimenta\u00e7\u00e3o e banheiros exclusivos. J\u00e1 na Pista, o p\u00fablico curtir\u00e1 espa\u00e7os e tendas interativas, ter\u00e1 vis\u00e3o dos tr\u00eas palcos e acesso a banheiros e \u00e1reas de alimenta\u00e7\u00e3o, al\u00e9m de serem alvos de divertidas a\u00e7\u00f5es de marketing.<\/p>\n<p>Atra\u00e7\u00f5es Musicais<br \/>\nEm sua terceira edi\u00e7\u00e3o, o Ribeir\u00e3o Country Fest mostra ser um dos maiores festivais do interior de S\u00e3o Paulo com proje\u00e7\u00e3o nacional. Nos palcos do evento j\u00e1 passaram nomes da m\u00fasica sertaneja como Gustavo Lima, Luan Santana, Fernando &amp; Sorocaba, entre outros. Neste ano, uma das novidades do festival \u00e9 a programa\u00e7\u00e3o com 12 horas de m\u00fasica sem intervalo. Nos palcos estar\u00e3o Jorge &amp; Mateus, C\u00e9sar Menotti &amp; Fabiano, Maria Cec\u00edlia &amp; Rodolfo, J\u00falio C\u00e9sar &amp; Adriano, Carlos Victor &amp; Thiago, Humberto &amp; Ronaldo, Israel Novaes, Rog\u00e9rio &amp; Adriano, al\u00e9m de Djs. A programa\u00e7\u00e3o est\u00e1 prevista para come\u00e7ar \u00e0s 20h.<\/p>\n<p>Servi\u00e7o:<br \/>\nEvento: Ribeir\u00e3o Country Fest<br \/>\nData: 15 de dezembro de 2012<br \/>\nHor\u00e1rio: a partir das 20h<br \/>\nLocal: Parque Permanente de Exposi\u00e7\u00f5es de Ribeir\u00e3o Preto, &#8211; Avenida Orestes Lopes, s\/n, Ribeir\u00e3o Preto \u2013 SP.<\/p>\n<p>Pontos de Vendas<br \/>\nOs ingressos j\u00e1 est\u00e3o sendo comercializados nos pontos de vendas: Chapelaria Garcia e no Trem Caipira (em Ribeir\u00e3o Preto), al\u00e9m da venda online pelo site: www.nettickets.com.br<\/p>\n<p>Pista: R$ 30,00.<br \/>\n\u00c1rea Vip: R$ 45,00.<br \/>\nCamarote Universit\u00e1rio: R$ 100,00 (feminino) e R$ 120,00 (masculino). OBS: Este camarote \u00e9 aberto para o p\u00fablico geral, n\u00e3o restringindo apenas para estudantes universit\u00e1rios.<br \/>\nCamarote Golden: R$ 220,00 (feminino) e R$ 250,00 (masculino).<\/p>\n","protected":false},"excerpt":{"rendered":"<p>Um dos maiores festivais sertanejo do interior de S\u00e3o Paulo acontece no dia 15 de dezembro, no Parque Permanente de Exposi\u00e7\u00f5es de Ribeir\u00e3o Preto; Jorge &amp; Mateus est\u00e1 entre as atra\u00e7\u00f5es principais No dia 15 de dezembro, Ribeir\u00e3o Preto sediar\u00e1 o Ribeir\u00e3o Country Fest, um dos maiores festivais sertanejos do interior de S\u00e3o Paulo. Realizado no Parque Permanente de Exposi\u00e7\u00f5es, o evento aguarda para esta edi\u00e7\u00e3o um crescimento de 25% no p\u00fablico em rela\u00e7\u00e3o ao ano passado e, por isso, [&hellip;]<\/p>\n","protected":false},"author":1,"featured_media":0,"comment_status":"open","ping_status":"open","sticky":false,"template":"","format":"standard","meta":{"jetpack_post_was_ever_published":false,"_jetpack_newsletter_access":"","_jetpack_dont_email_post_to_subs":false,"_jetpack_newsletter_tier_id":0,"_jetpack_memberships_contains_paywalled_content":false,"_jetpack_memberships_contains_paid_content":false,"footnotes":"","jetpack_publicize_message":"","jetpack_publicize_feature_enabled":true,"jetpack_social_post_already_shared":true,"jetpack_social_options":{"image_generator_settings":{"template":"highway","enabled":false},"version":2}},"categories":[1],"tags":[],"class_list":["post-2382","post","type-post","status-publish","format-standard","hentry","category-noticias"],"jetpack_publicize_connections":[],"jetpack_sharing_enabled":true,"jetpack_featured_media_url":"","jetpack_shortlink":"https:\/\/wp.me\/p1Lzat-Cq","jetpack-related-posts":[],"_links":{"self":[{"href":"https:\/\/www.clickrp.com.br\/portal\/wp-json\/wp\/v2\/posts\/2382","targetHints":{"allow":["GET"]}}],"collection":[{"href":"https:\/\/www.clickrp.com.br\/portal\/wp-json\/wp\/v2\/posts"}],"about":[{"href":"https:\/\/www.clickrp.com.br\/portal\/wp-json\/wp\/v2\/types\/post"}],"author":[{"embeddable":true,"href":"https:\/\/www.clickrp.com.br\/portal\/wp-json\/wp\/v2\/users\/1"}],"replies":[{"embeddable":true,"href":"https:\/\/www.clickrp.com.br\/portal\/wp-json\/wp\/v2\/comments?post=2382"}],"version-history":[{"count":2,"href":"https:\/\/www.clickrp.com.br\/portal\/wp-json\/wp\/v2\/posts\/2382\/revisions"}],"predecessor-version":[{"id":6443,"href":"https:\/\/www.clickrp.com.br\/portal\/wp-json\/wp\/v2\/posts\/2382\/revisions\/6443"}],"wp:attachment":[{"href":"https:\/\/www.clickrp.com.br\/portal\/wp-json\/wp\/v2\/media?parent=2382"}],"wp:term":[{"taxonomy":"category","embeddable":true,"href":"https:\/\/www.clickrp.com.br\/portal\/wp-json\/wp\/v2\/categories?post=2382"},{"taxonomy":"post_tag","embeddable":true,"href":"https:\/\/www.clickrp.com.br\/portal\/wp-json\/wp\/v2\/tags?post=2382"}],"curies":[{"name":"wp","href":"https:\/\/api.w.org\/{rel}","templated":true}]}}