{"id":2365,"date":"2012-11-22T15:35:14","date_gmt":"2012-11-22T18:35:14","guid":{"rendered":"http:\/\/www.clickrp.com.br\/portal\/?p=2365"},"modified":"2015-09-28T05:25:15","modified_gmt":"2015-09-28T08:25:15","slug":"o-empresario-sertanejo-matheus-calil-sobe-ao-altar","status":"publish","type":"post","link":"https:\/\/www.clickrp.com.br\/portal\/2012\/11\/o-empresario-sertanejo-matheus-calil-sobe-ao-altar\/","title":{"rendered":"O empres\u00e1rio sertanejo Matheus Calil sobe ao altar"},"content":{"rendered":"<p><img data-recalc-dims=\"1\" loading=\"lazy\" decoding=\"async\" data-attachment-id=\"2366\" data-permalink=\"https:\/\/www.clickrp.com.br\/portal\/2012\/11\/o-empresario-sertanejo-matheus-calil-sobe-ao-altar\/gus_0040\/\" data-orig-file=\"https:\/\/i0.wp.com\/www.clickrp.com.br\/portal\/wp-content\/uploads\/2012\/12\/GUS_0040.jpg?fit=3888%2C2592&amp;ssl=1\" data-orig-size=\"3888,2592\" data-comments-opened=\"1\" data-image-meta=\"{&quot;aperture&quot;:&quot;2.8&quot;,&quot;credit&quot;:&quot;Gustavo Ximenes&quot;,&quot;camera&quot;:&quot;Canon EOS-1D Mark III&quot;,&quot;caption&quot;:&quot;&quot;,&quot;created_timestamp&quot;:&quot;1352593986&quot;,&quot;copyright&quot;:&quot;&quot;,&quot;focal_length&quot;:&quot;70&quot;,&quot;iso&quot;:&quot;3200&quot;,&quot;shutter_speed&quot;:&quot;0.0333333333333&quot;,&quot;title&quot;:&quot;&quot;}\" data-image-title=\"GUS_0040\" data-image-description=\"\" data-image-caption=\"\" data-medium-file=\"https:\/\/i0.wp.com\/www.clickrp.com.br\/portal\/wp-content\/uploads\/2012\/12\/GUS_0040.jpg?fit=300%2C200&amp;ssl=1\" data-large-file=\"https:\/\/i0.wp.com\/www.clickrp.com.br\/portal\/wp-content\/uploads\/2012\/12\/GUS_0040.jpg?fit=1024%2C682&amp;ssl=1\" class=\"alignleft size-medium wp-image-2366\" title=\"GUS_0040\" src=\"https:\/\/i0.wp.com\/www.clickrp.com.br\/portal\/wp-content\/uploads\/2012\/12\/GUS_0040-300x200.jpg?resize=300%2C200\" alt=\"\" width=\"300\" height=\"200\" srcset=\"https:\/\/i0.wp.com\/www.clickrp.com.br\/portal\/wp-content\/uploads\/2012\/12\/GUS_0040.jpg?resize=300%2C200&amp;ssl=1 300w, https:\/\/i0.wp.com\/www.clickrp.com.br\/portal\/wp-content\/uploads\/2012\/12\/GUS_0040.jpg?resize=1024%2C682&amp;ssl=1 1024w, https:\/\/i0.wp.com\/www.clickrp.com.br\/portal\/wp-content\/uploads\/2012\/12\/GUS_0040.jpg?w=2380&amp;ssl=1 2380w, https:\/\/i0.wp.com\/www.clickrp.com.br\/portal\/wp-content\/uploads\/2012\/12\/GUS_0040.jpg?w=3570&amp;ssl=1 3570w\" sizes=\"auto, (max-width: 300px) 100vw, 300px\" \/>Matheus Calil trocou as alian\u00e7as com Veridiana Garcia Calil neste s\u00e1bado (10) em Ribeir\u00e3o Preto, SP<\/p>\n<p>Organizador de grandes eventos sertanejos no Brasil, Matheus Calil e agora sua esposa Veridiana Garcia Calil escolheram a data 10\/11\/2012 para trocarem as alian\u00e7as. A igreja escolhida foi a Catedral de S\u00e3o Sebasti\u00e3o em Ribeir\u00e3o Preto, SP. O casal est\u00e1 junto h\u00e1 mais de 13 anos.<\/p>\n<p>Os noivos escolheram o Espa\u00e7o Golf para recepcionar os convidados, dentre eles, amigos, familiares e parceiros. Apesar da sofistica\u00e7\u00e3o, o empres\u00e1rio n\u00e3o esqueceu suas ra\u00edzes e suas paix\u00f5es, as alian\u00e7as foram amarradas em uma viola e durante a festa, os convidados puderam apreciar a apresenta\u00e7\u00e3o de catira regado com muita moda de viola. Seu primo Pedro Lemos aproveitou para cantar \u201cTristeza do Jeca\u201d uma moda que nunca falta no encontro da fam\u00edlia, e foi dif\u00edcil segurar as l\u00e1grimas.<\/p>\n<p>Alguns cantores e amigos particulares do casal, marcaram presen\u00e7a e fizeram quest\u00e3o de cantar, al\u00e9m da dupla convidada para animar a festa. J\u00e1 passava das 7h da manh\u00e3 e anima\u00e7\u00e3o continuava.<\/p>\n<p>No domingo (12) a festa continuou com uma tradicional Queima do Alho com muita moda de viola, catira e carros de boi, Divino &amp; Donizete e Z\u00e9 Mulato &amp; Cassiano foram algumas das atra\u00e7\u00f5es no segundo dia de comemora\u00e7\u00e3o do casamento.<\/p>\n<p>Credito fotos: Debora Pitanguy<\/p>\n","protected":false},"excerpt":{"rendered":"<p>Matheus Calil trocou as alian\u00e7as com Veridiana Garcia Calil neste s\u00e1bado (10) em Ribeir\u00e3o Preto, SP Organizador de grandes eventos sertanejos no Brasil, Matheus Calil e agora sua esposa Veridiana Garcia Calil escolheram a data 10\/11\/2012 para trocarem as alian\u00e7as. A igreja escolhida foi a Catedral de S\u00e3o Sebasti\u00e3o em Ribeir\u00e3o Preto, SP. O casal est\u00e1 junto h\u00e1 mais de 13 anos. Os noivos escolheram o Espa\u00e7o Golf para recepcionar os convidados, dentre eles, amigos, familiares e parceiros. Apesar da [&hellip;]<\/p>\n","protected":false},"author":1,"featured_media":0,"comment_status":"open","ping_status":"open","sticky":false,"template":"","format":"standard","meta":{"jetpack_post_was_ever_published":false,"_jetpack_newsletter_access":"","_jetpack_dont_email_post_to_subs":false,"_jetpack_newsletter_tier_id":0,"_jetpack_memberships_contains_paywalled_content":false,"_jetpack_memberships_contains_paid_content":false,"footnotes":"","jetpack_publicize_message":"","jetpack_publicize_feature_enabled":true,"jetpack_social_post_already_shared":true,"jetpack_social_options":{"image_generator_settings":{"template":"highway","enabled":false},"version":2}},"categories":[1],"tags":[],"class_list":["post-2365","post","type-post","status-publish","format-standard","hentry","category-noticias"],"jetpack_publicize_connections":[],"jetpack_sharing_enabled":true,"jetpack_featured_media_url":"","jetpack_shortlink":"https:\/\/wp.me\/p1Lzat-C9","jetpack-related-posts":[],"_links":{"self":[{"href":"https:\/\/www.clickrp.com.br\/portal\/wp-json\/wp\/v2\/posts\/2365","targetHints":{"allow":["GET"]}}],"collection":[{"href":"https:\/\/www.clickrp.com.br\/portal\/wp-json\/wp\/v2\/posts"}],"about":[{"href":"https:\/\/www.clickrp.com.br\/portal\/wp-json\/wp\/v2\/types\/post"}],"author":[{"embeddable":true,"href":"https:\/\/www.clickrp.com.br\/portal\/wp-json\/wp\/v2\/users\/1"}],"replies":[{"embeddable":true,"href":"https:\/\/www.clickrp.com.br\/portal\/wp-json\/wp\/v2\/comments?post=2365"}],"version-history":[{"count":1,"href":"https:\/\/www.clickrp.com.br\/portal\/wp-json\/wp\/v2\/posts\/2365\/revisions"}],"predecessor-version":[{"id":2367,"href":"https:\/\/www.clickrp.com.br\/portal\/wp-json\/wp\/v2\/posts\/2365\/revisions\/2367"}],"wp:attachment":[{"href":"https:\/\/www.clickrp.com.br\/portal\/wp-json\/wp\/v2\/media?parent=2365"}],"wp:term":[{"taxonomy":"category","embeddable":true,"href":"https:\/\/www.clickrp.com.br\/portal\/wp-json\/wp\/v2\/categories?post=2365"},{"taxonomy":"post_tag","embeddable":true,"href":"https:\/\/www.clickrp.com.br\/portal\/wp-json\/wp\/v2\/tags?post=2365"}],"curies":[{"name":"wp","href":"https:\/\/api.w.org\/{rel}","templated":true}]}}