{"id":2361,"date":"2012-11-22T12:35:48","date_gmt":"2012-11-22T15:35:48","guid":{"rendered":"http:\/\/www.clickrp.com.br\/portal\/?p=2361"},"modified":"2015-09-28T05:25:16","modified_gmt":"2015-09-28T08:25:16","slug":"2o-festival-dos-pontos-de-cultura-acontece-neste-final-de-semana","status":"publish","type":"post","link":"https:\/\/www.clickrp.com.br\/portal\/2012\/11\/2o-festival-dos-pontos-de-cultura-acontece-neste-final-de-semana\/","title":{"rendered":"2\u00ba FESTIVAL DOS PONTOS DE CULTURA ACONTECE NESTE FINAL DE SEMANA"},"content":{"rendered":"<p><img data-recalc-dims=\"1\" loading=\"lazy\" decoding=\"async\" data-attachment-id=\"2363\" data-permalink=\"https:\/\/www.clickrp.com.br\/portal\/2012\/11\/2o-festival-dos-pontos-de-cultura-acontece-neste-final-de-semana\/1o-festival-apresentacao-casa-das-artes-2\/\" data-orig-file=\"https:\/\/i0.wp.com\/www.clickrp.com.br\/portal\/wp-content\/uploads\/2012\/12\/1%C2%BA-Festival-apresenta%C3%A7%C3%A3o-Casa-das-Artes.jpg?fit=960%2C640&amp;ssl=1\" data-orig-size=\"960,640\" data-comments-opened=\"1\" data-image-meta=\"{&quot;aperture&quot;:&quot;0&quot;,&quot;credit&quot;:&quot;&quot;,&quot;camera&quot;:&quot;&quot;,&quot;caption&quot;:&quot;&quot;,&quot;created_timestamp&quot;:&quot;0&quot;,&quot;copyright&quot;:&quot;&quot;,&quot;focal_length&quot;:&quot;0&quot;,&quot;iso&quot;:&quot;0&quot;,&quot;shutter_speed&quot;:&quot;0&quot;,&quot;title&quot;:&quot;&quot;}\" data-image-title=\"1\u00ba Festival apresenta\u00e7\u00e3o Casa das Artes\" data-image-description=\"\" data-image-caption=\"\" data-medium-file=\"https:\/\/i0.wp.com\/www.clickrp.com.br\/portal\/wp-content\/uploads\/2012\/12\/1%C2%BA-Festival-apresenta%C3%A7%C3%A3o-Casa-das-Artes.jpg?fit=300%2C200&amp;ssl=1\" data-large-file=\"https:\/\/i0.wp.com\/www.clickrp.com.br\/portal\/wp-content\/uploads\/2012\/12\/1%C2%BA-Festival-apresenta%C3%A7%C3%A3o-Casa-das-Artes.jpg?fit=960%2C640&amp;ssl=1\" class=\"alignleft size-medium wp-image-2363\" title=\"1\u00ba Festival apresenta\u00e7\u00e3o Casa das Artes\" src=\"https:\/\/i0.wp.com\/www.clickrp.com.br\/portal\/wp-content\/uploads\/2012\/12\/1%C2%BA-Festival-apresenta%C3%A7%C3%A3o-Casa-das-Artes-300x200.jpg?resize=300%2C200\" alt=\"\" width=\"300\" height=\"200\" srcset=\"https:\/\/i0.wp.com\/www.clickrp.com.br\/portal\/wp-content\/uploads\/2012\/12\/1%C2%BA-Festival-apresenta%C3%A7%C3%A3o-Casa-das-Artes.jpg?resize=300%2C200&amp;ssl=1 300w, https:\/\/i0.wp.com\/www.clickrp.com.br\/portal\/wp-content\/uploads\/2012\/12\/1%C2%BA-Festival-apresenta%C3%A7%C3%A3o-Casa-das-Artes.jpg?w=960&amp;ssl=1 960w\" sizes=\"auto, (max-width: 300px) 100vw, 300px\" \/>A 2\u00aa edi\u00e7\u00e3o do Festival dos Pontos de Cultura contar\u00e1 com a participa\u00e7\u00e3o dos Pontos de Cultura que comp\u00f5em a rede estadual de Pontos, como o Centro Cultural Or\u00fanmila, Cine Clube Cauim e ONG Dan\u00e7a Vida. Al\u00e9m das apresenta\u00e7\u00f5es dos nove pontos de cultura que comp\u00f5e a Rede Municipal. O 2\u00ba Festival dos Pontos de Cultura, acontece dias 24 e 25 de novembro, nos Est\u00fadios Kaiser de Cinema, com entrada e estacionamento gratuitos.<\/p>\n<p>O Sibipiruna \u2013 Pont\u00e3o de Cultura de Ribeir\u00e3o Preto \u00e9 o respons\u00e1vel pela gest\u00e3o da Rede Municipal dos nove pontos de cultura que s\u00e3o: Os pontos de cultura Mosaico dos Bambas, Ribeir\u00e3o em Cena Inclus\u00e3o sociocultural, Projeto Kabuki, Filhos de Bimba &#8211; Escola de Capoeira e Manifesta\u00e7\u00f5es Culturais, Carnaval para Todos, Projeto Dandhara, Transformar, Cantecoral e Casa das Artes.<\/p>\n<p>Todas essas entidades desenvolvem com a comunidade atividades gratuitas, que oferecem oficinas de percuss\u00e3o, capoeira, dan\u00e7a, desenho e pintura, mestre e sala e porta-bandeiras, al\u00e9m de dramaturgia, ilumina\u00e7\u00e3o c\u00eanica, beleza e est\u00e9tica, inform\u00e1tica, maculel\u00ea, samba de roda, puxada de rede, dan\u00e7a africana, dan\u00e7a de rua, hip hop, entre outras.<\/p>\n<p>Durante os dois dias de festival haver\u00e1 apresenta\u00e7\u00f5es de dan\u00e7a, m\u00fasica, teatro e exposi\u00e7\u00e3o. O ponto de cultura da Rede Estadual Cine Clube Cauim levar\u00e1 para o festival os alunos do curso de audiovisual, que registrar\u00e3o, junto com o professor momentos e cenas do festival. A primeira noite ser\u00e1 encerra com o show \u201cFam\u00edlia Pedra Negra\u201d, do Ponto de Cultura Il\u00e9 Ed\u00e9 D\u00f9d\u00fa, do Centro Cultural Or\u00fanmila. O Coletivo Fam\u00edlia Pedra Negra \u00e9 um grupo fundado em 2006 que re\u00fane 04 jovens da periferia Ribeir\u00e3opretana membros do Ponto de Cultura, que possuem com um amplo repert\u00f3rio pr\u00f3prio de Rap, Reggae, Dance Hall e Bai\u00e3o. Embora dan\u00e7ante, suas letras denunciam o racismo, o preconceito e a discrimina\u00e7\u00e3o racial, apontam a intelor\u00e2ncia religiosa no Brasil.<\/p>\n<p>J\u00e1 a segunda noite do festival ter\u00e1 o encerramento com a Cia Dan\u00e7a Vida, que apresentar\u00e1 o espet\u00e1culo \u201cCorps quiJoue\u201d, com coreografia de Bruno Oliveira e Fernanda Monteiro. \u201cCorps qui Joue\u201d, \u00e9 uma express\u00e3o francesa que trata o corpo como uma grande possibilidade. Jogos de express\u00f5es que brincam com os movimentos trazendo leveza, despojamento e \u201cquase\u201d sem compromisso. Levando assim, o int\u00e9rprete a um desprendimento espont\u00e2neo.<\/p>\n<p>Ponto de Cultura \u00e9 a a\u00e7\u00e3o priorit\u00e1ria e o ponto de articula\u00e7\u00e3o das demais atividades do Programa Cultura Viva, vinculado \u00e0 Secretaria de Cidadania Cultural do Minist\u00e9rio da Cultura (MINC).<\/p>\n<p>SERVI\u00c7O| 2\u00ba FESTIVAL DOS PONTOS DE CULTURA<\/p>\n<p>Dias 24 e 25 de novembro<\/p>\n<p>Local: Est\u00fadios Kaiser de Cinema| Rua Mariana Junqueira, 33, Centro<\/p>\n<p>Ingresso: Gratuito| Estacionamento gratuito no local<\/p>\n<p>Dia 24 de novembro | s\u00e1bado<\/p>\n<p>\u00c0s 17h \u2013 Ponto de Cultura Transformar<\/p>\n<p>\u00c0s 18h \u2013 Ponto de Cultura Projeto Kabuki<\/p>\n<p>\u00c0s 19h \u2013 Ponto de Cultura Cantecoral Minaz<\/p>\n<p>\u00c0s 20h \u2013 Ponto de Cultura Dandhara<\/p>\n<p>\u00c0s 21h \u2013 Ponto de Cultura Il\u00e9 Ed\u00e9 D\u00f9d\u00fa<\/p>\n<p>Dia 25 de novembro| domingo<\/p>\n<p>\u00c0s 17h \u2013 Ponto de Cultura Casa das Artes<\/p>\n<p>\u00c0s 18h \u2013 Ponto de Cultura Filhos de Bimba<\/p>\n<p>\u00c0s 19h \u2013 Ponto de Cultura Ribeir\u00e3o em Cena<\/p>\n<p>\u00c0s 20h \u2013 Ponto de Cultura Mosaico dos Bambas<\/p>\n<p>\u00c0s 21h \u2013 Encerramento com o Ponto de Cultura Dan\u00e7a Vida<\/p>\n<p>Mais informa\u00e7\u00f5es atrav\u00e9s do site:<\/p>\n<p>www.pontaosibipiruna.com.br ou pelo telefone (16) 3610-8679<\/p>\n","protected":false},"excerpt":{"rendered":"<p>A 2\u00aa edi\u00e7\u00e3o do Festival dos Pontos de Cultura contar\u00e1 com a participa\u00e7\u00e3o dos Pontos de Cultura que comp\u00f5em a rede estadual de Pontos, como o Centro Cultural Or\u00fanmila, Cine Clube Cauim e ONG Dan\u00e7a Vida. Al\u00e9m das apresenta\u00e7\u00f5es dos nove pontos de cultura que comp\u00f5e a Rede Municipal. O 2\u00ba Festival dos Pontos de Cultura, acontece dias 24 e 25 de novembro, nos Est\u00fadios Kaiser de Cinema, com entrada e estacionamento gratuitos. O Sibipiruna \u2013 Pont\u00e3o de Cultura de [&hellip;]<\/p>\n","protected":false},"author":1,"featured_media":0,"comment_status":"open","ping_status":"open","sticky":false,"template":"","format":"standard","meta":{"jetpack_post_was_ever_published":false,"_jetpack_newsletter_access":"","_jetpack_dont_email_post_to_subs":false,"_jetpack_newsletter_tier_id":0,"_jetpack_memberships_contains_paywalled_content":false,"_jetpack_memberships_contains_paid_content":false,"footnotes":"","jetpack_publicize_message":"","jetpack_publicize_feature_enabled":true,"jetpack_social_post_already_shared":true,"jetpack_social_options":{"image_generator_settings":{"template":"highway","enabled":false},"version":2}},"categories":[1],"tags":[],"class_list":["post-2361","post","type-post","status-publish","format-standard","hentry","category-noticias"],"jetpack_publicize_connections":[],"jetpack_sharing_enabled":true,"jetpack_featured_media_url":"","jetpack_shortlink":"https:\/\/wp.me\/p1Lzat-C5","jetpack-related-posts":[],"_links":{"self":[{"href":"https:\/\/www.clickrp.com.br\/portal\/wp-json\/wp\/v2\/posts\/2361","targetHints":{"allow":["GET"]}}],"collection":[{"href":"https:\/\/www.clickrp.com.br\/portal\/wp-json\/wp\/v2\/posts"}],"about":[{"href":"https:\/\/www.clickrp.com.br\/portal\/wp-json\/wp\/v2\/types\/post"}],"author":[{"embeddable":true,"href":"https:\/\/www.clickrp.com.br\/portal\/wp-json\/wp\/v2\/users\/1"}],"replies":[{"embeddable":true,"href":"https:\/\/www.clickrp.com.br\/portal\/wp-json\/wp\/v2\/comments?post=2361"}],"version-history":[{"count":2,"href":"https:\/\/www.clickrp.com.br\/portal\/wp-json\/wp\/v2\/posts\/2361\/revisions"}],"predecessor-version":[{"id":6446,"href":"https:\/\/www.clickrp.com.br\/portal\/wp-json\/wp\/v2\/posts\/2361\/revisions\/6446"}],"wp:attachment":[{"href":"https:\/\/www.clickrp.com.br\/portal\/wp-json\/wp\/v2\/media?parent=2361"}],"wp:term":[{"taxonomy":"category","embeddable":true,"href":"https:\/\/www.clickrp.com.br\/portal\/wp-json\/wp\/v2\/categories?post=2361"},{"taxonomy":"post_tag","embeddable":true,"href":"https:\/\/www.clickrp.com.br\/portal\/wp-json\/wp\/v2\/tags?post=2361"}],"curies":[{"name":"wp","href":"https:\/\/api.w.org\/{rel}","templated":true}]}}