{"id":2305,"date":"2012-11-09T14:00:15","date_gmt":"2012-11-09T17:00:15","guid":{"rendered":"http:\/\/www.clickrp.com.br\/portal\/?p=2305"},"modified":"2015-09-28T05:25:41","modified_gmt":"2015-09-28T08:25:41","slug":"joao-lucas-matheus-leva-sertanejo-para-o-ribeirao-skol-folia","status":"publish","type":"post","link":"https:\/\/www.clickrp.com.br\/portal\/2012\/11\/joao-lucas-matheus-leva-sertanejo-para-o-ribeirao-skol-folia\/","title":{"rendered":"Jo\u00e3o Lucas &#038; Matheus leva sertanejo para o Ribeir\u00e3o Skol Folia"},"content":{"rendered":"<p><img data-recalc-dims=\"1\" loading=\"lazy\" decoding=\"async\" data-attachment-id=\"2306\" data-permalink=\"https:\/\/www.clickrp.com.br\/portal\/2012\/11\/joao-lucas-matheus-leva-sertanejo-para-o-ribeirao-skol-folia\/joao-lucas-mateus-7\/\" data-orig-file=\"https:\/\/i0.wp.com\/www.clickrp.com.br\/portal\/wp-content\/uploads\/2012\/11\/Jo%C3%A3o-Lucas-Mateus1.jpg?fit=324%2C484&amp;ssl=1\" data-orig-size=\"324,484\" data-comments-opened=\"1\" data-image-meta=\"{&quot;aperture&quot;:&quot;0&quot;,&quot;credit&quot;:&quot;&quot;,&quot;camera&quot;:&quot;&quot;,&quot;caption&quot;:&quot;&quot;,&quot;created_timestamp&quot;:&quot;0&quot;,&quot;copyright&quot;:&quot;&quot;,&quot;focal_length&quot;:&quot;0&quot;,&quot;iso&quot;:&quot;0&quot;,&quot;shutter_speed&quot;:&quot;0&quot;,&quot;title&quot;:&quot;&quot;}\" data-image-title=\"Jo\u00e3o Lucas &amp;#038; Mateus\" data-image-description=\"\" data-image-caption=\"\" data-medium-file=\"https:\/\/i0.wp.com\/www.clickrp.com.br\/portal\/wp-content\/uploads\/2012\/11\/Jo%C3%A3o-Lucas-Mateus1.jpg?fit=200%2C300&amp;ssl=1\" data-large-file=\"https:\/\/i0.wp.com\/www.clickrp.com.br\/portal\/wp-content\/uploads\/2012\/11\/Jo%C3%A3o-Lucas-Mateus1.jpg?fit=324%2C484&amp;ssl=1\" class=\"alignleft size-medium wp-image-2306\" title=\"Jo\u00e3o Lucas &amp; Mateus\" src=\"https:\/\/i0.wp.com\/www.clickrp.com.br\/portal\/wp-content\/uploads\/2012\/11\/Jo%C3%A3o-Lucas-Mateus1-200x300.jpg?resize=200%2C300\" alt=\"\" width=\"200\" height=\"300\" srcset=\"https:\/\/i0.wp.com\/www.clickrp.com.br\/portal\/wp-content\/uploads\/2012\/11\/Jo%C3%A3o-Lucas-Mateus1.jpg?resize=200%2C300&amp;ssl=1 200w, https:\/\/i0.wp.com\/www.clickrp.com.br\/portal\/wp-content\/uploads\/2012\/11\/Jo%C3%A3o-Lucas-Mateus1.jpg?w=324&amp;ssl=1 324w\" sizes=\"auto, (max-width: 200px) 100vw, 200px\" \/>Dupla de Ribeir\u00e3o Preto ser\u00e1 uma das atra\u00e7\u00f5es no palco do evento, no s\u00e1bado, dia 10<\/p>\n<p>Ser\u00e1 com as m\u00fasicas \u201cFesta no Iate\u201d \u2013 que conta com a participa\u00e7\u00e3o de Latino -, \u201c#Ficaadica\u201d, \u201cBeicinho\u201d, \u201cPr\u00edncipe Encantado\u201d, entre outros sucessos, que a dupla de Ribeir\u00e3o Preto, Jo\u00e3o Lucas &amp; Matheus, animar\u00e1 a galera do Ribeir\u00e3o Skol Folia. Em sua sexta edi\u00e7\u00e3o, o evento acontece nos dias 10 e 11 de novembro, no Parque Permanente de Exposi\u00e7\u00e3o, em Ribeir\u00e3o Preto. O show da dupla \u00e9 uma das atra\u00e7\u00f5es do palco e que est\u00e1 previsto para come\u00e7ar a partir das 21h, no s\u00e1bado, dia 10, antecedendo o show de Ivete Sangalo que assume a festa no trio el\u00e9trico.<\/p>\n<p>Al\u00e9m de Jo\u00e3o Lucas &amp; Matheus e da rainha do ax\u00e9, o Ribeir\u00e3o Skol Folia ter\u00e1 mais 10 atra\u00e7\u00f5es durante os dois dias de evento, entre eles Babado Novo, Parangol\u00e9, Tomate, Monoboclo e Jo\u00e3o Carreiro &amp; Capataz. No Espa\u00e7o Teen, criado exclusivamente para adolescentes, se apresentar\u00e3o Fiuk, Restart, NX Zero e Play Vinil. \u201cEstar entre as doze atra\u00e7\u00f5es nacionais num evento que vai reunir diferentes estilos musicais como o sertanejo, ax\u00e9, samba e pop rock ser\u00e1 uma experi\u00eancia desafiadora e, certamente, enriquecedora. A gente conta com a presen\u00e7a de todos\u201d, afirma a dupla Jo\u00e3o Lucas &amp; Matheus.<\/p>\n<p>A programa\u00e7\u00e3o do Ribeir\u00e3o Skol Folia come\u00e7a no s\u00e1bado, a partir das 16h, com o Espa\u00e7o Teen. Os demais shows est\u00e3o previstos \u00e0s 21h. J\u00e1 no domingo, as atra\u00e7\u00f5es do Espa\u00e7o Teen ter\u00e3o in\u00edcio \u00e0s 15, enquanto a programa\u00e7\u00e3o do palco e trio come\u00e7a a partir das 19h.<\/p>\n","protected":false},"excerpt":{"rendered":"<p>Dupla de Ribeir\u00e3o Preto ser\u00e1 uma das atra\u00e7\u00f5es no palco do evento, no s\u00e1bado, dia 10 Ser\u00e1 com as m\u00fasicas \u201cFesta no Iate\u201d \u2013 que conta com a participa\u00e7\u00e3o de Latino -, \u201c#Ficaadica\u201d, \u201cBeicinho\u201d, \u201cPr\u00edncipe Encantado\u201d, entre outros sucessos, que a dupla de Ribeir\u00e3o Preto, Jo\u00e3o Lucas &amp; Matheus, animar\u00e1 a galera do Ribeir\u00e3o Skol Folia. Em sua sexta edi\u00e7\u00e3o, o evento acontece nos dias 10 e 11 de novembro, no Parque Permanente de Exposi\u00e7\u00e3o, em Ribeir\u00e3o Preto. O show [&hellip;]<\/p>\n","protected":false},"author":1,"featured_media":0,"comment_status":"open","ping_status":"open","sticky":false,"template":"","format":"standard","meta":{"jetpack_post_was_ever_published":false,"_jetpack_newsletter_access":"","_jetpack_dont_email_post_to_subs":false,"_jetpack_newsletter_tier_id":0,"_jetpack_memberships_contains_paywalled_content":false,"_jetpack_memberships_contains_paid_content":false,"footnotes":"","jetpack_publicize_message":"","jetpack_publicize_feature_enabled":true,"jetpack_social_post_already_shared":false,"jetpack_social_options":{"image_generator_settings":{"template":"highway","enabled":false},"version":2}},"categories":[1],"tags":[],"class_list":["post-2305","post","type-post","status-publish","format-standard","hentry","category-noticias"],"jetpack_publicize_connections":[],"jetpack_sharing_enabled":true,"jetpack_featured_media_url":"","jetpack_shortlink":"https:\/\/wp.me\/p1Lzat-Bb","jetpack-related-posts":[],"_links":{"self":[{"href":"https:\/\/www.clickrp.com.br\/portal\/wp-json\/wp\/v2\/posts\/2305","targetHints":{"allow":["GET"]}}],"collection":[{"href":"https:\/\/www.clickrp.com.br\/portal\/wp-json\/wp\/v2\/posts"}],"about":[{"href":"https:\/\/www.clickrp.com.br\/portal\/wp-json\/wp\/v2\/types\/post"}],"author":[{"embeddable":true,"href":"https:\/\/www.clickrp.com.br\/portal\/wp-json\/wp\/v2\/users\/1"}],"replies":[{"embeddable":true,"href":"https:\/\/www.clickrp.com.br\/portal\/wp-json\/wp\/v2\/comments?post=2305"}],"version-history":[{"count":3,"href":"https:\/\/www.clickrp.com.br\/portal\/wp-json\/wp\/v2\/posts\/2305\/revisions"}],"predecessor-version":[{"id":6289,"href":"https:\/\/www.clickrp.com.br\/portal\/wp-json\/wp\/v2\/posts\/2305\/revisions\/6289"}],"wp:attachment":[{"href":"https:\/\/www.clickrp.com.br\/portal\/wp-json\/wp\/v2\/media?parent=2305"}],"wp:term":[{"taxonomy":"category","embeddable":true,"href":"https:\/\/www.clickrp.com.br\/portal\/wp-json\/wp\/v2\/categories?post=2305"},{"taxonomy":"post_tag","embeddable":true,"href":"https:\/\/www.clickrp.com.br\/portal\/wp-json\/wp\/v2\/tags?post=2305"}],"curies":[{"name":"wp","href":"https:\/\/api.w.org\/{rel}","templated":true}]}}