{"id":2300,"date":"2012-11-09T08:50:18","date_gmt":"2012-11-09T11:50:18","guid":{"rendered":"http:\/\/www.clickrp.com.br\/portal\/?p=2300"},"modified":"2015-09-28T05:25:41","modified_gmt":"2015-09-28T08:25:41","slug":"centro-de-eventos-pereira-alvim-recebe-1a-edicao-da-sp-trend","status":"publish","type":"post","link":"https:\/\/www.clickrp.com.br\/portal\/2012\/11\/centro-de-eventos-pereira-alvim-recebe-1a-edicao-da-sp-trend\/","title":{"rendered":"CENTRO DE EVENTOS PEREIRA ALVIM RECEBE 1\u00aa EDI\u00c7\u00c3O DA SP TREND"},"content":{"rendered":"<p>De 11 a 13 de novembro Ribeir\u00e3o Preto sedia feira com lan\u00e7amentos de cal\u00e7ados e acess\u00f3rios de moda<br \/>\nOs lan\u00e7amentos de moda, tecnologia e tend\u00eancias em cal\u00e7ados estar\u00e3o presentes na SP Trend, que ser\u00e1 realizada de 11 a 13 de novembro, das 10h \u00e0s 19h, no Centro de Eventos Pereira Alvim. Mais de 300 marcas distribu\u00eddas em 150 estandes poder\u00e3o ser visitados por lojistas, varejistas, executivos de compra, profissionais de moda, distribuidores, importadores e exportadores.<br \/>\nA primeira edi\u00e7\u00e3o da SP Trend antecipar\u00e1 as novidades das cole\u00e7\u00f5es de outono\/inverno 2013 das maiores marcas de cal\u00e7ados do pa\u00eds. Estima-se que a feira receber\u00e1 5.000 lojistas vindos de 350 cidades do estado de S\u00e3o Paulo, de 20 capitais brasileiras e 200 cidades de outros estados. A segunda edi\u00e7\u00e3o da SP Trend j\u00e1 est\u00e1 prevista para maio de 2013, quando a feira lan\u00e7ar\u00e1 a cole\u00e7\u00e3o Primavera\/Ver\u00e3o.<br \/>\nRibeir\u00e3o Preto foi escolhida por ser um polo de turismo e neg\u00f3cios, que oferece \u00f3tima infraestrutura, transporte e rede hoteleira e gastron\u00f4mica. J\u00e1 o espa\u00e7o do Centro de Eventos Pereira Alvim, \u00e9 capaz de comportar o evento, oferecendo facilidade de acesso, pavilh\u00e3o sofisticado, ambiente climatizado, amplo estacionamento, internet WI-Fi, entre outros atributos.<\/p>\n<p>O Centro de Eventos<br \/>\nO Centro de Eventos Pereira Alvim \u00e9 um espa\u00e7o vers\u00e1til, equipado para atender eventos corporativos e sociais, al\u00e9m de feiras, exposi\u00e7\u00f5es, congressos, conven\u00e7\u00f5es e shows. O local tamb\u00e9m possui salas tipo audit\u00f3rio para a realiza\u00e7\u00e3o de palestras e reuni\u00f5es. O estacionamento conta com 1.200 vagas, al\u00e9m de acessibilidade com rampas.<br \/>\nSaiba mais no site: www.centrodeeventospa.com.br<\/p>\n<p>Servi\u00e7o<br \/>\nSP Trend<br \/>\nData: de 11 a 13 de novembro de 2012.<br \/>\nHor\u00e1rio: 10h \u00e0s 19h.<br \/>\nLocal: Centro de Eventos \u201cPereira Alvim\u201d \u2013 Ribeir\u00e3o Preto\/SP.<br \/>\nContato para visitantes: marketing@comcorp.com.br (14) 3416-1634 e (14) 7834-3902.<br \/>\nSite: http:\/\/www.sptrend.com.br\/<\/p>\n","protected":false},"excerpt":{"rendered":"<p>De 11 a 13 de novembro Ribeir\u00e3o Preto sedia feira com lan\u00e7amentos de cal\u00e7ados e acess\u00f3rios de moda Os lan\u00e7amentos de moda, tecnologia e tend\u00eancias em cal\u00e7ados estar\u00e3o presentes na SP Trend, que ser\u00e1 realizada de 11 a 13 de novembro, das 10h \u00e0s 19h, no Centro de Eventos Pereira Alvim. Mais de 300 marcas distribu\u00eddas em 150 estandes poder\u00e3o ser visitados por lojistas, varejistas, executivos de compra, profissionais de moda, distribuidores, importadores e exportadores. A primeira edi\u00e7\u00e3o da SP [&hellip;]<\/p>\n","protected":false},"author":1,"featured_media":0,"comment_status":"open","ping_status":"open","sticky":false,"template":"","format":"standard","meta":{"jetpack_post_was_ever_published":false,"_jetpack_newsletter_access":"","_jetpack_dont_email_post_to_subs":false,"_jetpack_newsletter_tier_id":0,"_jetpack_memberships_contains_paywalled_content":false,"_jetpack_memberships_contains_paid_content":false,"footnotes":"","jetpack_publicize_message":"","jetpack_publicize_feature_enabled":true,"jetpack_social_post_already_shared":true,"jetpack_social_options":{"image_generator_settings":{"template":"highway","enabled":false},"version":2}},"categories":[1],"tags":[],"class_list":["post-2300","post","type-post","status-publish","format-standard","hentry","category-noticias"],"jetpack_publicize_connections":[],"jetpack_sharing_enabled":true,"jetpack_featured_media_url":"","jetpack_shortlink":"https:\/\/wp.me\/p1Lzat-B6","jetpack-related-posts":[],"_links":{"self":[{"href":"https:\/\/www.clickrp.com.br\/portal\/wp-json\/wp\/v2\/posts\/2300","targetHints":{"allow":["GET"]}}],"collection":[{"href":"https:\/\/www.clickrp.com.br\/portal\/wp-json\/wp\/v2\/posts"}],"about":[{"href":"https:\/\/www.clickrp.com.br\/portal\/wp-json\/wp\/v2\/types\/post"}],"author":[{"embeddable":true,"href":"https:\/\/www.clickrp.com.br\/portal\/wp-json\/wp\/v2\/users\/1"}],"replies":[{"embeddable":true,"href":"https:\/\/www.clickrp.com.br\/portal\/wp-json\/wp\/v2\/comments?post=2300"}],"version-history":[{"count":2,"href":"https:\/\/www.clickrp.com.br\/portal\/wp-json\/wp\/v2\/posts\/2300\/revisions"}],"predecessor-version":[{"id":6457,"href":"https:\/\/www.clickrp.com.br\/portal\/wp-json\/wp\/v2\/posts\/2300\/revisions\/6457"}],"wp:attachment":[{"href":"https:\/\/www.clickrp.com.br\/portal\/wp-json\/wp\/v2\/media?parent=2300"}],"wp:term":[{"taxonomy":"category","embeddable":true,"href":"https:\/\/www.clickrp.com.br\/portal\/wp-json\/wp\/v2\/categories?post=2300"},{"taxonomy":"post_tag","embeddable":true,"href":"https:\/\/www.clickrp.com.br\/portal\/wp-json\/wp\/v2\/tags?post=2300"}],"curies":[{"name":"wp","href":"https:\/\/api.w.org\/{rel}","templated":true}]}}