{"id":2284,"date":"2012-11-05T16:30:34","date_gmt":"2012-11-05T19:30:34","guid":{"rendered":"http:\/\/www.clickrp.com.br\/portal\/?p=2284"},"modified":"2015-09-28T05:25:42","modified_gmt":"2015-09-28T08:25:42","slug":"interunesp-apresenta-inter-2012-a-parte-musical-do-maior-encontro-de-estudantes-do-interior-de-sp","status":"publish","type":"post","link":"https:\/\/www.clickrp.com.br\/portal\/2012\/11\/interunesp-apresenta-inter-2012-a-parte-musical-do-maior-encontro-de-estudantes-do-interior-de-sp\/","title":{"rendered":"INTERUNESP APRESENTA \u201cINTER 2012\u201d, A PARTE MUSICAL DO MAIOR ENCONTRO DE ESTUDANTES DO INTERIOR DE SP"},"content":{"rendered":"<p><img data-recalc-dims=\"1\" loading=\"lazy\" decoding=\"async\" data-attachment-id=\"2285\" data-permalink=\"https:\/\/www.clickrp.com.br\/portal\/2012\/11\/interunesp-apresenta-inter-2012-a-parte-musical-do-maior-encontro-de-estudantes-do-interior-de-sp\/marcelo-d2-por-washington-possato\/\" data-orig-file=\"https:\/\/i0.wp.com\/www.clickrp.com.br\/portal\/wp-content\/uploads\/2012\/11\/Marcelo-D2-por-Washington-Possato.jpg?fit=500%2C500&amp;ssl=1\" data-orig-size=\"500,500\" data-comments-opened=\"1\" data-image-meta=\"{&quot;aperture&quot;:&quot;0&quot;,&quot;credit&quot;:&quot;&quot;,&quot;camera&quot;:&quot;&quot;,&quot;caption&quot;:&quot;&quot;,&quot;created_timestamp&quot;:&quot;1352134997&quot;,&quot;copyright&quot;:&quot;&quot;,&quot;focal_length&quot;:&quot;0&quot;,&quot;iso&quot;:&quot;0&quot;,&quot;shutter_speed&quot;:&quot;0&quot;,&quot;title&quot;:&quot;&quot;}\" data-image-title=\"Marcelo D2 por Washington Possato\" data-image-description=\"\" data-image-caption=\"\" data-medium-file=\"https:\/\/i0.wp.com\/www.clickrp.com.br\/portal\/wp-content\/uploads\/2012\/11\/Marcelo-D2-por-Washington-Possato.jpg?fit=300%2C300&amp;ssl=1\" data-large-file=\"https:\/\/i0.wp.com\/www.clickrp.com.br\/portal\/wp-content\/uploads\/2012\/11\/Marcelo-D2-por-Washington-Possato.jpg?fit=500%2C500&amp;ssl=1\" class=\"alignleft size-medium wp-image-2285\" title=\"Marcelo D2 por Washington Possato\" src=\"https:\/\/i0.wp.com\/www.clickrp.com.br\/portal\/wp-content\/uploads\/2012\/11\/Marcelo-D2-por-Washington-Possato-300x300.jpg?resize=300%2C300\" alt=\"\" width=\"300\" height=\"300\" srcset=\"https:\/\/i0.wp.com\/www.clickrp.com.br\/portal\/wp-content\/uploads\/2012\/11\/Marcelo-D2-por-Washington-Possato.jpg?resize=300%2C300&amp;ssl=1 300w, https:\/\/i0.wp.com\/www.clickrp.com.br\/portal\/wp-content\/uploads\/2012\/11\/Marcelo-D2-por-Washington-Possato.jpg?resize=150%2C150&amp;ssl=1 150w, https:\/\/i0.wp.com\/www.clickrp.com.br\/portal\/wp-content\/uploads\/2012\/11\/Marcelo-D2-por-Washington-Possato.jpg?w=500&amp;ssl=1 500w\" sizes=\"auto, (max-width: 300px) 100vw, 300px\" \/>Evento acontece de 15 a 18 de novembro, em Jaboticabal e ter\u00e1 competi\u00e7\u00f5es esportivas, confraterniza\u00e7\u00e3o e muita m\u00fasica<\/p>\n<p>O InterUNESP, uma das maiores competi\u00e7\u00f5es nacionais de jogos estudantis do pa\u00eds, ser\u00e1 realizado na cidade de Jaboticabal (SP), de 15 a 18 de novembro. \u00c9 a segunda vez que o evento acontece na cidade e promete impactar econ\u00f4mica e culturalmente a regi\u00e3o, j\u00e1 que receber\u00e1 estudantes dos 22 campi da Universidade Estadual Paulista \u201cJ\u00falio de Mesquita Filho\u201d (UNESP).<\/p>\n<p>Durante os quatro dias, os alunos das atl\u00e9ticas se dividem em 12 modalidades com o objetivo de conseguir a melhor coloca\u00e7\u00e3o de seu campus ao final dos jogos. Um dos destaques, que acontece simultaneamente aos jogos, \u00e9 o famoso \u201cDesafio de Baterias\u201d, organizado desde 2007, onde as atl\u00e9ticas se apresentam apoiadas por suas torcidas, para um julgamento divertido que prev\u00ea nas categorias grupo especial e grupo de acesso, qual \u00e9 a melhor bateria, analisando criatividade, harmonia, cad\u00eancia, breques, entre outros atributos.<\/p>\n<p>J\u00e1 \u00e0 noite, os estudantes universit\u00e1rios e o p\u00fablico em geral de toda a regi\u00e3o poder\u00e3o se divertir com a extensa programa\u00e7\u00e3o musical do \u201cINTER2012\u201d, que ser\u00e1 realizado de 15 a 17 de novembro no Recinto de Exposi\u00e7\u00f5es \u201cPioneiros da Sela\u201d e receber\u00e1 atra\u00e7\u00f5es nacionais em 2 palcos, uma tenda eletr\u00f4nica e um trio el\u00e9trico.<\/p>\n<p>MARCELO D2 \u00c9 DESTAQUE NA PROGRAMA\u00c7\u00c3O DO \u201cINTER2012\u201d, QUE TER\u00c1 AINDA SERTANEJO, AX\u00c9 E FORR\u00d3<\/p>\n<p><img data-recalc-dims=\"1\" loading=\"lazy\" decoding=\"async\" data-attachment-id=\"2286\" data-permalink=\"https:\/\/www.clickrp.com.br\/portal\/2012\/11\/interunesp-apresenta-inter-2012-a-parte-musical-do-maior-encontro-de-estudantes-do-interior-de-sp\/joao-lucas-mateus-6\/\" data-orig-file=\"https:\/\/i0.wp.com\/www.clickrp.com.br\/portal\/wp-content\/uploads\/2012\/11\/Jo%C3%A3o-Lucas-Mateus.jpg?fit=324%2C484&amp;ssl=1\" data-orig-size=\"324,484\" data-comments-opened=\"1\" data-image-meta=\"{&quot;aperture&quot;:&quot;0&quot;,&quot;credit&quot;:&quot;&quot;,&quot;camera&quot;:&quot;&quot;,&quot;caption&quot;:&quot;&quot;,&quot;created_timestamp&quot;:&quot;0&quot;,&quot;copyright&quot;:&quot;&quot;,&quot;focal_length&quot;:&quot;0&quot;,&quot;iso&quot;:&quot;0&quot;,&quot;shutter_speed&quot;:&quot;0&quot;,&quot;title&quot;:&quot;&quot;}\" data-image-title=\"Jo\u00e3o Lucas &amp;#038; Mateus\" data-image-description=\"\" data-image-caption=\"\" data-medium-file=\"https:\/\/i0.wp.com\/www.clickrp.com.br\/portal\/wp-content\/uploads\/2012\/11\/Jo%C3%A3o-Lucas-Mateus.jpg?fit=200%2C300&amp;ssl=1\" data-large-file=\"https:\/\/i0.wp.com\/www.clickrp.com.br\/portal\/wp-content\/uploads\/2012\/11\/Jo%C3%A3o-Lucas-Mateus.jpg?fit=324%2C484&amp;ssl=1\" class=\"alignleft size-medium wp-image-2286\" title=\"Jo\u00e3o Lucas &amp; Mateus\" src=\"https:\/\/i0.wp.com\/www.clickrp.com.br\/portal\/wp-content\/uploads\/2012\/11\/Jo%C3%A3o-Lucas-Mateus-200x300.jpg?resize=200%2C300\" alt=\"\" width=\"200\" height=\"300\" srcset=\"https:\/\/i0.wp.com\/www.clickrp.com.br\/portal\/wp-content\/uploads\/2012\/11\/Jo%C3%A3o-Lucas-Mateus.jpg?resize=200%2C300&amp;ssl=1 200w, https:\/\/i0.wp.com\/www.clickrp.com.br\/portal\/wp-content\/uploads\/2012\/11\/Jo%C3%A3o-Lucas-Mateus.jpg?w=324&amp;ssl=1 324w\" sizes=\"auto, (max-width: 200px) 100vw, 200px\" \/>A primeira noite de m\u00fasica, dia 15 de novembro- quinta-feira, receber\u00e1 a dupla sertaneja Tom &amp; Arnaldo e o grupo Molejo, no palco 1. A banda No Ducky apresenta seu repert\u00f3rio de pop rock nacional, al\u00e9m de m\u00fasicas pr\u00f3prias, no palco 2, que ter\u00e1 tamb\u00e9m a banda Vinil de Velho, tocando sucessos da m\u00fasica nacional. O trio el\u00e9trico vai arrastar o p\u00fablico ao som do ax\u00e9 da cantora Tati Romero. O palco eletr\u00f4nico recebe a anima\u00e7\u00e3o de Leandro Vicari e N2MU.<\/p>\n<p>No s\u00e1bado, dia 16 de novembro, Marcelo D2 abre a programa\u00e7\u00e3o musical do palco 1. Dono de um estilo pr\u00f3prio, pol\u00eamico e inovador, o m\u00fasico j\u00e1 gravou com grandes nomes da m\u00fasica, inclusive fora do Brasil. Os hits \u201cVai vendo\u201d, \u201cA procura da batida perfeita\u201d, \u201cQual \u00e9?\u201d, entre outros, s\u00e3o alguns dos sucessos presentes no repert\u00f3rio de seus shows. Tamb\u00e9m no palco 1, a banda Homem de Lata incorpora as batidas das escolas de samba em diferentes g\u00eaneros musicais. No palco 2, a Red Hot Chilli Peppers Cover relembra o rock irreverente da banda americana. Na sequ\u00eancia, o Trio Dona Zefa traz o som do nordeste para balan\u00e7ar o p\u00fablico, com muito forr\u00f3 p\u00e9-de-serra, bai\u00e3o e xaxado. Na tenda eletr\u00f4nica se apresentam Snazz Guzz Live e Projeto BPM. Fechando a programa\u00e7\u00e3o da noite, a dupla sertaneja ribeir\u00e3o-pretanaque conquistou o pa\u00eds, Jo\u00e3o Lucas &amp; Matheus, comanda o som no trio el\u00e9trico.<\/p>\n<p>Na \u00faltima noite de m\u00fasica, o MC Ed Murphy e a dupla Ricardo &amp; Jo\u00e3o Fernando se apresentam no palco 1. A diversidade cultural da banda Canaiera vai unir o reggae, dub e ska com muita energia, em um show com composi\u00e7\u00f5es pr\u00f3prias e cl\u00e1ssicos da m\u00fasica, de Bob Marley a Jorge Ben, no palco 2, que recebe tamb\u00e9m a banda Embala\u00ea. O som da tenda eletr\u00f4nica ser\u00e1 comandado por Falleiros e Gangstarts. A banda de ax\u00e9, Batom na Cueca, que agita multid\u00f5es pelo Brasil e acumula sucessos por sua irrever\u00eancia e alto-astral nas micaretas, encerra a programa\u00e7\u00e3o do INTER2012, no trio el\u00e9trico.<\/p>\n<p>O INTERUNESP \u00e9 organizado pela LIGA das Atl\u00e9ticas das UNESPs e INTER2012 (evento social noturno) \u00e9 realizado pela Criativa Ag\u00eancia e pela TIM Eventos, sob coordena\u00e7\u00e3o da LIGA.<br \/>\nPontos de vendas: Tim Eventos, By Stok (Jaboticabal), NETtickets<\/p>\n<p>Confira a programa\u00e7\u00e3o completa:<br \/>\n15\/11 (quinta-feira)<br \/>\nPalco 1: Tom &amp; Arnaldo \/ Molejo<br \/>\nPalco 2: No Ducky \/ Vinil de Velho<br \/>\nPalco Eletr\u00f4nico: Leandro Vicari \/ N2MU<br \/>\nTrio El\u00e9trico: Tati Romero<\/p>\n<p>16\/11 (sexta-feira)<br \/>\nPalco 1: Marcelo D2 \/ Homem de Lata<br \/>\nPalco 2: Red Hot Chili Peppers Cover \/ Trio Dona Zefa<br \/>\nPalco Eletr\u00f4nico: Snazz Guzz Live \/ Projeto BPM<br \/>\nTrio El\u00e9trico: Jo\u00e3o Lucas &amp; Matheus<\/p>\n<p>17\/11 (s\u00e1bado)<br \/>\nPalco 1: Mc Ed Murphy \/ Ricardo &amp; Jo\u00e3o Fernando<br \/>\nPalco 2: Canaeira \/ Embala\u00ea<br \/>\nPalco Eletr\u00f4nico: Falleiros \/ Gangstars<br \/>\nTrio El\u00e9trico: Batom na Cueca<\/p>\n<p>DJ Residente durante as 3 noites: DJ Andr\u00e9 Nardini (Bluetooth)<br \/>\nMais informa\u00e7\u00f5es no site www.interunesp.com.br ou pelos telefones: (16) 3013-8382 da Criativa ou (16) 3941-1000 da TIM Eventos.<\/p>\n","protected":false},"excerpt":{"rendered":"<p>Evento acontece de 15 a 18 de novembro, em Jaboticabal e ter\u00e1 competi\u00e7\u00f5es esportivas, confraterniza\u00e7\u00e3o e muita m\u00fasica O InterUNESP, uma das maiores competi\u00e7\u00f5es nacionais de jogos estudantis do pa\u00eds, ser\u00e1 realizado na cidade de Jaboticabal (SP), de 15 a 18 de novembro. \u00c9 a segunda vez que o evento acontece na cidade e promete impactar econ\u00f4mica e culturalmente a regi\u00e3o, j\u00e1 que receber\u00e1 estudantes dos 22 campi da Universidade Estadual Paulista \u201cJ\u00falio de Mesquita Filho\u201d (UNESP). Durante os quatro [&hellip;]<\/p>\n","protected":false},"author":1,"featured_media":0,"comment_status":"open","ping_status":"open","sticky":false,"template":"","format":"standard","meta":{"jetpack_post_was_ever_published":false,"_jetpack_newsletter_access":"","_jetpack_dont_email_post_to_subs":false,"_jetpack_newsletter_tier_id":0,"_jetpack_memberships_contains_paywalled_content":false,"_jetpack_memberships_contains_paid_content":false,"footnotes":"","jetpack_publicize_message":"","jetpack_publicize_feature_enabled":true,"jetpack_social_post_already_shared":true,"jetpack_social_options":{"image_generator_settings":{"template":"highway","enabled":false},"version":2}},"categories":[1],"tags":[],"class_list":["post-2284","post","type-post","status-publish","format-standard","hentry","category-noticias"],"jetpack_publicize_connections":[],"jetpack_sharing_enabled":true,"jetpack_featured_media_url":"","jetpack_shortlink":"https:\/\/wp.me\/p1Lzat-AQ","jetpack-related-posts":[],"_links":{"self":[{"href":"https:\/\/www.clickrp.com.br\/portal\/wp-json\/wp\/v2\/posts\/2284","targetHints":{"allow":["GET"]}}],"collection":[{"href":"https:\/\/www.clickrp.com.br\/portal\/wp-json\/wp\/v2\/posts"}],"about":[{"href":"https:\/\/www.clickrp.com.br\/portal\/wp-json\/wp\/v2\/types\/post"}],"author":[{"embeddable":true,"href":"https:\/\/www.clickrp.com.br\/portal\/wp-json\/wp\/v2\/users\/1"}],"replies":[{"embeddable":true,"href":"https:\/\/www.clickrp.com.br\/portal\/wp-json\/wp\/v2\/comments?post=2284"}],"version-history":[{"count":2,"href":"https:\/\/www.clickrp.com.br\/portal\/wp-json\/wp\/v2\/posts\/2284\/revisions"}],"predecessor-version":[{"id":6460,"href":"https:\/\/www.clickrp.com.br\/portal\/wp-json\/wp\/v2\/posts\/2284\/revisions\/6460"}],"wp:attachment":[{"href":"https:\/\/www.clickrp.com.br\/portal\/wp-json\/wp\/v2\/media?parent=2284"}],"wp:term":[{"taxonomy":"category","embeddable":true,"href":"https:\/\/www.clickrp.com.br\/portal\/wp-json\/wp\/v2\/categories?post=2284"},{"taxonomy":"post_tag","embeddable":true,"href":"https:\/\/www.clickrp.com.br\/portal\/wp-json\/wp\/v2\/tags?post=2284"}],"curies":[{"name":"wp","href":"https:\/\/api.w.org\/{rel}","templated":true}]}}