{"id":2265,"date":"2012-10-30T18:30:20","date_gmt":"2012-10-30T21:30:20","guid":{"rendered":"http:\/\/www.clickrp.com.br\/portal\/?p=2265"},"modified":"2015-09-28T05:25:42","modified_gmt":"2015-09-28T08:25:42","slug":"sertanejo-de-alta-tensao-joao-lucas-matheus-faz-show-no-sertao-eletrico-2012","status":"publish","type":"post","link":"https:\/\/www.clickrp.com.br\/portal\/2012\/10\/sertanejo-de-alta-tensao-joao-lucas-matheus-faz-show-no-sertao-eletrico-2012\/","title":{"rendered":"Sertanejo de alta tens\u00e3o: Jo\u00e3o Lucas &#038; Matheus faz show no Sert\u00e3o El\u00e9trico 2012"},"content":{"rendered":"<p><img data-recalc-dims=\"1\" loading=\"lazy\" decoding=\"async\" data-attachment-id=\"2266\" data-permalink=\"https:\/\/www.clickrp.com.br\/portal\/2012\/10\/sertanejo-de-alta-tensao-joao-lucas-matheus-faz-show-no-sertao-eletrico-2012\/joao-lucas-mateus-4\/\" data-orig-file=\"https:\/\/i0.wp.com\/www.clickrp.com.br\/portal\/wp-content\/uploads\/2012\/10\/Jo%C3%A3o-Lucas-Mateus3.jpg?fit=324%2C484&amp;ssl=1\" data-orig-size=\"324,484\" data-comments-opened=\"1\" data-image-meta=\"{&quot;aperture&quot;:&quot;0&quot;,&quot;credit&quot;:&quot;&quot;,&quot;camera&quot;:&quot;&quot;,&quot;caption&quot;:&quot;&quot;,&quot;created_timestamp&quot;:&quot;0&quot;,&quot;copyright&quot;:&quot;&quot;,&quot;focal_length&quot;:&quot;0&quot;,&quot;iso&quot;:&quot;0&quot;,&quot;shutter_speed&quot;:&quot;0&quot;,&quot;title&quot;:&quot;&quot;}\" data-image-title=\"Jo\u00e3o Lucas &amp;#038; Mateus\" data-image-description=\"\" data-image-caption=\"\" data-medium-file=\"https:\/\/i0.wp.com\/www.clickrp.com.br\/portal\/wp-content\/uploads\/2012\/10\/Jo%C3%A3o-Lucas-Mateus3.jpg?fit=200%2C300&amp;ssl=1\" data-large-file=\"https:\/\/i0.wp.com\/www.clickrp.com.br\/portal\/wp-content\/uploads\/2012\/10\/Jo%C3%A3o-Lucas-Mateus3.jpg?fit=324%2C484&amp;ssl=1\" class=\"alignleft size-medium wp-image-2266\" title=\"Jo\u00e3o Lucas &amp; Mateus\" src=\"https:\/\/i0.wp.com\/www.clickrp.com.br\/portal\/wp-content\/uploads\/2012\/10\/Jo%C3%A3o-Lucas-Mateus3-200x300.jpg?resize=200%2C300\" alt=\"\" width=\"200\" height=\"300\" srcset=\"https:\/\/i0.wp.com\/www.clickrp.com.br\/portal\/wp-content\/uploads\/2012\/10\/Jo%C3%A3o-Lucas-Mateus3.jpg?resize=200%2C300&amp;ssl=1 200w, https:\/\/i0.wp.com\/www.clickrp.com.br\/portal\/wp-content\/uploads\/2012\/10\/Jo%C3%A3o-Lucas-Mateus3.jpg?w=324&amp;ssl=1 324w\" sizes=\"auto, (max-width: 200px) 100vw, 200px\" \/>Al\u00e9m da dupla de Ribeir\u00e3o Preto, evento ter\u00e1 Jorge &amp; Mateus e Jana Lima, no dia 01 de novembro, em Sert\u00e3ozinho<\/p>\n<p>No dia 01 de novembro, a cidade de Sert\u00e3zinho e toda a regi\u00e3o ter\u00e3o uma &#8220;potente carga el\u00e9trica&#8221; de sertanejo universit\u00e1rio e ax\u00e9: o Sert\u00e3o El\u00e9trico traz as duplas Jorge &amp; Mateus e Jo\u00e3o Lucas &amp; Matheus, para comandar os shows sertanejos do evento sobre um trio el\u00e9trico, e a cantora Jana Lima, para balan\u00e7ar a galera ao som do ax\u00e9. A abertura dos port\u00f5es do Centro de Eventos Zanini ser\u00e1 \u00e0s 22h.<\/p>\n<p>Jo\u00e3o Lucas &amp; Matheus \u00e9 uma dupla de Ribeir\u00e3o Preto que se consolida cada vez mais no cen\u00e1rio musical brasileiro, traduzindo o melhor da nova gera\u00e7\u00e3o do ritmo sertanejo. Com talento reconhecido e aprovado por onde passam, os cantores j\u00e1 realizaram shows em grandes eventos como a Festa do Pe\u00e3o de Barretos, Rodeio de Jaguari\u00fana, Carnabeir\u00e3o, entre outros, al\u00e9m de estarem entre os mais cotados para eventos sociais como festas, formaturas e casas de shows.<\/p>\n<p>\u201cEstamos muito felizes em cantar no Sert\u00e3o El\u00e9trico e \u00e9 claro que estamos concentrando muita energia positiva para proporcionar ao p\u00fablico uma noite de muita alegria e m\u00fasica\u201d, afirma a dupla.<\/p>\n<p>No Sert\u00e3o El\u00e9trico, Jo\u00e3o Lucas &amp; Matheus far\u00e1 o p\u00fablico dan\u00e7ar e cantar os seus grandes sucessos: \u201c\u00c9 Hoje\u201d, \u201cMe Erra\u201d, \u201cTo Fora\u201d e \u201cCi\u00fame\u201d, al\u00e9m das novas m\u00fasicas do terceiro CD que incluem \u201cFesta no Iate\u201d \u2013 can\u00e7\u00e3o que conta com a participa\u00e7\u00e3o do cantor Latino, \u201c#Ficaadica\u201d &#8211; de autoria da dupla, \u201cBeicinho\u201d, e a mais nova can\u00e7\u00e3o de trabalho: &#8220;Pr\u00edncipe Encantado.<\/p>\n<p>Servi\u00e7o:<\/p>\n<p>Evento: Sert\u00e3o El\u00e9trico<\/p>\n<p>Data: 01 de novembro de 2012<\/p>\n<p>Local: Centro de Eventos Zanini \u2013 em Sert\u00e3ozinho<\/p>\n<p>Abertura dos Port\u00f5es: A partir das 22h<\/p>\n<p>Mais informa\u00e7\u00f5es: http:\/\/www.sertaoeletrico.com.br\/<\/p>\n","protected":false},"excerpt":{"rendered":"<p>Al\u00e9m da dupla de Ribeir\u00e3o Preto, evento ter\u00e1 Jorge &amp; Mateus e Jana Lima, no dia 01 de novembro, em Sert\u00e3ozinho No dia 01 de novembro, a cidade de Sert\u00e3zinho e toda a regi\u00e3o ter\u00e3o uma &#8220;potente carga el\u00e9trica&#8221; de sertanejo universit\u00e1rio e ax\u00e9: o Sert\u00e3o El\u00e9trico traz as duplas Jorge &amp; Mateus e Jo\u00e3o Lucas &amp; Matheus, para comandar os shows sertanejos do evento sobre um trio el\u00e9trico, e a cantora Jana Lima, para balan\u00e7ar a galera ao som [&hellip;]<\/p>\n","protected":false},"author":1,"featured_media":0,"comment_status":"open","ping_status":"open","sticky":false,"template":"","format":"standard","meta":{"jetpack_post_was_ever_published":false,"_jetpack_newsletter_access":"","_jetpack_dont_email_post_to_subs":false,"_jetpack_newsletter_tier_id":0,"_jetpack_memberships_contains_paywalled_content":false,"_jetpack_memberships_contains_paid_content":false,"footnotes":"","jetpack_publicize_message":"","jetpack_publicize_feature_enabled":true,"jetpack_social_post_already_shared":false,"jetpack_social_options":{"image_generator_settings":{"template":"highway","enabled":false},"version":2}},"categories":[1],"tags":[],"class_list":["post-2265","post","type-post","status-publish","format-standard","hentry","category-noticias"],"jetpack_publicize_connections":[],"jetpack_sharing_enabled":true,"jetpack_featured_media_url":"","jetpack_shortlink":"https:\/\/wp.me\/p1Lzat-Ax","jetpack-related-posts":[],"_links":{"self":[{"href":"https:\/\/www.clickrp.com.br\/portal\/wp-json\/wp\/v2\/posts\/2265","targetHints":{"allow":["GET"]}}],"collection":[{"href":"https:\/\/www.clickrp.com.br\/portal\/wp-json\/wp\/v2\/posts"}],"about":[{"href":"https:\/\/www.clickrp.com.br\/portal\/wp-json\/wp\/v2\/types\/post"}],"author":[{"embeddable":true,"href":"https:\/\/www.clickrp.com.br\/portal\/wp-json\/wp\/v2\/users\/1"}],"replies":[{"embeddable":true,"href":"https:\/\/www.clickrp.com.br\/portal\/wp-json\/wp\/v2\/comments?post=2265"}],"version-history":[{"count":1,"href":"https:\/\/www.clickrp.com.br\/portal\/wp-json\/wp\/v2\/posts\/2265\/revisions"}],"predecessor-version":[{"id":2267,"href":"https:\/\/www.clickrp.com.br\/portal\/wp-json\/wp\/v2\/posts\/2265\/revisions\/2267"}],"wp:attachment":[{"href":"https:\/\/www.clickrp.com.br\/portal\/wp-json\/wp\/v2\/media?parent=2265"}],"wp:term":[{"taxonomy":"category","embeddable":true,"href":"https:\/\/www.clickrp.com.br\/portal\/wp-json\/wp\/v2\/categories?post=2265"},{"taxonomy":"post_tag","embeddable":true,"href":"https:\/\/www.clickrp.com.br\/portal\/wp-json\/wp\/v2\/tags?post=2265"}],"curies":[{"name":"wp","href":"https:\/\/api.w.org\/{rel}","templated":true}]}}