{"id":2261,"date":"2012-10-30T15:15:35","date_gmt":"2012-10-30T18:15:35","guid":{"rendered":"http:\/\/www.clickrp.com.br\/portal\/?p=2261"},"modified":"2015-09-28T05:25:42","modified_gmt":"2015-09-28T08:25:42","slug":"ivete-sangalo-apresenta-novo-disco-no-ribeirao-skol-folia","status":"publish","type":"post","link":"https:\/\/www.clickrp.com.br\/portal\/2012\/10\/ivete-sangalo-apresenta-novo-disco-no-ribeirao-skol-folia\/","title":{"rendered":"IVETE SANGALO APRESENTA NOVO DISCO NO RIBEIR\u00c3O SKOL FOLIA"},"content":{"rendered":"<p><img data-recalc-dims=\"1\" loading=\"lazy\" decoding=\"async\" data-attachment-id=\"2262\" data-permalink=\"https:\/\/www.clickrp.com.br\/portal\/2012\/10\/ivete-sangalo-apresenta-novo-disco-no-ribeirao-skol-folia\/fotos-ivete-sangalo-por-gui-paganini\/\" data-orig-file=\"https:\/\/i0.wp.com\/www.clickrp.com.br\/portal\/wp-content\/uploads\/2012\/10\/Fotos-Ivete-Sangalo-por-Gui-Paganini.jpg?fit=800%2C793&amp;ssl=1\" data-orig-size=\"800,793\" data-comments-opened=\"1\" data-image-meta=\"{&quot;aperture&quot;:&quot;11&quot;,&quot;credit&quot;:&quot;Thiago Auge&quot;,&quot;camera&quot;:&quot;Canon EOS 5D Mark III&quot;,&quot;caption&quot;:&quot;&quot;,&quot;created_timestamp&quot;:&quot;1345736141&quot;,&quot;copyright&quot;:&quot;&quot;,&quot;focal_length&quot;:&quot;32&quot;,&quot;iso&quot;:&quot;100&quot;,&quot;shutter_speed&quot;:&quot;0.005&quot;,&quot;title&quot;:&quot;&quot;}\" data-image-title=\"Fotos Ivete Sangalo por Gui Paganini\" data-image-description=\"\" data-image-caption=\"\" data-medium-file=\"https:\/\/i0.wp.com\/www.clickrp.com.br\/portal\/wp-content\/uploads\/2012\/10\/Fotos-Ivete-Sangalo-por-Gui-Paganini.jpg?fit=300%2C297&amp;ssl=1\" data-large-file=\"https:\/\/i0.wp.com\/www.clickrp.com.br\/portal\/wp-content\/uploads\/2012\/10\/Fotos-Ivete-Sangalo-por-Gui-Paganini.jpg?fit=800%2C793&amp;ssl=1\" class=\"alignleft size-medium wp-image-2262\" title=\"Fotos Ivete Sangalo por Gui Paganini\" src=\"https:\/\/i0.wp.com\/www.clickrp.com.br\/portal\/wp-content\/uploads\/2012\/10\/Fotos-Ivete-Sangalo-por-Gui-Paganini-300x297.jpg?resize=300%2C297\" alt=\"\" width=\"300\" height=\"297\" srcset=\"https:\/\/i0.wp.com\/www.clickrp.com.br\/portal\/wp-content\/uploads\/2012\/10\/Fotos-Ivete-Sangalo-por-Gui-Paganini.jpg?resize=300%2C297&amp;ssl=1 300w, https:\/\/i0.wp.com\/www.clickrp.com.br\/portal\/wp-content\/uploads\/2012\/10\/Fotos-Ivete-Sangalo-por-Gui-Paganini.jpg?resize=150%2C150&amp;ssl=1 150w, https:\/\/i0.wp.com\/www.clickrp.com.br\/portal\/wp-content\/uploads\/2012\/10\/Fotos-Ivete-Sangalo-por-Gui-Paganini.jpg?w=800&amp;ssl=1 800w\" sizes=\"auto, (max-width: 300px) 100vw, 300px\" \/>Musa apresenta pela primeira vez na cidade show do novo disco &#8220;Real Fantasia&#8221;<\/p>\n<p>A programa\u00e7\u00e3o da 6\u00aa edi\u00e7\u00e3o do Ribeir\u00e3o Skol Folia certamente \u00e9 uma das mais especiais do ano, e um dos motivos \u00e9 a presen\u00e7a da diva do ax\u00e9 Ivete Sangalo. A cantora baiana se apresenta no dia 10 de novembro, s\u00e1bado, no Parque Permanente de Exposi\u00e7\u00f5es.<\/p>\n<p>Al\u00e9m da musa baiana, no s\u00e1bado, tamb\u00e9m est\u00e3o confirmadas v\u00e1rias atra\u00e7\u00f5es nacionais, como Jo\u00e3o Lucas &amp; Matheus, Parangol\u00e9, Tomate e no Espa\u00e7o Teen, Restart, NX Zero. J\u00e1 no domingo, dia 11 de novembro, participam do evento, o grupo carioca Monobloco, Jo\u00e3o Carreiro &amp; Capataz, Babado Novo e Tuca Fernandes. E para a garotada, a banda Play Vinil e o cantor Fiuk.<br \/>\nIvete Sangalo lan\u00e7ou, em outubro, um novo disco de m\u00fasicas in\u00e9ditas, \u201cReal Fantasia\u201d, seu 7\u00ba \u00e1lbum gravado em est\u00fadio. Madura, experiente e dona de uma voz absoluta, a cantora j\u00e1 conquistou o Brasil de ponta a ponta, nesses 20 anos de carreira e garante que o show ser\u00e1 marcante. \u201cEstamos incluindo m\u00fasicas novas no repert\u00f3rio, que fazem parte do disco novo. Espero que o p\u00fablico j\u00e1 conhe\u00e7a as m\u00fasicas! Vai ser uma festa massa, podem esperar\u201d, garante.<br \/>\nAs novas can\u00e7\u00f5es \u201cNo brilho desse olhar\u201d, \u201cReal fantasia\u201d, \u201cDan\u00e7ando\u201d, s\u00e3o algumas novidades que ser\u00e3o apresentadas pela cantora, que ressalta tamb\u00e9m a energia positiva que recebe do p\u00fablico de Ribeir\u00e3o Preto. \u201cOs shows que eu fa\u00e7o em Ribeir\u00e3o s\u00e3o sempre memor\u00e1veis. Fico numa expectativa massa de ir, reencontrar meus f\u00e3s e cantar. Tenho uma rela\u00e7\u00e3o muito legal com a cidade, com o p\u00fablico. Estou ansiosa, querendo que chegue logo e que tudo seja lindo, como sempre \u00e9\u201d, conta Ivete.<br \/>\n<img data-recalc-dims=\"1\" loading=\"lazy\" decoding=\"async\" data-attachment-id=\"2263\" data-permalink=\"https:\/\/www.clickrp.com.br\/portal\/2012\/10\/ivete-sangalo-apresenta-novo-disco-no-ribeirao-skol-folia\/fotos-ivete-sangalo-por-gui-paganini-1\/\" data-orig-file=\"https:\/\/i0.wp.com\/www.clickrp.com.br\/portal\/wp-content\/uploads\/2012\/10\/Fotos-Ivete-Sangalo-por-Gui-Paganini-1.jpg?fit=768%2C793&amp;ssl=1\" data-orig-size=\"768,793\" data-comments-opened=\"1\" data-image-meta=\"{&quot;aperture&quot;:&quot;11&quot;,&quot;credit&quot;:&quot;Thiago Auge&quot;,&quot;camera&quot;:&quot;Canon EOS 5D Mark III&quot;,&quot;caption&quot;:&quot;&quot;,&quot;created_timestamp&quot;:&quot;1345736981&quot;,&quot;copyright&quot;:&quot;&quot;,&quot;focal_length&quot;:&quot;27&quot;,&quot;iso&quot;:&quot;100&quot;,&quot;shutter_speed&quot;:&quot;0.005&quot;,&quot;title&quot;:&quot;&quot;}\" data-image-title=\"Fotos Ivete Sangalo por Gui Paganini\" data-image-description=\"\" data-image-caption=\"\" data-medium-file=\"https:\/\/i0.wp.com\/www.clickrp.com.br\/portal\/wp-content\/uploads\/2012\/10\/Fotos-Ivete-Sangalo-por-Gui-Paganini-1.jpg?fit=290%2C300&amp;ssl=1\" data-large-file=\"https:\/\/i0.wp.com\/www.clickrp.com.br\/portal\/wp-content\/uploads\/2012\/10\/Fotos-Ivete-Sangalo-por-Gui-Paganini-1.jpg?fit=768%2C793&amp;ssl=1\" class=\"alignleft size-medium wp-image-2263\" title=\"Fotos Ivete Sangalo por Gui Paganini\" src=\"https:\/\/i0.wp.com\/www.clickrp.com.br\/portal\/wp-content\/uploads\/2012\/10\/Fotos-Ivete-Sangalo-por-Gui-Paganini-1-290x300.jpg?resize=290%2C300\" alt=\"\" width=\"290\" height=\"300\" srcset=\"https:\/\/i0.wp.com\/www.clickrp.com.br\/portal\/wp-content\/uploads\/2012\/10\/Fotos-Ivete-Sangalo-por-Gui-Paganini-1.jpg?resize=290%2C300&amp;ssl=1 290w, https:\/\/i0.wp.com\/www.clickrp.com.br\/portal\/wp-content\/uploads\/2012\/10\/Fotos-Ivete-Sangalo-por-Gui-Paganini-1.jpg?w=768&amp;ssl=1 768w\" sizes=\"auto, (max-width: 290px) 100vw, 290px\" \/>Oportunidade imperd\u00edvel para conhecer ou rever o show da cantora mais popular do Brasil, que revela ainda a \u00f3tima receptividade do p\u00fablico da cidade. \u201cRibeir\u00e3o me recebe sempre com muito amor. Sinto falta mesmo quando demoro pra fazer shows a\u00ed, porque \u00e9 uma energia muito positiva que rola. Mas, em novembro eu estou chegando para matar a saudade\u201d, finaliza.<\/p>\n<p>Evento completo<br \/>\nO Ribeir\u00e3o Skol Folia ter\u00e1, al\u00e9m dos ingressos para a pista, v\u00e1rias op\u00e7\u00f5es para curtir a folia de maneira diferenciada em camarotes super luxuosos: RP Premium e Ribeir\u00e3o Skol Folia e Camarote da Alegria.<br \/>\nOutra novidade deste ano \u00e9 o Espa\u00e7o Teen, criado para receber adolescentes menores de idade, de at\u00e9 16 anos, desacompanhados (que poder\u00e3o circular apenas no Espa\u00e7o Teen), e menores de 16 anos, acompanhados pelo pai ou respons\u00e1vel, que poder\u00e3o adquirir seus convites a pre\u00e7os especiais.<\/p>\n<p>Servi\u00e7o<br \/>\nRibeir\u00e3o Skol Folia<br \/>\nData: 10 e 11 de novembro<br \/>\nHor\u00e1rio: s\u00e1bado: a partir das 16h (Espa\u00e7o Teen) e 20h (demais shows) e domingo: a partir das 15h (Espa\u00e7o Teen) e 19h (demais shows).<br \/>\nLocal: Parque Permanente de Exposi\u00e7\u00f5es<br \/>\nIngressos: Yup Ingressos, NETtickets e Agito 10.<br \/>\nPontos fixos: RP Fitness (Rua Guaruj\u00e1, 27 \u2013 Jardim Paulista), Burger King (Avenida Independ\u00eancia, 1.853) e Chapelaria Garcia, no mercad\u00e3o.<\/p>\n<p>Mais informa\u00e7\u00f5es: (16) 3421-8176 ou www.ribeiraoskolfolia.com.br<\/p>\n","protected":false},"excerpt":{"rendered":"<p>Musa apresenta pela primeira vez na cidade show do novo disco &#8220;Real Fantasia&#8221; A programa\u00e7\u00e3o da 6\u00aa edi\u00e7\u00e3o do Ribeir\u00e3o Skol Folia certamente \u00e9 uma das mais especiais do ano, e um dos motivos \u00e9 a presen\u00e7a da diva do ax\u00e9 Ivete Sangalo. A cantora baiana se apresenta no dia 10 de novembro, s\u00e1bado, no Parque Permanente de Exposi\u00e7\u00f5es. Al\u00e9m da musa baiana, no s\u00e1bado, tamb\u00e9m est\u00e3o confirmadas v\u00e1rias atra\u00e7\u00f5es nacionais, como Jo\u00e3o Lucas &amp; Matheus, Parangol\u00e9, Tomate e no [&hellip;]<\/p>\n","protected":false},"author":1,"featured_media":0,"comment_status":"open","ping_status":"open","sticky":false,"template":"","format":"standard","meta":{"jetpack_post_was_ever_published":false,"_jetpack_newsletter_access":"","_jetpack_dont_email_post_to_subs":false,"_jetpack_newsletter_tier_id":0,"_jetpack_memberships_contains_paywalled_content":false,"_jetpack_memberships_contains_paid_content":false,"footnotes":"","jetpack_publicize_message":"","jetpack_publicize_feature_enabled":true,"jetpack_social_post_already_shared":true,"jetpack_social_options":{"image_generator_settings":{"template":"highway","enabled":false},"version":2}},"categories":[1],"tags":[],"class_list":["post-2261","post","type-post","status-publish","format-standard","hentry","category-noticias"],"jetpack_publicize_connections":[],"jetpack_sharing_enabled":true,"jetpack_featured_media_url":"","jetpack_shortlink":"https:\/\/wp.me\/p1Lzat-At","jetpack-related-posts":[],"_links":{"self":[{"href":"https:\/\/www.clickrp.com.br\/portal\/wp-json\/wp\/v2\/posts\/2261","targetHints":{"allow":["GET"]}}],"collection":[{"href":"https:\/\/www.clickrp.com.br\/portal\/wp-json\/wp\/v2\/posts"}],"about":[{"href":"https:\/\/www.clickrp.com.br\/portal\/wp-json\/wp\/v2\/types\/post"}],"author":[{"embeddable":true,"href":"https:\/\/www.clickrp.com.br\/portal\/wp-json\/wp\/v2\/users\/1"}],"replies":[{"embeddable":true,"href":"https:\/\/www.clickrp.com.br\/portal\/wp-json\/wp\/v2\/comments?post=2261"}],"version-history":[{"count":1,"href":"https:\/\/www.clickrp.com.br\/portal\/wp-json\/wp\/v2\/posts\/2261\/revisions"}],"predecessor-version":[{"id":2264,"href":"https:\/\/www.clickrp.com.br\/portal\/wp-json\/wp\/v2\/posts\/2261\/revisions\/2264"}],"wp:attachment":[{"href":"https:\/\/www.clickrp.com.br\/portal\/wp-json\/wp\/v2\/media?parent=2261"}],"wp:term":[{"taxonomy":"category","embeddable":true,"href":"https:\/\/www.clickrp.com.br\/portal\/wp-json\/wp\/v2\/categories?post=2261"},{"taxonomy":"post_tag","embeddable":true,"href":"https:\/\/www.clickrp.com.br\/portal\/wp-json\/wp\/v2\/tags?post=2261"}],"curies":[{"name":"wp","href":"https:\/\/api.w.org\/{rel}","templated":true}]}}