{"id":2248,"date":"2012-10-25T14:10:27","date_gmt":"2012-10-25T17:10:27","guid":{"rendered":"http:\/\/www.clickrp.com.br\/portal\/?p=2248"},"modified":"2015-09-28T05:25:42","modified_gmt":"2015-09-28T08:25:42","slug":"ribeirao-country-fest-jorge-mateus-e-cesar-menotti-fabiano-sao-as-primeiras-atracoes-confirmadas-no-evento","status":"publish","type":"post","link":"https:\/\/www.clickrp.com.br\/portal\/2012\/10\/ribeirao-country-fest-jorge-mateus-e-cesar-menotti-fabiano-sao-as-primeiras-atracoes-confirmadas-no-evento\/","title":{"rendered":"Ribeir\u00e3o Country Fest: Jorge &#038; Mateus e Cesar Menotti &#038; Fabiano s\u00e3o as primeiras atra\u00e7\u00f5es confirmadas no evento"},"content":{"rendered":"<p><img data-recalc-dims=\"1\" loading=\"lazy\" decoding=\"async\" data-attachment-id=\"2249\" data-permalink=\"https:\/\/www.clickrp.com.br\/portal\/2012\/10\/ribeirao-country-fest-jorge-mateus-e-cesar-menotti-fabiano-sao-as-primeiras-atracoes-confirmadas-no-evento\/jorge-mateus\/\" data-orig-file=\"https:\/\/i0.wp.com\/www.clickrp.com.br\/portal\/wp-content\/uploads\/2012\/10\/Jorge-Mateus.jpeg?fit=350%2C467&amp;ssl=1\" data-orig-size=\"350,467\" data-comments-opened=\"1\" data-image-meta=\"{&quot;aperture&quot;:&quot;0&quot;,&quot;credit&quot;:&quot;&quot;,&quot;camera&quot;:&quot;&quot;,&quot;caption&quot;:&quot;&quot;,&quot;created_timestamp&quot;:&quot;0&quot;,&quot;copyright&quot;:&quot;&quot;,&quot;focal_length&quot;:&quot;0&quot;,&quot;iso&quot;:&quot;0&quot;,&quot;shutter_speed&quot;:&quot;0&quot;,&quot;title&quot;:&quot;&quot;}\" data-image-title=\"Jorge &amp;#038; Mateus\" data-image-description=\"\" data-image-caption=\"\" data-medium-file=\"https:\/\/i0.wp.com\/www.clickrp.com.br\/portal\/wp-content\/uploads\/2012\/10\/Jorge-Mateus.jpeg?fit=224%2C300&amp;ssl=1\" data-large-file=\"https:\/\/i0.wp.com\/www.clickrp.com.br\/portal\/wp-content\/uploads\/2012\/10\/Jorge-Mateus.jpeg?fit=350%2C467&amp;ssl=1\" class=\"alignleft size-medium wp-image-2249\" title=\"Jorge &amp; Mateus\" src=\"https:\/\/i0.wp.com\/www.clickrp.com.br\/portal\/wp-content\/uploads\/2012\/10\/Jorge-Mateus-224x300.jpeg?resize=224%2C300\" alt=\"\" width=\"224\" height=\"300\" srcset=\"https:\/\/i0.wp.com\/www.clickrp.com.br\/portal\/wp-content\/uploads\/2012\/10\/Jorge-Mateus.jpeg?resize=224%2C300&amp;ssl=1 224w, https:\/\/i0.wp.com\/www.clickrp.com.br\/portal\/wp-content\/uploads\/2012\/10\/Jorge-Mateus.jpeg?w=350&amp;ssl=1 350w\" sizes=\"auto, (max-width: 224px) 100vw, 224px\" \/>Dupla Humberto &amp; Ronaldo tamb\u00e9m est\u00e1 confirmada para o \u00faltimo grande evento sertanejo do ano no Brasil; Uma das novidades deste ano \u00e9 a programa\u00e7\u00e3o com 12 horas de m\u00fasica sem intervalo<\/p>\n<p>Jorge &amp; Mateus, C\u00e9sar Menotti &amp; Fabiano e Humberto &amp; Ronaldo s\u00e3o as primeiras atra\u00e7\u00f5es confirmadas para o Ribeir\u00e3o Country Fest. A balada sertaneja acontece no dia 15 de dezembro, a partir das 20h, no Parque Permanente de Exposi\u00e7\u00f5es de Ribeir\u00e3o Preto.<\/p>\n<p>Considerado o \u00faltimo grande evento sertanejo do Brasil de 2012, o Ribeir\u00e3o Country Fest traz inova\u00e7\u00f5es a cada edi\u00e7\u00e3o, consagrando-se como uma festa de sucesso e que atrai pessoas de todo o Pa\u00eds. No ano passado, al\u00e9m das atra\u00e7\u00f5es de peso como Luan Santana, Fernando &amp; Sorocaba, Guilherme &amp; Santiago e Eduardo Costa, o p\u00fablico de 24 mil pessoas curtiu 10 horas de programa\u00e7\u00e3o musical ao vivo e, tamb\u00e9m, teve a oportunidade de ver a chegada dos artistas ao palco atrav\u00e9s de uma passarela ligada ao camarim.<\/p>\n<p>Em 2012, uma das novidades \u00e9 a presen\u00e7a de mais cantores sertanejos, estendendo a programa\u00e7\u00e3o para 12 horas seguidas de m\u00fasicas. \u201cA expectativa \u00e9 receber um p\u00fablico de 28 mil pessoas. Pretendemos fazer parcerias com r\u00e1dios de toda regi\u00e3o para que os ouvintes participem de promo\u00e7\u00f5es e venham ao evento. Tamb\u00e9m estamos preparando a\u00e7\u00f5es diversas de intera\u00e7\u00e3o com o p\u00fablico\u201d, informa F\u00e1bio Mollero, um dos organizadores do Ribeir\u00e3o Country Fest, revelando que um novo layout est\u00e1 em estudo para esta edi\u00e7\u00e3o do evento, \u201cmas isso ser\u00e1 divulgado nas pr\u00f3ximas oportunidades junto com as outras atra\u00e7\u00f5es\u201d, diz F\u00e1bio.<\/p>\n<p>A programa\u00e7\u00e3o contar\u00e1 ainda com DJs nacionais e internacionais.<\/p>\n<p>O Ribeir\u00e3o Country Fest \u00e9 realizado pelo Viola Show e Casa Grande Eventos, com o patroc\u00ednio de Bavaria.<\/p>\n","protected":false},"excerpt":{"rendered":"<p>Dupla Humberto &amp; Ronaldo tamb\u00e9m est\u00e1 confirmada para o \u00faltimo grande evento sertanejo do ano no Brasil; Uma das novidades deste ano \u00e9 a programa\u00e7\u00e3o com 12 horas de m\u00fasica sem intervalo Jorge &amp; Mateus, C\u00e9sar Menotti &amp; Fabiano e Humberto &amp; Ronaldo s\u00e3o as primeiras atra\u00e7\u00f5es confirmadas para o Ribeir\u00e3o Country Fest. A balada sertaneja acontece no dia 15 de dezembro, a partir das 20h, no Parque Permanente de Exposi\u00e7\u00f5es de Ribeir\u00e3o Preto. Considerado o \u00faltimo grande evento sertanejo [&hellip;]<\/p>\n","protected":false},"author":1,"featured_media":0,"comment_status":"open","ping_status":"open","sticky":false,"template":"","format":"standard","meta":{"jetpack_post_was_ever_published":false,"_jetpack_newsletter_access":"","_jetpack_dont_email_post_to_subs":false,"_jetpack_newsletter_tier_id":0,"_jetpack_memberships_contains_paywalled_content":false,"_jetpack_memberships_contains_paid_content":false,"footnotes":"","jetpack_publicize_message":"","jetpack_publicize_feature_enabled":true,"jetpack_social_post_already_shared":false,"jetpack_social_options":{"image_generator_settings":{"template":"highway","enabled":false},"version":2}},"categories":[1],"tags":[],"class_list":["post-2248","post","type-post","status-publish","format-standard","hentry","category-noticias"],"jetpack_publicize_connections":[],"jetpack_sharing_enabled":true,"jetpack_featured_media_url":"","jetpack_shortlink":"https:\/\/wp.me\/p1Lzat-Ag","jetpack-related-posts":[],"_links":{"self":[{"href":"https:\/\/www.clickrp.com.br\/portal\/wp-json\/wp\/v2\/posts\/2248","targetHints":{"allow":["GET"]}}],"collection":[{"href":"https:\/\/www.clickrp.com.br\/portal\/wp-json\/wp\/v2\/posts"}],"about":[{"href":"https:\/\/www.clickrp.com.br\/portal\/wp-json\/wp\/v2\/types\/post"}],"author":[{"embeddable":true,"href":"https:\/\/www.clickrp.com.br\/portal\/wp-json\/wp\/v2\/users\/1"}],"replies":[{"embeddable":true,"href":"https:\/\/www.clickrp.com.br\/portal\/wp-json\/wp\/v2\/comments?post=2248"}],"version-history":[{"count":2,"href":"https:\/\/www.clickrp.com.br\/portal\/wp-json\/wp\/v2\/posts\/2248\/revisions"}],"predecessor-version":[{"id":6291,"href":"https:\/\/www.clickrp.com.br\/portal\/wp-json\/wp\/v2\/posts\/2248\/revisions\/6291"}],"wp:attachment":[{"href":"https:\/\/www.clickrp.com.br\/portal\/wp-json\/wp\/v2\/media?parent=2248"}],"wp:term":[{"taxonomy":"category","embeddable":true,"href":"https:\/\/www.clickrp.com.br\/portal\/wp-json\/wp\/v2\/categories?post=2248"},{"taxonomy":"post_tag","embeddable":true,"href":"https:\/\/www.clickrp.com.br\/portal\/wp-json\/wp\/v2\/tags?post=2248"}],"curies":[{"name":"wp","href":"https:\/\/api.w.org\/{rel}","templated":true}]}}