{"id":2203,"date":"2012-10-18T15:55:24","date_gmt":"2012-10-18T18:55:24","guid":{"rendered":"http:\/\/www.clickrp.com.br\/portal\/?p=2203"},"modified":"2015-09-28T05:26:03","modified_gmt":"2015-09-28T08:26:03","slug":"joao-lucas-matheus-leva-o-melhor-do-sertanejo-universitario-para-sao-carlos","status":"publish","type":"post","link":"https:\/\/www.clickrp.com.br\/portal\/2012\/10\/joao-lucas-matheus-leva-o-melhor-do-sertanejo-universitario-para-sao-carlos\/","title":{"rendered":"Jo\u00e3o Lucas &#038; Matheus leva o melhor do sertanejo universit\u00e1rio para S\u00e3o Carlos"},"content":{"rendered":"<p><img data-recalc-dims=\"1\" loading=\"lazy\" decoding=\"async\" data-attachment-id=\"2204\" data-permalink=\"https:\/\/www.clickrp.com.br\/portal\/2012\/10\/joao-lucas-matheus-leva-o-melhor-do-sertanejo-universitario-para-sao-carlos\/joao-lucas-mateus-2\/\" data-orig-file=\"https:\/\/i0.wp.com\/www.clickrp.com.br\/portal\/wp-content\/uploads\/2012\/10\/Jo%C3%A3o-Lucas-Mateus1.jpg?fit=533%2C800&amp;ssl=1\" data-orig-size=\"533,800\" data-comments-opened=\"1\" data-image-meta=\"{&quot;aperture&quot;:&quot;0&quot;,&quot;credit&quot;:&quot;&quot;,&quot;camera&quot;:&quot;&quot;,&quot;caption&quot;:&quot;&quot;,&quot;created_timestamp&quot;:&quot;0&quot;,&quot;copyright&quot;:&quot;&quot;,&quot;focal_length&quot;:&quot;0&quot;,&quot;iso&quot;:&quot;0&quot;,&quot;shutter_speed&quot;:&quot;0&quot;,&quot;title&quot;:&quot;&quot;}\" data-image-title=\"Jo\u00e3o Lucas &amp;#038; Mateus\" data-image-description=\"\" data-image-caption=\"\" data-medium-file=\"https:\/\/i0.wp.com\/www.clickrp.com.br\/portal\/wp-content\/uploads\/2012\/10\/Jo%C3%A3o-Lucas-Mateus1.jpg?fit=199%2C300&amp;ssl=1\" data-large-file=\"https:\/\/i0.wp.com\/www.clickrp.com.br\/portal\/wp-content\/uploads\/2012\/10\/Jo%C3%A3o-Lucas-Mateus1.jpg?fit=533%2C800&amp;ssl=1\" class=\"alignleft size-medium wp-image-2204\" title=\"Jo\u00e3o Lucas &amp; Mateus\" src=\"https:\/\/i0.wp.com\/www.clickrp.com.br\/portal\/wp-content\/uploads\/2012\/10\/Jo%C3%A3o-Lucas-Mateus1-199x300.jpg?resize=199%2C300\" alt=\"\" width=\"199\" height=\"300\" srcset=\"https:\/\/i0.wp.com\/www.clickrp.com.br\/portal\/wp-content\/uploads\/2012\/10\/Jo%C3%A3o-Lucas-Mateus1.jpg?resize=199%2C300&amp;ssl=1 199w, https:\/\/i0.wp.com\/www.clickrp.com.br\/portal\/wp-content\/uploads\/2012\/10\/Jo%C3%A3o-Lucas-Mateus1.jpg?w=533&amp;ssl=1 533w\" sizes=\"auto, (max-width: 199px) 100vw, 199px\" \/>Dupla de Ribeir\u00e3o Preto movimentar\u00e1 a noite dos s\u00e3ocarlenses na casa noturna Banana Brasil, no s\u00e1bado &#8211; 20 de outubro<\/p>\n<p>Ser\u00e1 na casa noturna Banana Brasil, a partir das 22h, que a dupla Jo\u00e3o Lucas &amp; Matheus vai agitar a noite da cidade de S\u00e3o Carlos neste s\u00e1bado, 20 de outubro. Com presen\u00e7a frequente no munic\u00edpio, os cantores levar\u00e3o mais uma vez o melhor do sertanejo universit\u00e1rio, mostrando o porqu\u00ea a dupla vem se revelando cada vez mais no cen\u00e1rio nacional da m\u00fasica.<\/p>\n<p>Jo\u00e3o Lucas &amp; Matheus tocar\u00e1 sucessos que j\u00e1 integram as mais pedidas nas r\u00e1dios sertanejas de todo o Brasil como \u201cMe Erra\u201d, \u201c\u00c9 Hoje\u201d, \u201cT\u00f4 Fora\u201d, \u201cCi\u00fame\u201d. O p\u00fablico tamb\u00e9m ser\u00e1 embalado ao som da \u201cFesta no Iate\u201d, can\u00e7\u00e3o que conta com a participa\u00e7\u00e3o especial do cantor Latino, e das m\u00fasicas do terceiro CD que ser\u00e1 lan\u00e7ado at\u00e9 o final deste ano, como \u201c#Ficaadica\u201d, \u201cBeicinho\u201d e a mais nova can\u00e7\u00e3o de trabalho da dupla: \u201cPr\u00edncipe Encantado\u201d.<\/p>\n<p>\u201cA cidade de S\u00e3o Carlos nos recebe com muito carinho, por isso sentimos enorme satisfa\u00e7\u00e3o em cantar e garantir uma noite de muita m\u00fasica e anima\u00e7\u00e3o para o pessoal de l\u00e1\u201d, diz a dupla.<\/p>\n<p>Jo\u00e3o Lucas &amp; Matheus<\/p>\n<p>Formada em 2004, a dupla Jo\u00e3o Lucas &amp; Matheus j\u00e1 conquistou um grande p\u00fablico apaixonado pelo seu trabalho. Al\u00e9m de ter suas can\u00e7\u00f5es entre as mais pedidas nas r\u00e1dios sertanejas do Brasil, a dupla est\u00e1 entre as mais cotadas para festas, formaturas e casas de shows. Somente no estado de S\u00e3o Paulo, os cantores j\u00e1 registraram presen\u00e7a em eventos renomados como a Festa do Pe\u00e3o de Barretos, Rodeio de Jaguari\u00fana, Carnabeir\u00e3o, entre outros, al\u00e9m de festas realizadas em outros estados brasileiros. Ainda neste ano, a dupla ser\u00e1 atra\u00e7\u00e3o no Skol Folia juntamente com Ivete Sangalo em Ribeir\u00e3o Preto.<\/p>\n","protected":false},"excerpt":{"rendered":"<p>Dupla de Ribeir\u00e3o Preto movimentar\u00e1 a noite dos s\u00e3ocarlenses na casa noturna Banana Brasil, no s\u00e1bado &#8211; 20 de outubro Ser\u00e1 na casa noturna Banana Brasil, a partir das 22h, que a dupla Jo\u00e3o Lucas &amp; Matheus vai agitar a noite da cidade de S\u00e3o Carlos neste s\u00e1bado, 20 de outubro. Com presen\u00e7a frequente no munic\u00edpio, os cantores levar\u00e3o mais uma vez o melhor do sertanejo universit\u00e1rio, mostrando o porqu\u00ea a dupla vem se revelando cada vez mais no cen\u00e1rio [&hellip;]<\/p>\n","protected":false},"author":1,"featured_media":0,"comment_status":"open","ping_status":"open","sticky":false,"template":"","format":"standard","meta":{"jetpack_post_was_ever_published":false,"_jetpack_newsletter_access":"","_jetpack_dont_email_post_to_subs":false,"_jetpack_newsletter_tier_id":0,"_jetpack_memberships_contains_paywalled_content":false,"_jetpack_memberships_contains_paid_content":false,"footnotes":"","jetpack_publicize_message":"","jetpack_publicize_feature_enabled":true,"jetpack_social_post_already_shared":false,"jetpack_social_options":{"image_generator_settings":{"template":"highway","enabled":false},"version":2}},"categories":[1],"tags":[],"class_list":["post-2203","post","type-post","status-publish","format-standard","hentry","category-noticias"],"jetpack_publicize_connections":[],"jetpack_sharing_enabled":true,"jetpack_featured_media_url":"","jetpack_shortlink":"https:\/\/wp.me\/p1Lzat-zx","jetpack-related-posts":[],"_links":{"self":[{"href":"https:\/\/www.clickrp.com.br\/portal\/wp-json\/wp\/v2\/posts\/2203","targetHints":{"allow":["GET"]}}],"collection":[{"href":"https:\/\/www.clickrp.com.br\/portal\/wp-json\/wp\/v2\/posts"}],"about":[{"href":"https:\/\/www.clickrp.com.br\/portal\/wp-json\/wp\/v2\/types\/post"}],"author":[{"embeddable":true,"href":"https:\/\/www.clickrp.com.br\/portal\/wp-json\/wp\/v2\/users\/1"}],"replies":[{"embeddable":true,"href":"https:\/\/www.clickrp.com.br\/portal\/wp-json\/wp\/v2\/comments?post=2203"}],"version-history":[{"count":2,"href":"https:\/\/www.clickrp.com.br\/portal\/wp-json\/wp\/v2\/posts\/2203\/revisions"}],"predecessor-version":[{"id":6292,"href":"https:\/\/www.clickrp.com.br\/portal\/wp-json\/wp\/v2\/posts\/2203\/revisions\/6292"}],"wp:attachment":[{"href":"https:\/\/www.clickrp.com.br\/portal\/wp-json\/wp\/v2\/media?parent=2203"}],"wp:term":[{"taxonomy":"category","embeddable":true,"href":"https:\/\/www.clickrp.com.br\/portal\/wp-json\/wp\/v2\/categories?post=2203"},{"taxonomy":"post_tag","embeddable":true,"href":"https:\/\/www.clickrp.com.br\/portal\/wp-json\/wp\/v2\/tags?post=2203"}],"curies":[{"name":"wp","href":"https:\/\/api.w.org\/{rel}","templated":true}]}}