{"id":1416,"date":"2012-05-04T16:30:44","date_gmt":"2012-05-04T19:30:44","guid":{"rendered":"http:\/\/www.clickrp.com.br\/portal\/?p=1416"},"modified":"2015-09-28T05:29:28","modified_gmt":"2015-09-28T08:29:28","slug":"12a-feira-nacional-do-livro-de-ribeirao-preto-apresentou-programacao-completa-para-autoridades-e-convidados","status":"publish","type":"post","link":"https:\/\/www.clickrp.com.br\/portal\/2012\/05\/12a-feira-nacional-do-livro-de-ribeirao-preto-apresentou-programacao-completa-para-autoridades-e-convidados\/","title":{"rendered":"12\u00aa Feira Nacional do Livro de Ribeir\u00e3o Preto apresentou programa\u00e7\u00e3o completa para autoridades e convidados"},"content":{"rendered":"<p><img data-recalc-dims=\"1\" loading=\"lazy\" decoding=\"async\" data-attachment-id=\"1417\" data-permalink=\"https:\/\/www.clickrp.com.br\/portal\/2012\/05\/12a-feira-nacional-do-livro-de-ribeirao-preto-apresentou-programacao-completa-para-autoridades-e-convidados\/mateuszf_04052012_feira_do_livro_medium\/\" data-orig-file=\"https:\/\/i0.wp.com\/www.clickrp.com.br\/portal\/wp-content\/uploads\/2012\/05\/mateuszf_04052012_feira_do_livro_medium.jpg?fit=800%2C533&amp;ssl=1\" data-orig-size=\"800,533\" data-comments-opened=\"1\" data-image-meta=\"{&quot;aperture&quot;:&quot;5.6&quot;,&quot;credit&quot;:&quot;&quot;,&quot;camera&quot;:&quot;Canon EOS REBEL T1i&quot;,&quot;caption&quot;:&quot;&quot;,&quot;created_timestamp&quot;:&quot;1336125398&quot;,&quot;copyright&quot;:&quot;&quot;,&quot;focal_length&quot;:&quot;10&quot;,&quot;iso&quot;:&quot;800&quot;,&quot;shutter_speed&quot;:&quot;0.008&quot;,&quot;title&quot;:&quot;&quot;}\" data-image-title=\"Cr\u00e9dito Fotos: MateusZF\" data-image-description=\"\" data-image-caption=\"\" data-medium-file=\"https:\/\/i0.wp.com\/www.clickrp.com.br\/portal\/wp-content\/uploads\/2012\/05\/mateuszf_04052012_feira_do_livro_medium.jpg?fit=300%2C199&amp;ssl=1\" data-large-file=\"https:\/\/i0.wp.com\/www.clickrp.com.br\/portal\/wp-content\/uploads\/2012\/05\/mateuszf_04052012_feira_do_livro_medium.jpg?fit=800%2C533&amp;ssl=1\" class=\"alignleft size-medium wp-image-1417\" title=\"Cr\u00e9dito Fotos: MateusZF\" src=\"https:\/\/i0.wp.com\/www.clickrp.com.br\/portal\/wp-content\/uploads\/2012\/05\/mateuszf_04052012_feira_do_livro_medium-300x199.jpg?resize=300%2C199\" alt=\"\" width=\"300\" height=\"199\" srcset=\"https:\/\/i0.wp.com\/www.clickrp.com.br\/portal\/wp-content\/uploads\/2012\/05\/mateuszf_04052012_feira_do_livro_medium.jpg?resize=300%2C200&amp;ssl=1 300w, https:\/\/i0.wp.com\/www.clickrp.com.br\/portal\/wp-content\/uploads\/2012\/05\/mateuszf_04052012_feira_do_livro_medium.jpg?w=800&amp;ssl=1 800w\" sizes=\"auto, (max-width: 300px) 100vw, 300px\" \/>Evento lotou o sal\u00e3o nobre da Prefeitura de Ribeir\u00e3o Preto. Feira espera p\u00fablico superior a 550 mil pessoas que prestigiar\u00e3o mais de 600 atividades gratuitas em 11 dias de evento<\/p>\n<p>Na manh\u00e3 desta sexta-feira (4) ocorreu lan\u00e7amento da revista da programa\u00e7\u00e3o da 12\u00aa Feira Nacional do Livro de Ribeir\u00e3o Preto, evento que deve reunir, no per\u00edodo de 24 de maio a 3 de junho, cerca 550 mil pessoas e 190 escritores.<\/p>\n<p>Participaram autoridades ligadas a Funda\u00e7\u00e3o Feira do Livro de Ribeir\u00e3o Preto, Prefeitura Municipal, C\u00e2mara de Vereadores, Secretarias de Educa\u00e7\u00e3o e da Cultura, Instituto do Livro e da Funda\u00e7\u00e3o Dom Pedro II, imprensa e convidados.<\/p>\n<p>A Vice-Presidente da Funda\u00e7\u00e3o Feira do Livro, Heliana Silva Palocci destacou os grandes diferenciais do evento de Ribeir\u00e3o Preto. \u201c\u00c9 uma das maiores feiras a c\u00e9u aberto do mundo, ocorre em v\u00e1rios lugares da cidade simultaneamente e oferece atividades para todos os perfis de p\u00fablicos, com espa\u00e7os que realizam desde atividades para crian\u00e7as, at\u00e9 os que envolvem jovens e adultos. Tudo isso com entrada gratuita\u201d, disse.<\/p>\n<p>A prefeita de Ribeir\u00e3o Preto, D\u00e1rcy Vera, ressaltou a import\u00e2ncia do projeto \u201cCheque Livrinho\u201d que vai beneficiar 78 mil crian\u00e7as de escolas municipais e estaduais de Ribeir\u00e3o Preto e regi\u00e3o com um vale livro no valor de R$ 18,00 por aluno. \u201cA iniciativa \u00e9 importante, pois d\u00e1 a crian\u00e7a o direito de comprar o livro de sua prefer\u00eancia durante a Feira, incentivando o gosto e o h\u00e1bito da leitura\u201d, afirmou a Prefeita.<\/p>\n<p>Programa\u00e7\u00e3o<\/p>\n<p>Os autores participar\u00e3o de atividades divididas na programa\u00e7\u00e3o em Sal\u00e3o de Ideias, Caf\u00e9 Filos\u00f3fico, Confer\u00eancia, Arena Cultural, Mesas de Debate, Ci\u00eancias, Responsabilidade Social, Gastronomia, Jornalismo, Cinema, Literatura Infantil e Autores Locais. As atividades gratuitas que acontecer\u00e3o em locais hist\u00f3ricos da cidade como Pra\u00e7a XV de Novembro, Theatro Pedro II, Est\u00fadios Kaiser, Parque Maur\u00edlio Biagi e Teatro Marista.<\/p>\n<p>Entre os autores que participar\u00e3o das atividades est\u00e3o: Ariano Suassuna, Thalita Rebou\u00e7as, I\u00e7ami Tiba, Crist\u00f3v\u00e3o Tezza, Ives de La Taille, Eliane Cantanh\u00eade, Rosely Say\u00e3o, Ferreira Gullar, S\u00f4nia Bridi, Zuenir e Mauro Ventura, Palmirinha, Narciza Tamborindeguy, Leonardo Boff, Augusto Cury, Chico Alencar, Alice Ruiz, Cao Hamburger e muitos outros.<\/p>\n<p>J\u00e1 entre os shows confirmados est\u00e3o: Seu Jorge, Grupo Solo Brasileiro, Zizi Possi,Thais Gulin, Mallu Magalh\u00e3es, Gal Costa, Jair Rodrigues, Skank, Moraes Moreira acompanhado do filho Davi Moraes, Turma da M\u00f4nica e Pequeno Cidad\u00e3o.<\/p>\n<p>Acompanhe a 12\u00aa Feira Nacional do Livro de Ribeir\u00e3o Preto pelo do site e pelas redes sociais:<\/p>\n<p>www.feiradolivroribeirao.com.br<br \/>\nfacebook.com\/feiradolivroribeiraopreto e pelo twitter: @feiradolivrorib<\/p>\n<p>Servi\u00e7o<br \/>\n12\u00aa Feira Nacional do Livro<br \/>\nData: de 24 de maio a 3 de junho<br \/>\nLocais: Pra\u00e7a XV, Theatro Pedro II, Est\u00fadios Kaiser e Parque Maur\u00edlio Biagi e Teatro<br \/>\nMarista<br \/>\nEntrada: gratuita<\/p>\n","protected":false},"excerpt":{"rendered":"<p>Evento lotou o sal\u00e3o nobre da Prefeitura de Ribeir\u00e3o Preto. Feira espera p\u00fablico superior a 550 mil pessoas que prestigiar\u00e3o mais de 600 atividades gratuitas em 11 dias de evento Na manh\u00e3 desta sexta-feira (4) ocorreu lan\u00e7amento da revista da programa\u00e7\u00e3o da 12\u00aa Feira Nacional do Livro de Ribeir\u00e3o Preto, evento que deve reunir, no per\u00edodo de 24 de maio a 3 de junho, cerca 550 mil pessoas e 190 escritores. Participaram autoridades ligadas a Funda\u00e7\u00e3o Feira do Livro de [&hellip;]<\/p>\n","protected":false},"author":1,"featured_media":0,"comment_status":"open","ping_status":"open","sticky":false,"template":"","format":"standard","meta":{"jetpack_post_was_ever_published":false,"_jetpack_newsletter_access":"","_jetpack_dont_email_post_to_subs":false,"_jetpack_newsletter_tier_id":0,"_jetpack_memberships_contains_paywalled_content":false,"_jetpack_memberships_contains_paid_content":false,"footnotes":"","jetpack_publicize_message":"","jetpack_publicize_feature_enabled":true,"jetpack_social_post_already_shared":true,"jetpack_social_options":{"image_generator_settings":{"template":"highway","enabled":false},"version":2}},"categories":[1],"tags":[],"class_list":["post-1416","post","type-post","status-publish","format-standard","hentry","category-noticias"],"jetpack_publicize_connections":[],"jetpack_sharing_enabled":true,"jetpack_featured_media_url":"","jetpack_shortlink":"https:\/\/wp.me\/p1Lzat-mQ","jetpack-related-posts":[],"_links":{"self":[{"href":"https:\/\/www.clickrp.com.br\/portal\/wp-json\/wp\/v2\/posts\/1416","targetHints":{"allow":["GET"]}}],"collection":[{"href":"https:\/\/www.clickrp.com.br\/portal\/wp-json\/wp\/v2\/posts"}],"about":[{"href":"https:\/\/www.clickrp.com.br\/portal\/wp-json\/wp\/v2\/types\/post"}],"author":[{"embeddable":true,"href":"https:\/\/www.clickrp.com.br\/portal\/wp-json\/wp\/v2\/users\/1"}],"replies":[{"embeddable":true,"href":"https:\/\/www.clickrp.com.br\/portal\/wp-json\/wp\/v2\/comments?post=1416"}],"version-history":[{"count":2,"href":"https:\/\/www.clickrp.com.br\/portal\/wp-json\/wp\/v2\/posts\/1416\/revisions"}],"predecessor-version":[{"id":6595,"href":"https:\/\/www.clickrp.com.br\/portal\/wp-json\/wp\/v2\/posts\/1416\/revisions\/6595"}],"wp:attachment":[{"href":"https:\/\/www.clickrp.com.br\/portal\/wp-json\/wp\/v2\/media?parent=1416"}],"wp:term":[{"taxonomy":"category","embeddable":true,"href":"https:\/\/www.clickrp.com.br\/portal\/wp-json\/wp\/v2\/categories?post=1416"},{"taxonomy":"post_tag","embeddable":true,"href":"https:\/\/www.clickrp.com.br\/portal\/wp-json\/wp\/v2\/tags?post=1416"}],"curies":[{"name":"wp","href":"https:\/\/api.w.org\/{rel}","templated":true}]}}