{"id":1360,"date":"2012-04-23T17:45:28","date_gmt":"2012-04-23T20:45:28","guid":{"rendered":"http:\/\/www.clickrp.com.br\/portal\/?p=1360"},"modified":"2015-09-28T05:29:29","modified_gmt":"2015-09-28T08:29:29","slug":"cavalgada-beneficente-marca-abertura-oficial-da-8a-edicao-do-ribeirao-rodeo-music","status":"publish","type":"post","link":"https:\/\/www.clickrp.com.br\/portal\/2012\/04\/cavalgada-beneficente-marca-abertura-oficial-da-8a-edicao-do-ribeirao-rodeo-music\/","title":{"rendered":"CAVALGADA BENEFICENTE MARCA ABERTURA OFICIAL DA 8\u00aa EDI\u00c7\u00c3O DO RIBEIR\u00c3O RODEO MUSIC"},"content":{"rendered":"<p><img data-recalc-dims=\"1\" loading=\"lazy\" decoding=\"async\" data-attachment-id=\"1361\" data-permalink=\"https:\/\/www.clickrp.com.br\/portal\/2012\/04\/cavalgada-beneficente-marca-abertura-oficial-da-8a-edicao-do-ribeirao-rodeo-music\/img_7277_medium\/\" data-orig-file=\"https:\/\/i0.wp.com\/www.clickrp.com.br\/portal\/wp-content\/uploads\/2012\/04\/img_7277_medium.jpg?fit=800%2C533&amp;ssl=1\" data-orig-size=\"800,533\" data-comments-opened=\"1\" data-image-meta=\"{&quot;aperture&quot;:&quot;18&quot;,&quot;credit&quot;:&quot;&quot;,&quot;camera&quot;:&quot;Canon EOS REBEL T3i&quot;,&quot;caption&quot;:&quot;&quot;,&quot;created_timestamp&quot;:&quot;946684873&quot;,&quot;copyright&quot;:&quot;&quot;,&quot;focal_length&quot;:&quot;70&quot;,&quot;iso&quot;:&quot;800&quot;,&quot;shutter_speed&quot;:&quot;0.008&quot;,&quot;title&quot;:&quot;&quot;}\" data-image-title=\"img_7277_medium\" data-image-description=\"\" data-image-caption=\"\" data-medium-file=\"https:\/\/i0.wp.com\/www.clickrp.com.br\/portal\/wp-content\/uploads\/2012\/04\/img_7277_medium.jpg?fit=300%2C199&amp;ssl=1\" data-large-file=\"https:\/\/i0.wp.com\/www.clickrp.com.br\/portal\/wp-content\/uploads\/2012\/04\/img_7277_medium.jpg?fit=800%2C533&amp;ssl=1\" class=\"alignleft size-medium wp-image-1361\" title=\"img_7277_medium\" src=\"https:\/\/i0.wp.com\/www.clickrp.com.br\/portal\/wp-content\/uploads\/2012\/04\/img_7277_medium-300x199.jpg?resize=300%2C199\" alt=\"\" width=\"300\" height=\"199\" srcset=\"https:\/\/i0.wp.com\/www.clickrp.com.br\/portal\/wp-content\/uploads\/2012\/04\/img_7277_medium.jpg?resize=300%2C200&amp;ssl=1 300w, https:\/\/i0.wp.com\/www.clickrp.com.br\/portal\/wp-content\/uploads\/2012\/04\/img_7277_medium.jpg?w=800&amp;ssl=1 800w\" sizes=\"auto, (max-width: 300px) 100vw, 300px\" \/>No \u00faltimo domingo, dia 22 de abril, algumas das principais vias de Ribeir\u00e3o Preto foram tomadas por cavaleiros de toda a regi\u00e3o que participaram da Cavalgada do Ribeir\u00e3o Rodeo Music. O passeio marcou a abertura oficial da 8\u00aa edi\u00e7\u00e3o do RRM que acontece de 26 a 30 de abril no Parque Permanente de Exposi\u00e7\u00f5es da cidade.<\/p>\n<p>Neste ano, a Cavalgada Beneficente foi em prol da AMA (Associa\u00e7\u00e3o dos Amigos do Autista) de Ribeir\u00e3o Preto e reuniu cerca de 900 participantes, incluindo carros de bois, carro\u00e7as, charretes e um trio el\u00e9trico animando todo o trajeto com muita m\u00fasica sertaneja, cuja ades\u00e3o propiciou \u00e0 entidade uma arrecada\u00e7\u00e3o de R$ 9.840 mil.<\/p>\n<p>Os participantes do passeio sa\u00edram da rotat\u00f3ria da Avenida Jo\u00e3o Fi\u00fasa com a Avenida Caramuru e foram at\u00e9 o Parque Permanente de Exposi\u00e7\u00f5es, no local os cavaleiros foram recepcionados com almo\u00e7o e muita m\u00fasica sertaneja. \u201cA Cavalgada 2012 foi um sucesso total batendo o recorde de participantes, e foi emocionante a popula\u00e7\u00e3o saudando os cavaleiros em todo o trajeto mostrando a tradi\u00e7\u00e3o da cultura sertaneja\u201d, conta Matheus Calil, um dos organizadores do RRM.<\/p>\n<p>PROGRAMA\u00c7\u00c3O DO RRM<\/p>\n<p>Mais uma vez, a programa\u00e7\u00e3o do Ribeir\u00e3o Rodeo Music priorizou a m\u00fasica sertaneja e os maiores nomes deste cen\u00e1rio estar\u00e3o no evento: Gusttavo Lima e Henrique &amp; Diego (dia 26), Bruno &amp; Marrone e George Henrique &amp; Rodrigo (dia 27), Jorge &amp; Mateus (dia 28), Chit\u00e3ozinho &amp; Xoror\u00f3 (dia 29) e Jo\u00e3o Carreiro &amp; Capataz e Humberto &amp; Ronaldo (dia 30).<\/p>\n<p>Al\u00e9m disso, o evento receber\u00e1 provas de montarias em touro v\u00e1lidas pelo Brahma Super Bull PBR e provas cronometradas \u2013 Team Penning e Tr\u00eas Tambores. Esta \u00faltima ser\u00e1 v\u00e1lida pelo Campeonato Super Horse 3 Tambores.<\/p>\n<p>Mais informa\u00e7\u00f5es: www.ribeiraorodeomusic.com.br<\/p>\n","protected":false},"excerpt":{"rendered":"<p>No \u00faltimo domingo, dia 22 de abril, algumas das principais vias de Ribeir\u00e3o Preto foram tomadas por cavaleiros de toda a regi\u00e3o que participaram da Cavalgada do Ribeir\u00e3o Rodeo Music. O passeio marcou a abertura oficial da 8\u00aa edi\u00e7\u00e3o do RRM que acontece de 26 a 30 de abril no Parque Permanente de Exposi\u00e7\u00f5es da cidade. Neste ano, a Cavalgada Beneficente foi em prol da AMA (Associa\u00e7\u00e3o dos Amigos do Autista) de Ribeir\u00e3o Preto e reuniu cerca de 900 participantes, [&hellip;]<\/p>\n","protected":false},"author":1,"featured_media":0,"comment_status":"open","ping_status":"open","sticky":false,"template":"","format":"standard","meta":{"jetpack_post_was_ever_published":false,"_jetpack_newsletter_access":"","_jetpack_dont_email_post_to_subs":false,"_jetpack_newsletter_tier_id":0,"_jetpack_memberships_contains_paywalled_content":false,"_jetpack_memberships_contains_paid_content":false,"footnotes":"","jetpack_publicize_message":"","jetpack_publicize_feature_enabled":true,"jetpack_social_post_already_shared":true,"jetpack_social_options":{"image_generator_settings":{"template":"highway","enabled":false},"version":2}},"categories":[1],"tags":[],"class_list":["post-1360","post","type-post","status-publish","format-standard","hentry","category-noticias"],"jetpack_publicize_connections":[],"jetpack_sharing_enabled":true,"jetpack_featured_media_url":"","jetpack_shortlink":"https:\/\/wp.me\/p1Lzat-lW","jetpack-related-posts":[],"_links":{"self":[{"href":"https:\/\/www.clickrp.com.br\/portal\/wp-json\/wp\/v2\/posts\/1360","targetHints":{"allow":["GET"]}}],"collection":[{"href":"https:\/\/www.clickrp.com.br\/portal\/wp-json\/wp\/v2\/posts"}],"about":[{"href":"https:\/\/www.clickrp.com.br\/portal\/wp-json\/wp\/v2\/types\/post"}],"author":[{"embeddable":true,"href":"https:\/\/www.clickrp.com.br\/portal\/wp-json\/wp\/v2\/users\/1"}],"replies":[{"embeddable":true,"href":"https:\/\/www.clickrp.com.br\/portal\/wp-json\/wp\/v2\/comments?post=1360"}],"version-history":[{"count":2,"href":"https:\/\/www.clickrp.com.br\/portal\/wp-json\/wp\/v2\/posts\/1360\/revisions"}],"predecessor-version":[{"id":6610,"href":"https:\/\/www.clickrp.com.br\/portal\/wp-json\/wp\/v2\/posts\/1360\/revisions\/6610"}],"wp:attachment":[{"href":"https:\/\/www.clickrp.com.br\/portal\/wp-json\/wp\/v2\/media?parent=1360"}],"wp:term":[{"taxonomy":"category","embeddable":true,"href":"https:\/\/www.clickrp.com.br\/portal\/wp-json\/wp\/v2\/categories?post=1360"},{"taxonomy":"post_tag","embeddable":true,"href":"https:\/\/www.clickrp.com.br\/portal\/wp-json\/wp\/v2\/tags?post=1360"}],"curies":[{"name":"wp","href":"https:\/\/api.w.org\/{rel}","templated":true}]}}