{"id":1348,"date":"2012-04-20T17:00:39","date_gmt":"2012-04-20T20:00:39","guid":{"rendered":"http:\/\/www.clickrp.com.br\/portal\/?p=1348"},"modified":"2015-09-28T05:29:29","modified_gmt":"2015-09-28T08:29:29","slug":"12a-feira-nacional-do-livro-de-ribeirao-preto-tera-a-participacao-de-110-autores","status":"publish","type":"post","link":"https:\/\/www.clickrp.com.br\/portal\/2012\/04\/12a-feira-nacional-do-livro-de-ribeirao-preto-tera-a-participacao-de-110-autores\/","title":{"rendered":"12\u00aa FEIRA NACIONAL DO LIVRO DE RIBEIR\u00c3O PRETO TER\u00c1 A PARTICIPA\u00c7\u00c3O DE 110 AUTORES"},"content":{"rendered":"<p><img data-recalc-dims=\"1\" loading=\"lazy\" decoding=\"async\" data-attachment-id=\"1349\" data-permalink=\"https:\/\/www.clickrp.com.br\/portal\/2012\/04\/12a-feira-nacional-do-livro-de-ribeirao-preto-tera-a-participacao-de-110-autores\/thalita_rebouas_medium\/\" data-orig-file=\"https:\/\/i0.wp.com\/www.clickrp.com.br\/portal\/wp-content\/uploads\/2012\/04\/thalita_rebouas_medium.jpg?fit=400%2C600&amp;ssl=1\" data-orig-size=\"400,600\" data-comments-opened=\"1\" data-image-meta=\"{&quot;aperture&quot;:&quot;0&quot;,&quot;credit&quot;:&quot;&quot;,&quot;camera&quot;:&quot;&quot;,&quot;caption&quot;:&quot;&quot;,&quot;created_timestamp&quot;:&quot;0&quot;,&quot;copyright&quot;:&quot;&quot;,&quot;focal_length&quot;:&quot;0&quot;,&quot;iso&quot;:&quot;0&quot;,&quot;shutter_speed&quot;:&quot;0&quot;,&quot;title&quot;:&quot;&quot;}\" data-image-title=\"Escritora Thalita Rebou\u00e7as\" data-image-description=\"\" data-image-caption=\"\" data-medium-file=\"https:\/\/i0.wp.com\/www.clickrp.com.br\/portal\/wp-content\/uploads\/2012\/04\/thalita_rebouas_medium.jpg?fit=200%2C300&amp;ssl=1\" data-large-file=\"https:\/\/i0.wp.com\/www.clickrp.com.br\/portal\/wp-content\/uploads\/2012\/04\/thalita_rebouas_medium.jpg?fit=400%2C600&amp;ssl=1\" class=\"alignleft  wp-image-1349\" title=\"Escritora Thalita Rebou\u00e7as\" src=\"https:\/\/i0.wp.com\/www.clickrp.com.br\/portal\/wp-content\/uploads\/2012\/04\/thalita_rebouas_medium-200x300.jpg?resize=120%2C180\" alt=\"\" width=\"120\" height=\"180\" srcset=\"https:\/\/i0.wp.com\/www.clickrp.com.br\/portal\/wp-content\/uploads\/2012\/04\/thalita_rebouas_medium.jpg?resize=200%2C300&amp;ssl=1 200w, https:\/\/i0.wp.com\/www.clickrp.com.br\/portal\/wp-content\/uploads\/2012\/04\/thalita_rebouas_medium.jpg?w=400&amp;ssl=1 400w\" sizes=\"auto, (max-width: 120px) 100vw, 120px\" \/>Ariano Suassuna, Ferreira Gullar, Thalita Rebou\u00e7as, Alice Ruiz, Leonardo Boff, Jo\u00e3o Paulo Cuenca, Augusto Cury, Miguel Nicol\u00e9lis e muitos outros escritores est\u00e3o confirmados para a maior festa liter\u00e1ria do Brasil; Com expectativa de receber mais de 50 mil pessoas por dia, Feira acontecer\u00e1 de 24 de maio a 3 de Junho, com a presen\u00e7a de grandes escritores e mais de 600 atividades. Tudo com entrada gratuita<\/p>\n<p>Ribeir\u00e3o Preto (SP) se prepara para receber do dia 24 de maio a 3 de junho a 2\u00aa. maior feira a c\u00e9u aberto do mundo e se transforma na capital da cultura, com a realiza\u00e7\u00e3o da Feira Nacional do Livro. O evento deve receber mais de 110 escritores e pensadores nacionais e internacionais em atividades gratuitas para o p\u00fablico \u2013 infantil, juvenil e adulto.<\/p>\n<p><img data-recalc-dims=\"1\" loading=\"lazy\" decoding=\"async\" data-attachment-id=\"1351\" data-permalink=\"https:\/\/www.clickrp.com.br\/portal\/2012\/04\/12a-feira-nacional-do-livro-de-ribeirao-preto-tera-a-participacao-de-110-autores\/arianosuassuna_medium\/\" data-orig-file=\"https:\/\/i0.wp.com\/www.clickrp.com.br\/portal\/wp-content\/uploads\/2012\/04\/arianosuassuna_medium.jpg?fit=800%2C537&amp;ssl=1\" data-orig-size=\"800,537\" data-comments-opened=\"1\" data-image-meta=\"{&quot;aperture&quot;:&quot;0&quot;,&quot;credit&quot;:&quot;&quot;,&quot;camera&quot;:&quot;&quot;,&quot;caption&quot;:&quot;&quot;,&quot;created_timestamp&quot;:&quot;0&quot;,&quot;copyright&quot;:&quot;&quot;,&quot;focal_length&quot;:&quot;0&quot;,&quot;iso&quot;:&quot;0&quot;,&quot;shutter_speed&quot;:&quot;0&quot;,&quot;title&quot;:&quot;&quot;}\" data-image-title=\"Escritor Ariano Suassuna\" data-image-description=\"\" data-image-caption=\"\" data-medium-file=\"https:\/\/i0.wp.com\/www.clickrp.com.br\/portal\/wp-content\/uploads\/2012\/04\/arianosuassuna_medium.jpg?fit=300%2C201&amp;ssl=1\" data-large-file=\"https:\/\/i0.wp.com\/www.clickrp.com.br\/portal\/wp-content\/uploads\/2012\/04\/arianosuassuna_medium.jpg?fit=800%2C537&amp;ssl=1\" class=\"alignleft  wp-image-1351\" title=\"Escritor Ariano Suassuna\" src=\"https:\/\/i0.wp.com\/www.clickrp.com.br\/portal\/wp-content\/uploads\/2012\/04\/arianosuassuna_medium-300x201.jpg?resize=180%2C121\" alt=\"\" width=\"180\" height=\"121\" srcset=\"https:\/\/i0.wp.com\/www.clickrp.com.br\/portal\/wp-content\/uploads\/2012\/04\/arianosuassuna_medium.jpg?resize=300%2C200&amp;ssl=1 300w, https:\/\/i0.wp.com\/www.clickrp.com.br\/portal\/wp-content\/uploads\/2012\/04\/arianosuassuna_medium.jpg?w=800&amp;ssl=1 800w\" sizes=\"auto, (max-width: 180px) 100vw, 180px\" \/>S\u00e3o esperadas mais de 550 mil pessoas durante a festa liter\u00e1ria. Os autores participar\u00e3o de atividades divididas na programa\u00e7\u00e3o em Sal\u00e3o de Id\u00e9ias, Caf\u00e9 Filos\u00f3fico, Confer\u00eancia, Arena Cultural, Mesas de Debate, Ci\u00eancias, Responsabilidade Social, Gastronomia, Jornalismo, Cinema, Literatura Infantil e Autores Locais.<\/p>\n<p>Autores Confirmados:<\/p>\n<p><img data-recalc-dims=\"1\" loading=\"lazy\" decoding=\"async\" data-attachment-id=\"1353\" data-permalink=\"https:\/\/www.clickrp.com.br\/portal\/2012\/04\/12a-feira-nacional-do-livro-de-ribeirao-preto-tera-a-participacao-de-110-autores\/alice_ruiz_\/\" data-orig-file=\"https:\/\/i0.wp.com\/www.clickrp.com.br\/portal\/wp-content\/uploads\/2012\/04\/alice_ruiz_.jpg?fit=500%2C437&amp;ssl=1\" data-orig-size=\"500,437\" data-comments-opened=\"1\" data-image-meta=\"{&quot;aperture&quot;:&quot;0&quot;,&quot;credit&quot;:&quot;&quot;,&quot;camera&quot;:&quot;&quot;,&quot;caption&quot;:&quot;&quot;,&quot;created_timestamp&quot;:&quot;0&quot;,&quot;copyright&quot;:&quot;&quot;,&quot;focal_length&quot;:&quot;0&quot;,&quot;iso&quot;:&quot;0&quot;,&quot;shutter_speed&quot;:&quot;0&quot;,&quot;title&quot;:&quot;&quot;}\" data-image-title=\"Escritora Alice Ruiz\" data-image-description=\"\" data-image-caption=\"\" data-medium-file=\"https:\/\/i0.wp.com\/www.clickrp.com.br\/portal\/wp-content\/uploads\/2012\/04\/alice_ruiz_.jpg?fit=300%2C262&amp;ssl=1\" data-large-file=\"https:\/\/i0.wp.com\/www.clickrp.com.br\/portal\/wp-content\/uploads\/2012\/04\/alice_ruiz_.jpg?fit=500%2C437&amp;ssl=1\" class=\"alignleft  wp-image-1353\" title=\"Escritora Alice Ruiz\" src=\"https:\/\/i0.wp.com\/www.clickrp.com.br\/portal\/wp-content\/uploads\/2012\/04\/alice_ruiz_-300x262.jpg?resize=180%2C157\" alt=\"\" width=\"180\" height=\"157\" srcset=\"https:\/\/i0.wp.com\/www.clickrp.com.br\/portal\/wp-content\/uploads\/2012\/04\/alice_ruiz_.jpg?resize=300%2C262&amp;ssl=1 300w, https:\/\/i0.wp.com\/www.clickrp.com.br\/portal\/wp-content\/uploads\/2012\/04\/alice_ruiz_.jpg?w=500&amp;ssl=1 500w\" sizes=\"auto, (max-width: 180px) 100vw, 180px\" \/>Entre os autores confirmados est\u00e3o: Thalita Rebou\u00e7as (foto em anexo), Ariano Suassuna (foto em anexo), Jo\u00e3o Paulo Cuenca, Guilherme Fi\u00faza, Caio Magri, Maria de Castro, Narciza Tamborindeguy, I\u00e7ami Tiba, Crist\u00f3v\u00e3o Tezza, Ives de La Taille, Steven Dubner, Deon\u00edsio da Silva, Cl\u00e1udia Matarazzo, Elvira Lima, M\u00e1rcio Libar, Ricardo Maranh\u00e3o, Samantha Aquim, Josimar Melo, Palmirinha, Hea Ven Delhaye, Claudete Troiano, Zuenir e Mauro Ventura, Rosana Zaidan, Padre Chico, Lau e Beto Baptista, Dr. Nelson Jacintho, S\u00f4nia Bridi, Eliane Cantanh\u00eade, Marcelo Canelas, Neide Duarte, Tatiana Nascimento, Leonardo Boff, Maria Carpi, Milton Hatoun, Lesley Pearce, Marco Augusto Gon\u00e7alves, Ana Kehl de Moraes, Brasil e Marcelo Salom\u00e3o, Saulo Ramos, Rosely Say\u00e3o, Nilton Bonder, Ivan Santana, Roberta Ferraz, Cao Hamb\u00farguer, Tizuka Yamasaki, Ferreira Gullar, Raquel Naveira, Alice Ruiz (foto em anexo), Celso Frateschi, N\u00e1dia Gotlib, Welington Braz, Maria Cec\u00edlia Minayo, Benedito Carlos Maciel, Eduardo Giannetti, Eucana\u00e3 Ferraz, Galeno Amorim e amigos, S\u00e9rgio Roxo, Augusto Cury (foto em anexo), Adriana Kortlandt, Roberto da Matta, Menalton Braff, Rute Casoy, Eliane Brum, Miguel Nicolelis, Carolina Munhoz, Raphael Draccon, Daniel Munduruku, Alexandre Azevedo, Helo\u00edsa Pietro, Chico Alencar e Noemi Jaffer.<\/p>\n<p><img data-recalc-dims=\"1\" loading=\"lazy\" decoding=\"async\" data-attachment-id=\"1355\" data-permalink=\"https:\/\/www.clickrp.com.br\/portal\/2012\/04\/12a-feira-nacional-do-livro-de-ribeirao-preto-tera-a-participacao-de-110-autores\/augusto_cury\/\" data-orig-file=\"https:\/\/i0.wp.com\/www.clickrp.com.br\/portal\/wp-content\/uploads\/2012\/04\/augusto_cury.jpg?fit=467%2C290&amp;ssl=1\" data-orig-size=\"467,290\" data-comments-opened=\"1\" data-image-meta=\"{&quot;aperture&quot;:&quot;0&quot;,&quot;credit&quot;:&quot;&quot;,&quot;camera&quot;:&quot;&quot;,&quot;caption&quot;:&quot;&quot;,&quot;created_timestamp&quot;:&quot;0&quot;,&quot;copyright&quot;:&quot;&quot;,&quot;focal_length&quot;:&quot;0&quot;,&quot;iso&quot;:&quot;0&quot;,&quot;shutter_speed&quot;:&quot;0&quot;,&quot;title&quot;:&quot;&quot;}\" data-image-title=\"Escritor Augusto Cury\" data-image-description=\"\" data-image-caption=\"\" data-medium-file=\"https:\/\/i0.wp.com\/www.clickrp.com.br\/portal\/wp-content\/uploads\/2012\/04\/augusto_cury.jpg?fit=300%2C186&amp;ssl=1\" data-large-file=\"https:\/\/i0.wp.com\/www.clickrp.com.br\/portal\/wp-content\/uploads\/2012\/04\/augusto_cury.jpg?fit=467%2C290&amp;ssl=1\" class=\"alignleft  wp-image-1355\" title=\"Escritor Augusto Cury\" src=\"https:\/\/i0.wp.com\/www.clickrp.com.br\/portal\/wp-content\/uploads\/2012\/04\/augusto_cury-300x186.jpg?resize=180%2C112\" alt=\"\" width=\"180\" height=\"112\" srcset=\"https:\/\/i0.wp.com\/www.clickrp.com.br\/portal\/wp-content\/uploads\/2012\/04\/augusto_cury.jpg?resize=300%2C186&amp;ssl=1 300w, https:\/\/i0.wp.com\/www.clickrp.com.br\/portal\/wp-content\/uploads\/2012\/04\/augusto_cury.jpg?w=467&amp;ssl=1 467w\" sizes=\"auto, (max-width: 180px) 100vw, 180px\" \/>MAIS DE 600 ATRA\u00c7\u00d5ES DIFERENTES MARCAM O EVENTO<\/p>\n<p>A Feira Nacional do Livro de Ribeir\u00e3o Preto \u00e9 uma das quatro mais importantes do Brasil e uma das maiores a c\u00e9u aberto do mundo. Os estandes e eventos estar\u00e3o distribu\u00eddos em locais hist\u00f3ricos da cidade como Pra\u00e7a XV de Novembro, Theatro Pedro II, Espa\u00e7o Kaiser, Parque Maur\u00edlio Biagi e Teatro Marista. No total, s\u00e3o mais de 600 atra\u00e7\u00f5es de diferentes \u00e1reas art\u00edsticas e culturais destinadas para todas as idades.<\/p>\n<p>Desde 2002, a Feira homenageia um pa\u00eds, um estado brasileiro e escritores.Em sua 12a edi\u00e7\u00e3o os homenageados s\u00e3o: Inglaterra, Esp\u00edrito Santo, o escritor Graciliano Ramos, a autora infanto-juvenil Thalita Rebou\u00e7as, o escritor Alexandre Azevedo &#8211; na categoria autor da terra &#8211; e Paulo Freire como autor na categoria educa\u00e7\u00e3o. O patrono \u00e9 o advogado Brasil Salom\u00e3o.<\/p>\n<p>Seguindo seu objetivo de difundir a cultura, os shows tamb\u00e9m s\u00e3o oportunidades de levar ao p\u00fablico entretenimento de qualidade. Entre os artistas j\u00e1 confirmados est\u00e3o: Seu Jorge, Grupo Solo Brasileiro, Zizi Possi, Thais Gulin, Mallu Magalh\u00e3es, Gal Costa, Jair Rodrigues, Skank, Moraes Moreira acompanhado do filho Davi Moraes, Turma da M\u00f4nica, Pequeno Cidad\u00e3o e o musical Beatles Num C\u00e9u de Diamantes.<\/p>\n<p>Acompanhe a 12\u00aa Feira Nacional do Livro de Ribeir\u00e3o Preto atrav\u00e9s do site e das redes sociais:<\/p>\n<p>www.feiradolivroribeirao.com.br<\/p>\n<p>facebook.com\/feiradolivroribeiraopreto e pelo twitter: @feiradolivrorib<\/p>\n<p>Servi\u00e7o<\/p>\n<p>12\u00aa Feira Nacional do Livro<br \/>\nData: de 24 de maio a 3 de junho<br \/>\nLocais: Pra\u00e7a XV, Theatro Pedro II, Espa\u00e7o Kaiser e Parque Maur\u00edlio Biagi e Teatro Marista<br \/>\nEntrada: gratuita<\/p>\n","protected":false},"excerpt":{"rendered":"<p>Ariano Suassuna, Ferreira Gullar, Thalita Rebou\u00e7as, Alice Ruiz, Leonardo Boff, Jo\u00e3o Paulo Cuenca, Augusto Cury, Miguel Nicol\u00e9lis e muitos outros escritores est\u00e3o confirmados para a maior festa liter\u00e1ria do Brasil; Com expectativa de receber mais de 50 mil pessoas por dia, Feira acontecer\u00e1 de 24 de maio a 3 de Junho, com a presen\u00e7a de grandes escritores e mais de 600 atividades. Tudo com entrada gratuita Ribeir\u00e3o Preto (SP) se prepara para receber do dia 24 de maio a 3 [&hellip;]<\/p>\n","protected":false},"author":1,"featured_media":0,"comment_status":"open","ping_status":"open","sticky":false,"template":"","format":"standard","meta":{"jetpack_post_was_ever_published":false,"_jetpack_newsletter_access":"","_jetpack_dont_email_post_to_subs":false,"_jetpack_newsletter_tier_id":0,"_jetpack_memberships_contains_paywalled_content":false,"_jetpack_memberships_contains_paid_content":false,"footnotes":"","jetpack_publicize_message":"","jetpack_publicize_feature_enabled":true,"jetpack_social_post_already_shared":true,"jetpack_social_options":{"image_generator_settings":{"template":"highway","enabled":false},"version":2}},"categories":[1],"tags":[],"class_list":["post-1348","post","type-post","status-publish","format-standard","hentry","category-noticias"],"jetpack_publicize_connections":[],"jetpack_sharing_enabled":true,"jetpack_featured_media_url":"","jetpack_shortlink":"https:\/\/wp.me\/p1Lzat-lK","jetpack-related-posts":[],"_links":{"self":[{"href":"https:\/\/www.clickrp.com.br\/portal\/wp-json\/wp\/v2\/posts\/1348","targetHints":{"allow":["GET"]}}],"collection":[{"href":"https:\/\/www.clickrp.com.br\/portal\/wp-json\/wp\/v2\/posts"}],"about":[{"href":"https:\/\/www.clickrp.com.br\/portal\/wp-json\/wp\/v2\/types\/post"}],"author":[{"embeddable":true,"href":"https:\/\/www.clickrp.com.br\/portal\/wp-json\/wp\/v2\/users\/1"}],"replies":[{"embeddable":true,"href":"https:\/\/www.clickrp.com.br\/portal\/wp-json\/wp\/v2\/comments?post=1348"}],"version-history":[{"count":5,"href":"https:\/\/www.clickrp.com.br\/portal\/wp-json\/wp\/v2\/posts\/1348\/revisions"}],"predecessor-version":[{"id":1357,"href":"https:\/\/www.clickrp.com.br\/portal\/wp-json\/wp\/v2\/posts\/1348\/revisions\/1357"}],"wp:attachment":[{"href":"https:\/\/www.clickrp.com.br\/portal\/wp-json\/wp\/v2\/media?parent=1348"}],"wp:term":[{"taxonomy":"category","embeddable":true,"href":"https:\/\/www.clickrp.com.br\/portal\/wp-json\/wp\/v2\/categories?post=1348"},{"taxonomy":"post_tag","embeddable":true,"href":"https:\/\/www.clickrp.com.br\/portal\/wp-json\/wp\/v2\/tags?post=1348"}],"curies":[{"name":"wp","href":"https:\/\/api.w.org\/{rel}","templated":true}]}}