{"id":1327,"date":"2012-04-18T16:30:31","date_gmt":"2012-04-18T19:30:31","guid":{"rendered":"http:\/\/www.clickrp.com.br\/portal\/?p=1327"},"modified":"2015-09-28T05:29:48","modified_gmt":"2015-09-28T08:29:48","slug":"larissa-baq-canta-lenine-no-palavra-cantada","status":"publish","type":"post","link":"https:\/\/www.clickrp.com.br\/portal\/2012\/04\/larissa-baq-canta-lenine-no-palavra-cantada\/","title":{"rendered":"LARISSA BAQ CANTA LENINE NO \u201cPALAVRA CANTADA\u201d"},"content":{"rendered":"<p><img data-recalc-dims=\"1\" loading=\"lazy\" decoding=\"async\" data-attachment-id=\"1328\" data-permalink=\"https:\/\/www.clickrp.com.br\/portal\/2012\/04\/larissa-baq-canta-lenine-no-palavra-cantada\/larissa_baq__palavra_cantada\/\" data-orig-file=\"https:\/\/i0.wp.com\/www.clickrp.com.br\/portal\/wp-content\/uploads\/2012\/04\/larissa_baq__palavra_cantada.jpg?fit=679%2C960&amp;ssl=1\" data-orig-size=\"679,960\" data-comments-opened=\"1\" data-image-meta=\"{&quot;aperture&quot;:&quot;0&quot;,&quot;credit&quot;:&quot;&quot;,&quot;camera&quot;:&quot;&quot;,&quot;caption&quot;:&quot;&quot;,&quot;created_timestamp&quot;:&quot;0&quot;,&quot;copyright&quot;:&quot;&quot;,&quot;focal_length&quot;:&quot;0&quot;,&quot;iso&quot;:&quot;0&quot;,&quot;shutter_speed&quot;:&quot;0&quot;,&quot;title&quot;:&quot;&quot;}\" data-image-title=\"larissa_baq__palavra_cantada\" data-image-description=\"\" data-image-caption=\"\" data-medium-file=\"https:\/\/i0.wp.com\/www.clickrp.com.br\/portal\/wp-content\/uploads\/2012\/04\/larissa_baq__palavra_cantada.jpg?fit=212%2C300&amp;ssl=1\" data-large-file=\"https:\/\/i0.wp.com\/www.clickrp.com.br\/portal\/wp-content\/uploads\/2012\/04\/larissa_baq__palavra_cantada.jpg?fit=566%2C800&amp;ssl=1\" class=\"alignleft size-medium wp-image-1328\" title=\"larissa_baq__palavra_cantada\" src=\"https:\/\/i0.wp.com\/www.clickrp.com.br\/portal\/wp-content\/uploads\/2012\/04\/larissa_baq__palavra_cantada-212x300.jpg?resize=212%2C300\" alt=\"\" width=\"212\" height=\"300\" srcset=\"https:\/\/i0.wp.com\/www.clickrp.com.br\/portal\/wp-content\/uploads\/2012\/04\/larissa_baq__palavra_cantada.jpg?resize=212%2C300&amp;ssl=1 212w, https:\/\/i0.wp.com\/www.clickrp.com.br\/portal\/wp-content\/uploads\/2012\/04\/larissa_baq__palavra_cantada.jpg?w=679&amp;ssl=1 679w\" sizes=\"auto, (max-width: 212px) 100vw, 212px\" \/>O show acontece nos Est\u00fadios Kaiser de Cinema, com entrada gratuita, a partir das 18h, no dia 22 de abril<\/p>\n<p>O Palavra Cantada \u00e9 um projeto \u201cEntre Feiras\u201d realizado pela Funda\u00e7\u00e3o Feira do Livro. O evento que acontece uma vez por m\u00eas, sempre convida um artista regional para apresentar um show com novas releituras de artistas consagrados. Neste domingo, dia 22 de abril, a partir das 18h, \u00e9 a vez da cantora e percussionista Larissa Baq que estar\u00e1 acompanhada dos m\u00fasicos T\u00e1cio Ferreira, Diego Randi e Marcos Sabino. O p\u00fablico ir\u00e1 curtir a interpreta\u00e7\u00e3o marcante da artista que vai apresentar arranjos de m\u00fasicas do cantor e compositor pernambucano Lenine. O evento ser\u00e1 nos Est\u00fadios Kaiser de Cinema com entrada e estacionamentos gratuitos.<\/p>\n<p>Larissa Baq, 23 anos, cantora, violonista, trompetista e percussionista por paix\u00e3o, \u00e9 natural de nossa regi\u00e3o, de Franca, e vem sendo apontada pelos grandes m\u00fasicos e produtores como um dos mais novos talentos art\u00edsticos do momento. Ela \u00e9 a convidada regional na Feira Nacional do Livro esse ano, ap\u00f3s anos de circuitos e shows divulgando a diversidade dos ritmos brasileiros entre turn\u00eas pelo Brasil e Europa.<\/p>\n<p>Projeto \u201cEntre Feiras\u201d<\/p>\n<p>Criado pela Funda\u00e7\u00e3o Feira do Livro de Ribeir\u00e3o Preto o projeto \u201cEntre Feiras\u201d tem a proposta de desenvolver ao longo do ano v\u00e1rias atividades culturais como sal\u00f5es de ideias, lan\u00e7amento de livros, palestras, Palavra Cantada, caf\u00e9 filos\u00f3fico, contadores de hist\u00f3ria, teatro infantil, almo\u00e7o com letras, cine baby, curso de filosofia, entre outros, para preparar e qualificar o p\u00fablico para apreciar o maior evento cultural da cidade. A 12\u00aa edi\u00e7\u00e3o da Feira Nacional do Livro de Ribeir\u00e3o Preto ser\u00e1 realizada de 24 de maio \u00e0 03 de junho de 2012.<\/p>\n<p>J\u00e1 se apresentaram no projeto \u201cEntre Feiras\u201d \u2013 Palavra Cantada &#8211; as cantoras Bia Mestrin\u00e9r e Eula Hallak, e as bandas Srta. Zirma, Segundo Sol e Cia Fantasma.<\/p>\n<p>12\u00aa Feira Nacional do Livro de Ribeir\u00e3o Preto<\/p>\n<p>Os homenageados da 12\u00aa Feira Nacional do Livro de Ribeir\u00e3o Preto ser\u00e3o: Inglaterra (pa\u00eds), Esp\u00edrito Santo (estado), Graciliano Ramos (escritor), autora infanto-juvenil Thalita Rebou\u00e7as, Alexandre Azevedo (autor da terra) e o autor educa\u00e7\u00e3o Paulo Freire.<\/p>\n<p>Assim como os anos anteriores, a escolha do patrono \u00e9 feita pela diretoria da Funda\u00e7\u00e3o Feira do Livro e o escolhido para a 12\u00aa Feira Nacional do Livro de Ribeir\u00e3o Preto \u00e9 o advogado Brasil Salom\u00e3o.<\/p>\n<p>Acompanhe a 12\u00aa Feira Nacional do Livro de Ribeir\u00e3o Preto atrav\u00e9s do site e das redes sociais:<\/p>\n<p>www.feiradolivroribeirao.com.br<\/p>\n<p>facebook.com\/feiradolivroribeiraopreto e pelo twitter: @feiradolivrorib<\/p>\n<p>SERVI\u00c7O<\/p>\n<p>Palavra Cantada, com Larissa Baq, \u00e0s 18h<br \/>\nData: 22 de abril, domingo<br \/>\nLocal: Est\u00fadios Kaiser de Cinema<br \/>\nIngresso: Gratuito<br \/>\nEstacionamento: Gratuito<\/p>\n","protected":false},"excerpt":{"rendered":"<p>O show acontece nos Est\u00fadios Kaiser de Cinema, com entrada gratuita, a partir das 18h, no dia 22 de abril O Palavra Cantada \u00e9 um projeto \u201cEntre Feiras\u201d realizado pela Funda\u00e7\u00e3o Feira do Livro. O evento que acontece uma vez por m\u00eas, sempre convida um artista regional para apresentar um show com novas releituras de artistas consagrados. Neste domingo, dia 22 de abril, a partir das 18h, \u00e9 a vez da cantora e percussionista Larissa Baq que estar\u00e1 acompanhada dos [&hellip;]<\/p>\n","protected":false},"author":1,"featured_media":0,"comment_status":"open","ping_status":"open","sticky":false,"template":"","format":"standard","meta":{"jetpack_post_was_ever_published":false,"_jetpack_newsletter_access":"","_jetpack_dont_email_post_to_subs":false,"_jetpack_newsletter_tier_id":0,"_jetpack_memberships_contains_paywalled_content":false,"_jetpack_memberships_contains_paid_content":false,"footnotes":"","jetpack_publicize_message":"","jetpack_publicize_feature_enabled":true,"jetpack_social_post_already_shared":true,"jetpack_social_options":{"image_generator_settings":{"template":"highway","enabled":false},"version":2}},"categories":[1],"tags":[],"class_list":["post-1327","post","type-post","status-publish","format-standard","hentry","category-noticias"],"jetpack_publicize_connections":[],"jetpack_sharing_enabled":true,"jetpack_featured_media_url":"","jetpack_shortlink":"https:\/\/wp.me\/p1Lzat-lp","jetpack-related-posts":[],"_links":{"self":[{"href":"https:\/\/www.clickrp.com.br\/portal\/wp-json\/wp\/v2\/posts\/1327","targetHints":{"allow":["GET"]}}],"collection":[{"href":"https:\/\/www.clickrp.com.br\/portal\/wp-json\/wp\/v2\/posts"}],"about":[{"href":"https:\/\/www.clickrp.com.br\/portal\/wp-json\/wp\/v2\/types\/post"}],"author":[{"embeddable":true,"href":"https:\/\/www.clickrp.com.br\/portal\/wp-json\/wp\/v2\/users\/1"}],"replies":[{"embeddable":true,"href":"https:\/\/www.clickrp.com.br\/portal\/wp-json\/wp\/v2\/comments?post=1327"}],"version-history":[{"count":1,"href":"https:\/\/www.clickrp.com.br\/portal\/wp-json\/wp\/v2\/posts\/1327\/revisions"}],"predecessor-version":[{"id":1329,"href":"https:\/\/www.clickrp.com.br\/portal\/wp-json\/wp\/v2\/posts\/1327\/revisions\/1329"}],"wp:attachment":[{"href":"https:\/\/www.clickrp.com.br\/portal\/wp-json\/wp\/v2\/media?parent=1327"}],"wp:term":[{"taxonomy":"category","embeddable":true,"href":"https:\/\/www.clickrp.com.br\/portal\/wp-json\/wp\/v2\/categories?post=1327"},{"taxonomy":"post_tag","embeddable":true,"href":"https:\/\/www.clickrp.com.br\/portal\/wp-json\/wp\/v2\/tags?post=1327"}],"curies":[{"name":"wp","href":"https:\/\/api.w.org\/{rel}","templated":true}]}}